{"id":82675,"date":"2025-12-22T08:25:18","date_gmt":"2025-12-22T08:25:18","guid":{"rendered":"https:\/\/www.europesays.com\/lv\/82675\/"},"modified":"2025-12-22T08:25:18","modified_gmt":"2025-12-22T08:25:18","slug":"maskava-uzspridzinats-svarigs-krievijas-generalis","status":"publish","type":"post","link":"https:\/\/www.europesays.com\/lv\/82675\/","title":{"rendered":"Maskav\u0101 uzspridzin\u0101ts svar\u012bgs Krievijas \u0123ener\u0101lis"},"content":{"rendered":"<p>Spr\u0101gstier\u012bce bijusi novietota zem automa\u0161\u012bnas &#8220;Kia Sorento&#8221; apak\u0161da\u013cas. T\u0101 eksplod\u0113ja, kad automobilis bija nobraucis da\u017eus metrus.<\/p>\n<p>56 gadus vecais Sarvarovs spr\u0101dzien\u0101 tika smagi ievainots. Vi\u0146\u0161 tika nog\u0101d\u0101ts slimn\u012bc\u0101, kur nomira.<\/p>\n<p>Krievijas Izmekl\u0113\u0161anas komitejas pazi\u0146ojum\u0101 nor\u0101d\u012bts, ka izmekl\u0113t\u0101ji str\u0101d\u0101 ar da\u017e\u0101d\u0101m notiku\u0161\u0101 versij\u0101m, un viena no t\u0101m ir versija, ka Sarvarova nogalin\u0101\u0161anu organiz\u0113ju\u0161i Ukrainas speci\u0101lie dienesti.<\/p>\n<p>Spr\u0101dziens saboj\u0101jis ar\u012b blakus eso\u0161\u0101s automa\u0161\u012bnas.<\/p>\n<p>Sarvarovs piedal\u012bjies kaujas oper\u0101cij\u0101s \u010ce\u010denij\u0101, k\u0101 ar\u012b dien\u0113jis Krievijas karasp\u0113ka kontingent\u0101 S\u012brij\u0101.<\/p>\n","protected":false},"excerpt":{"rendered":"Spr\u0101gstier\u012bce bijusi novietota zem automa\u0161\u012bnas &#8220;Kia Sorento&#8221; apak\u0161da\u013cas. T\u0101 eksplod\u0113ja, kad automobilis bija nobraucis da\u017eus metrus. 56 gadus&hellip;\n","protected":false},"author":2,"featured_media":82676,"comment_status":"","ping_status":"","sticky":false,"template":"","format":"standard","meta":{"footnotes":""},"categories":[14],"tags":[23,57,28,29,32,33,22,234,74,30,31,35,39,38,36,37,34,40,20,26,27,24,25,54,55,56,21,58],"class_list":{"0":"post-82675","1":"post","2":"type-post","3":"status-publish","4":"format-standard","5":"has-post-thumbnail","7":"category-zinas-no-arvalstim","8":"tag-aktualitates","9":"tag-arvalstim","10":"tag-breaking-news","11":"tag-breakingnews","12":"tag-featured-news","13":"tag-featurednews","14":"tag-headlines","15":"tag-krievija","16":"tag-krievijas-iebrukums-ukraina","17":"tag-latest-news","18":"tag-latestnews","19":"tag-latvia","20":"tag-latvian","21":"tag-latviesu","22":"tag-latviesu-valoda","23":"tag-latviesuvaloda","24":"tag-latvija","25":"tag-lv","26":"tag-news","27":"tag-popularakas-zinas","28":"tag-popularakaszinas","29":"tag-top-stories","30":"tag-topstories","31":"tag-world","32":"tag-world-news","33":"tag-worldnews","34":"tag-zinas","35":"tag-zinas-no-arvalstim"},"share_on_mastodon":{"url":"https:\/\/pubeurope.com\/@lv\/115762267671575741","error":""},"_links":{"self":[{"href":"https:\/\/www.europesays.com\/lv\/wp-json\/wp\/v2\/posts\/82675","targetHints":{"allow":["GET"]}}],"collection":[{"href":"https:\/\/www.europesays.com\/lv\/wp-json\/wp\/v2\/posts"}],"about":[{"href":"https:\/\/www.europesays.com\/lv\/wp-json\/wp\/v2\/types\/post"}],"author":[{"embeddable":true,"href":"https:\/\/www.europesays.com\/lv\/wp-json\/wp\/v2\/users\/2"}],"replies":[{"embeddable":true,"href":"https:\/\/www.europesays.com\/lv\/wp-json\/wp\/v2\/comments?post=82675"}],"version-history":[{"count":0,"href":"https:\/\/www.europesays.com\/lv\/wp-json\/wp\/v2\/posts\/82675\/revisions"}],"wp:featuredmedia":[{"embeddable":true,"href":"https:\/\/www.europesays.com\/lv\/wp-json\/wp\/v2\/media\/82676"}],"wp:attachment":[{"href":"https:\/\/www.europesays.com\/lv\/wp-json\/wp\/v2\/media?parent=82675"}],"wp:term":[{"taxonomy":"category","embeddable":true,"href":"https:\/\/www.europesays.com\/lv\/wp-json\/wp\/v2\/categories?post=82675"},{"taxonomy":"post_tag","embeddable":true,"href":"https:\/\/www.europesays.com\/lv\/wp-json\/wp\/v2\/tags?post=82675"}],"curies":[{"name":"wp","href":"https:\/\/api.w.org\/{rel}","templated":true}]}}