{"id":82685,"date":"2025-12-22T08:31:10","date_gmt":"2025-12-22T08:31:10","guid":{"rendered":"https:\/\/www.europesays.com\/lv\/82685\/"},"modified":"2025-12-22T08:31:10","modified_gmt":"2025-12-22T08:31:10","slug":"japana-plano-atkartoti-iedarbinat-pasaule-lielako-atomelektrostaciju-raksts","status":"publish","type":"post","link":"https:\/\/www.europesays.com\/lv\/82685\/","title":{"rendered":"Jap\u0101n\u0101 pl\u0101no atk\u0101rtoti iedarbin\u0101t pasaul\u0113 liel\u0101ko atomelektrostaciju \/ Raksts"},"content":{"rendered":"<p>\u0160odien Jap\u0101nas Nigatas prefekt\u016bra, visticam\u0101k, apstiprin\u0101s l\u0113mumu atk\u0101rtoti iedarbin\u0101t Ka\u0161ivazaki-Karivas atomelektrostacijas 6. reaktoru, kas atrodas aptuveni 220 kilometrus uz zieme\u013crietumiem no Tokijas. \u0160is reaktors bija starp 54, kurus sl\u0113dza p\u0113c 2011. gada zemestr\u012bces un cunami, kas paraliz\u0113ja Fuku\u0161imas Dai\u010di elektrostaciju, radot vissmag\u0101ko kodolkatastrofu kop\u0161 \u010cornobi\u013cas.<\/p>\n<p>Kop\u0161 t\u0101 laika Jap\u0101na atk\u0101rtoti iedarbin\u0101jusi 14 no 33 joproj\u0101m darb\u012bbas sp\u0113j\u012bgajiem reaktoriem, cen\u0161oties samazin\u0101t atkar\u012bbu no fosil\u0101 kurin\u0101m\u0101. Valsts ir piekt\u0101 liel\u0101k\u0101 oglek\u013ca dioks\u012bda\u00a0emisiju rad\u012bt\u0101ja pasaul\u0113, un gandr\u012bz 70% t\u0101s ener\u0123ijas vajadz\u012bbu 2023. gad\u0101 nodro\u0161in\u0101ja og\u013cu, g\u0101zes un naftas sadedzin\u0101\u0161anas iek\u0101rtas.<\/p>\n<p>Tokija pl\u0101no samazin\u0101t \u0161o proporciju l\u012bdz 30\u201340% n\u0101kamajos 15 gados.\u00a0Pirms 2011. gada aptuveni tre\u0161da\u013cu Jap\u0101nas elektr\u012bbas nodro\u0161in\u0101ja kodolener\u0123ija, bet p\u0101r\u0113jo veidoja fosilais kurin\u0101mais.<\/p>\n<p>Ka\u0161ivazaki-Kariva\u00a0ir pasaul\u0113 liel\u0101k\u0101\u00a0atomelektrostacija,\u00a0ar septi\u0146iem reaktoriem un kop\u0113jo jaudu vair\u0101k nek\u0101 8 gigavati. Pa\u0161reiz pl\u0101ns paredz ats\u0101kt viena reaktora darb\u012bbu.<\/p>\n<p>Viet\u0113jie iedz\u012bvot\u0101ji gan izr\u0101da piesardz\u012bbu. Prefekt\u016bras oktobr\u012b public\u0113t\u0101 aptauja atkl\u0101ja, ka 60% iedz\u012bvot\u0101ju neuzskata, ka ir izpild\u012bti nosac\u012bjumi stacijas atk\u0101rtotai palai\u0161anai.<\/p>\n<p>&#8220;Elektroener\u0123ijas tr\u016bkuma d\u0113\u013c, jo m\u0101ksl\u012bgajam intelektam nepiecie\u0161ama arvien vair\u0101k ener\u0123ijas, var b\u016bt nepiecie\u0161ama reaktora iedarbin\u0101\u0161ana. Ceru, ka operators piln\u012bb\u0101 risin\u0101s dro\u0161\u012bbas jaut\u0101jumus,&#8221; atzina k\u0101ds viet\u0113jais iedz\u012bvot\u0101js.<\/p>\n<p>Cita viet\u0113j\u0101 iedz\u012bvot\u0101ja piebilda: &#8220;\u0145emot v\u0113r\u0101 Fuku\u0161imas av\u0101riju, atk\u0101rtota darb\u012bba rada ba\u017eas. Gubernators Hanazumi l\u0113mumu dr\u012bkst pie\u0146emt tikai p\u0113c tam, kad b\u016bs uzklaus\u012bjis viet\u0113jo viedokli.&#8221;<\/p>\n<p>Nigatas prefekt\u016bras gubernators Hidejo Hanazumi, kur\u0161 iepriek\u0161 atbalst\u012bja reaktora atk\u0101rtotu iedarbin\u0101\u0161anu, uzsv\u0113ra, ka pirms at\u013caujas nepiecie\u0161ama valsts vald\u012bbas stingru saist\u012bbu sa\u0146em\u0161ana par dro\u0161\u012bbas un citiem jaut\u0101jumiem. Viet\u0113j\u0101 asambleja apstiprin\u0101jumu pl\u0101no p\u0101rskat\u012bt v\u0113l decembr\u012b.<\/p>\n<p>Ja process norit\u0113s bez kav\u0113\u0161an\u0101s, Ka\u0161ivazaki-Karivas 6. reaktors var\u0113tu ats\u0101kt darbu 2026. gada mart\u0101, un t\u0101 b\u016bs pirm\u0101 tik noz\u012bm\u012bga kodolener\u0123ijas ra\u017eo\u0161anas ats\u0101k\u0161ana\u00a0Jap\u0101n\u0101 kop\u0161 Fuku\u0161imas tra\u0123\u0113dijas.<\/p>\n<p>                    Valodas k\u013c\u016bda rakst\u0101?<\/p>\n<p class=\"d-none d-md-block\">Iez\u012bm\u0113jiet tekstu un spiediet Ctrl+Enter, lai nos\u016bt\u012btu labojamo teksta fragmentu redaktoram! Par faktu k\u013c\u016bd\u0101m l\u016bdzam zi\u0146ot e-past\u0101 <a href=\"https:\/\/www.lsm.lv\/cdn-cgi\/l\/email-protection\" class=\"__cf_email__\" data-cfemail=\"addfc8c9ccc6cec4c7ccedc1dec083c1db\" rel=\"nofollow noopener\" target=\"_blank\">[email\u00a0protected]<\/a>.<\/p>\n<p class=\"d-md-none\">Iez\u012bm\u0113jiet tekstu un spiediet uz Zi\u0146ot par k\u013c\u016bdu pogas, lai nos\u016bt\u012btu labojamo teksta fragmentu redaktoram!<\/p>\n<p>\n                    Zi\u0146ot par k\u013c\u016bdu\n                <\/p>\n","protected":false},"excerpt":{"rendered":"\u0160odien Jap\u0101nas Nigatas prefekt\u016bra, visticam\u0101k, apstiprin\u0101s l\u0113mumu atk\u0101rtoti iedarbin\u0101t Ka\u0161ivazaki-Karivas atomelektrostacijas 6. reaktoru, kas atrodas aptuveni 220 kilometrus&hellip;\n","protected":false},"author":2,"featured_media":82686,"comment_status":"","ping_status":"","sticky":false,"template":"","format":"standard","meta":{"footnotes":""},"categories":[14],"tags":[23,57,28,29,32,33,22,30,31,35,39,38,36,37,34,40,20,26,27,24,25,54,55,56,21,58],"class_list":{"0":"post-82685","1":"post","2":"type-post","3":"status-publish","4":"format-standard","5":"has-post-thumbnail","7":"category-zinas-no-arvalstim","8":"tag-aktualitates","9":"tag-arvalstim","10":"tag-breaking-news","11":"tag-breakingnews","12":"tag-featured-news","13":"tag-featurednews","14":"tag-headlines","15":"tag-latest-news","16":"tag-latestnews","17":"tag-latvia","18":"tag-latvian","19":"tag-latviesu","20":"tag-latviesu-valoda","21":"tag-latviesuvaloda","22":"tag-latvija","23":"tag-lv","24":"tag-news","25":"tag-popularakas-zinas","26":"tag-popularakaszinas","27":"tag-top-stories","28":"tag-topstories","29":"tag-world","30":"tag-world-news","31":"tag-worldnews","32":"tag-zinas","33":"tag-zinas-no-arvalstim"},"share_on_mastodon":{"url":"https:\/\/pubeurope.com\/@lv\/115762291198981295","error":""},"_links":{"self":[{"href":"https:\/\/www.europesays.com\/lv\/wp-json\/wp\/v2\/posts\/82685","targetHints":{"allow":["GET"]}}],"collection":[{"href":"https:\/\/www.europesays.com\/lv\/wp-json\/wp\/v2\/posts"}],"about":[{"href":"https:\/\/www.europesays.com\/lv\/wp-json\/wp\/v2\/types\/post"}],"author":[{"embeddable":true,"href":"https:\/\/www.europesays.com\/lv\/wp-json\/wp\/v2\/users\/2"}],"replies":[{"embeddable":true,"href":"https:\/\/www.europesays.com\/lv\/wp-json\/wp\/v2\/comments?post=82685"}],"version-history":[{"count":0,"href":"https:\/\/www.europesays.com\/lv\/wp-json\/wp\/v2\/posts\/82685\/revisions"}],"wp:featuredmedia":[{"embeddable":true,"href":"https:\/\/www.europesays.com\/lv\/wp-json\/wp\/v2\/media\/82686"}],"wp:attachment":[{"href":"https:\/\/www.europesays.com\/lv\/wp-json\/wp\/v2\/media?parent=82685"}],"wp:term":[{"taxonomy":"category","embeddable":true,"href":"https:\/\/www.europesays.com\/lv\/wp-json\/wp\/v2\/categories?post=82685"},{"taxonomy":"post_tag","embeddable":true,"href":"https:\/\/www.europesays.com\/lv\/wp-json\/wp\/v2\/tags?post=82685"}],"curies":[{"name":"wp","href":"https:\/\/api.w.org\/{rel}","templated":true}]}}