{"id":82711,"date":"2025-12-22T08:50:27","date_gmt":"2025-12-22T08:50:27","guid":{"rendered":"https:\/\/www.europesays.com\/lv\/82711\/"},"modified":"2025-12-22T08:50:27","modified_gmt":"2025-12-22T08:50:27","slug":"rezisors-alvis-hermanis-izstajas-no-biedribas-bez-partijam-pauzot-vilsanos-sabiedribas-atbalsta-trukuma-lente-lv","status":"publish","type":"post","link":"https:\/\/www.europesays.com\/lv\/82711\/","title":{"rendered":"Re\u017eisors Alvis Hermanis izst\u0101jas no biedr\u012bbas &#8220;Bez partij\u0101m&#8221;, pau\u017eot vil\u0161anos sabiedr\u012bbas atbalsta tr\u016bkum\u0101\u00a0\u2014\u00a0Lente.lv"},"content":{"rendered":"<p>Hermanis pau\u017e vil\u0161anos un aptur v\u0113l\u0113\u0161anu sist\u0113mas mai\u0146as virz\u012bbu<\/p>\n<p>Re\u017eisors Alvis Hermanis ir pazi\u0146ojis, ka vairs nevirz\u012bs ideju par v\u0113l\u0113\u0161anu sist\u0113mas mai\u0146u Latvij\u0101, ko akt\u012bvi dar\u012bja biedr\u012bbas &#8220;Bez partij\u0101m&#8221; ietvaros. Vi\u0146a l\u0113mumu motiv\u0113jis pla\u0161as sabiedr\u012bbas atbalsta tr\u016bkums \u0161ai ambiciozajai iniciat\u012bvai. K\u0101 inform\u0113 Latvijas Sabiedriskie Mediji, Hermanis soci\u0101lajos t\u012bklos paudis \u012bpa\u0161u kritiku par sabiedr\u012bbas pasivit\u0101ti, nosl\u0113dzot savu v\u0113st\u012bjumu ar skarbiem v\u0101rdiem: &#8220;\u0160ai sabiedr\u012bbai es vairs neticu. T\u0101 ir bezcer\u012bga.&#8221;<\/p>\n<p>Re\u017eisors nor\u0101d\u012bjis, ka vi\u0146am bija nepiecie\u0161ams sabiedr\u012bbas atbalsts, lai realiz\u0113tu biedr\u012bbas m\u0113r\u0137us, kas paredz\u0113ja p\u0101reju uz sist\u0113mu, kur\u0101 deput\u0101tu korpusa sast\u0101vs b\u016btu atkar\u012bgs no person\u012bb\u0101m, nevis partiju sarakstiem. \u0160\u012b v\u012bzijas \u012bsteno\u0161ana pras\u012bja pla\u0161u atbalstu, ko Hermanis nav sagaid\u012bjis. Lai gan priv\u0101ti daudzi izteiku\u0161i atbalstu idejai, publisk\u0101 solidarit\u0101te vai akt\u012bva l\u012bdzdal\u012bba tom\u0113r nav bijusi pietiekama, lai uztur\u0113tu iecer\u0113to kursu.<\/p>\n<p>Kritisks viedoklis par atbalsta formu un iek\u0161\u0113jiem procesiem<\/p>\n<p>Alvis Hermanis skaidrojis, ka liela da\u013ca atbalst\u012bt\u0101ju atbalstu paudu\u0161i tikai priv\u0101ti. Vi\u0146apr\u0101t, iz\u0161\u0137iro\u0161u lomu sp\u0113l\u0113ja tie\u0161i publiska atbalsta neesam\u012bba no sabiedr\u012bbas, it \u012bpa\u0161i no ietekm\u012bgiem p\u0101rst\u0101vjiem. Bez \u0161\u0101 publisk\u0101 atbalsta Hermanim, k\u0101 vi\u0146\u0161 pau\u017e, pietr\u016bka aizmugures, lai sp\u0113tu pretoties citiem sp\u0113kiem, kas centu\u0161ies ietekm\u0113t organiz\u0101cijas kodolu.<\/p>\n<blockquote><p>&#8220;Man diem\u017e\u0113l pietr\u016bka aizmugures un atbalsta no sabiedr\u012bbas, lai tam pretotos,&#8221; atz\u012bst Hermanis, piebilstot, ka daudzie atbalst\u012bt\u0101ji no tautas \u0161aj\u0101 situ\u0101cij\u0101 maz var\u0113ju\u0161i pal\u012bdz\u0113t.<\/p><\/blockquote>\n<p>Papildus vil\u0161an\u0101s par \u0101r\u0113jo atbalstu, re\u017eisors ar\u012b nor\u0101d\u012bjis uz iek\u0161\u0113jiem konfliktiem. Vi\u0146\u0161 paudis, ka pie biedr\u012bbas kodola esot s\u0101kts &#8220;lipin\u0101t kl\u0101t&#8221; cilv\u0113kus no &#8220;pret\u0113j\u0101s nometnes&#8221;, kuri simboliz\u0113ju\u0161i tie\u0161i to &#8220;sist\u0113mu&#8221;, pret kuru organiz\u0101cija s\u0101kotn\u0113ji protest\u0113ja. \u0160\u012b dinamika, kop\u0101 ar sabiedr\u012bbas netie\u0161o nost\u0101ju, noveda pie l\u0113muma atk\u0101pties no idejas tie\u0161as virz\u012b\u0161anas.<\/p>\n<p>Biedr\u012bbas &#8220;Bez partij\u0101m&#8221; s\u0101kotn\u0113jie m\u0113r\u0137i un aizie\u0161anas konteksts<\/p>\n<p>Biedr\u012bba &#8220;Bez partij\u0101m&#8221; tika dibin\u0101ta ar m\u0113r\u0137i apvienot domubiedrus, lai izstr\u0101d\u0101tu valsts att\u012bst\u012bbas pl\u0101nu, prim\u0101ri tiecoties pan\u0101kt izmai\u0146as v\u0113l\u0113\u0161anu k\u0101rt\u012bb\u0101. Ideja bija veidot taisnvien\u012bg\u0101ku un caursp\u012bd\u012bg\u0101ku politisko sist\u0113mu, kur\u0101 v\u0113l\u0113t\u0101js balsotu par konkr\u0113tiem politi\u0137iem, nevis partiju sarakstiem. \u0160\u012b v\u012bzija b\u016bt\u012bb\u0101 aicin\u0101ja likvid\u0113t &#8220;partiju karteli&#8221; un p\u0101riet uz &#8220;br\u012bvu person\u012bbu&#8221; p\u0101rvaldi. J\u0101piemin, ka \u0161\u0101da p\u0101rvaldes mode\u013ca ilgtermi\u0146a prakse demokr\u0101tisk\u0101s iek\u0101rt\u0101s nav pla\u0161i izplat\u012bta.<\/p>\n<p>J\u0101atg\u0101dina, ka \u012bsi p\u0113c biedr\u012bbas dibin\u0101\u0161anas, kura notika 11. novembr\u012b, no t\u0101s jau bija izst\u0101jies viens no dibin\u0101t\u0101jiem, J\u0101zeps Ba\u0161ko, atsaucot savus iepriek\u0161\u0113jos aicin\u0101jumus citiem iesaist\u012bties. Lai gan Ba\u0161ko turpin\u0101ja atbalst\u012bt p\u0101rnesam\u0101s balss v\u0113l\u0113\u0161anu sist\u0113mas ideju, vi\u0146a ce\u013cu \u0161\u0137ir\u0161an\u0101s no domubiedriem bija saist\u012bta ar at\u0161\u0137ir\u012bgiem uzskatiem un pieejas veidiem.<\/p>\n<p>N\u0101kotnes perspekt\u012bvas un iesp\u0113jam\u0101 taktikas mai\u0146a<\/p>\n<p>Alvja Herma\u0146a aizie\u0161ana iez\u012bm\u0113 noz\u012bm\u012bgu pav\u0113rsienu kust\u012bb\u0101, kas m\u0113\u0123in\u0101ja main\u012bt Latvijas politisko ainavu. Lai gan vi\u0146\u0161 pats ir nol\u0113mis atk\u0101pties no idejas tie\u0161as virz\u012b\u0161anas, ir nor\u0101des, ka kust\u012bba &#8220;Bez partij\u0101m&#8221; var\u0113tu main\u012bt savu taktiku, koncentr\u0113joties uz v\u0113l\u0113\u0161anu k\u0101rt\u012bbas mai\u0146as populariz\u0113\u0161anu tie\u0161i re\u0123ionos, jeb, k\u0101 da\u017ei avoti min, veidojot kust\u012bbu &#8220;no apak\u0161as&#8221;.<\/p>\n<p>Da\u017ei politiskie koment\u0113t\u0101ji uzsv\u0113ru\u0161i, ka Herma\u0146a izteikumi, kas bie\u017ei public\u0113ti soci\u0101lajos medijos, ir uztverami vair\u0101k k\u0101 rado\u0161s \u017eests vai m\u0101kslinieka refleksija, nevis detaliz\u0113ts politisks pied\u0101v\u0101jums. Tom\u0113r vi\u0146a kritika nor\u0101da uz pla\u0161\u0101ku probl\u0113mu \u2013 sabiedr\u012bbas iesaistes zemo l\u012bmeni un, iesp\u0113jams, il\u016bziju par atbalsta apjomu, ko rada soci\u0101lo t\u012bklu &#8220;burbu\u013ci&#8221;. Herma\u0146a aizie\u0161ana no tie\u0161\u0101s politisk\u0101s aktivit\u0101tes \u0161aj\u0101 jom\u0101 atst\u0101j jaut\u0101jumu par to, vai ideja par v\u0113l\u0113\u0161anu sist\u0113mas mai\u0146u zaud\u0113s savu impulsu vai tiks realiz\u0113ta cit\u0101, maz\u0101k centraliz\u0113t\u0101 form\u0101.<\/p>\n","protected":false},"excerpt":{"rendered":"Hermanis pau\u017e vil\u0161anos un aptur v\u0113l\u0113\u0161anu sist\u0113mas mai\u0146as virz\u012bbu Re\u017eisors Alvis Hermanis ir pazi\u0146ojis, ka vairs nevirz\u012bs ideju&hellip;\n","protected":false},"author":2,"featured_media":82712,"comment_status":"","ping_status":"","sticky":false,"template":"","format":"standard","meta":{"footnotes":""},"categories":[12],"tags":[23,5992,8663,28,29,32,33,22,30,31,35,39,38,36,37,34,535,40,20,26,27,20911,24,25,8664,21],"class_list":{"0":"post-82711","1":"post","2":"type-post","3":"status-publish","4":"format-standard","5":"has-post-thumbnail","7":"category-latvija","8":"tag-aktualitates","9":"tag-alvis-hermanis","10":"tag-bez-partijam","11":"tag-breaking-news","12":"tag-breakingnews","13":"tag-featured-news","14":"tag-featurednews","15":"tag-headlines","16":"tag-latest-news","17":"tag-latestnews","18":"tag-latvia","19":"tag-latvian","20":"tag-latviesu","21":"tag-latviesu-valoda","22":"tag-latviesuvaloda","23":"tag-latvija","24":"tag-latvijas-politika","25":"tag-lv","26":"tag-news","27":"tag-popularakas-zinas","28":"tag-popularakaszinas","29":"tag-sabiedribas-atbalsts","30":"tag-top-stories","31":"tag-topstories","32":"tag-velesanu-sistemas-maina","33":"tag-zinas"},"share_on_mastodon":{"url":"https:\/\/pubeurope.com\/@lv\/115762365993881746","error":""},"_links":{"self":[{"href":"https:\/\/www.europesays.com\/lv\/wp-json\/wp\/v2\/posts\/82711","targetHints":{"allow":["GET"]}}],"collection":[{"href":"https:\/\/www.europesays.com\/lv\/wp-json\/wp\/v2\/posts"}],"about":[{"href":"https:\/\/www.europesays.com\/lv\/wp-json\/wp\/v2\/types\/post"}],"author":[{"embeddable":true,"href":"https:\/\/www.europesays.com\/lv\/wp-json\/wp\/v2\/users\/2"}],"replies":[{"embeddable":true,"href":"https:\/\/www.europesays.com\/lv\/wp-json\/wp\/v2\/comments?post=82711"}],"version-history":[{"count":0,"href":"https:\/\/www.europesays.com\/lv\/wp-json\/wp\/v2\/posts\/82711\/revisions"}],"wp:featuredmedia":[{"embeddable":true,"href":"https:\/\/www.europesays.com\/lv\/wp-json\/wp\/v2\/media\/82712"}],"wp:attachment":[{"href":"https:\/\/www.europesays.com\/lv\/wp-json\/wp\/v2\/media?parent=82711"}],"wp:term":[{"taxonomy":"category","embeddable":true,"href":"https:\/\/www.europesays.com\/lv\/wp-json\/wp\/v2\/categories?post=82711"},{"taxonomy":"post_tag","embeddable":true,"href":"https:\/\/www.europesays.com\/lv\/wp-json\/wp\/v2\/tags?post=82711"}],"curies":[{"name":"wp","href":"https:\/\/api.w.org\/{rel}","templated":true}]}}