{"id":82717,"date":"2025-12-22T08:53:24","date_gmt":"2025-12-22T08:53:24","guid":{"rendered":"https:\/\/www.europesays.com\/lv\/82717\/"},"modified":"2025-12-22T08:53:24","modified_gmt":"2025-12-22T08:53:24","slug":"volejbola-legenda-andris-vitauts-klavins-sanem-tris-zvaigznu-balvu-par-muza-ieguldijumu-latvijas-sporta-lente-lv","status":"publish","type":"post","link":"https:\/\/www.europesays.com\/lv\/82717\/","title":{"rendered":"Volejbola le\u0123enda Andris Vitauts K\u013cavi\u0146\u0161 sa\u0146em \u201cTr\u012bs Zvaig\u017e\u0146u balvu\u201d par m\u016b\u017ea ieguld\u012bjumu Latvijas sport\u0101\u00a0\u2014\u00a0Lente.lv"},"content":{"rendered":"<p>\u017d\u016brijas vienbals\u012bgs l\u0113mums: M\u016b\u017ea ieguld\u012bjums volejbolam<\/p>\n<p>Latvijas sporta gada noz\u012bm\u012bg\u0101kais notikums tuvojas \u2013 \u201cTr\u012bs Zvaig\u017e\u0146u balvas 2025\u201d \u017e\u016brija ir pie\u0146\u0113musi l\u0113mumu par godpiln\u0101k\u0101s balvas \u2013 \u201cM\u016b\u017ea ieguld\u012bjums sport\u0101\u201d \u2013 pie\u0161\u0137ir\u0161anu. \u0160oreiz \u0161o augsto atzin\u012bbu sa\u0146ems izcilais volejbola treneris, pedagogs un sporta sabiedriskais darbinieks Andris Vitauts K\u013cavi\u0146\u0161. L\u0113mums tika pie\u0146emts vienbals\u012bgi, nov\u0113rt\u0113jot trenera ieguld\u012bjumu, kas aptver vair\u0101k nek\u0101 se\u0161as desmitgades ilgu darbu un ir atst\u0101jis b\u016btisku un palieko\u0161u ietekmi uz Latvijas volejbola att\u012bst\u012bbu, \u012bpa\u0161i sievie\u0161u un jaunatnes l\u012bmen\u012b. <\/p>\n<p>\u017d\u016brijas p\u0101rst\u0101vji K\u013cavi\u0146a kungu inform\u0113ju\u0161i par \u0161o atzin\u012bbu, kas apliecina vi\u0146a neatsveramo devumu ne tikai treni\u0146u proces\u0101, bet ar\u012b pedago\u0123ij\u0101 un Latvijas sporta v\u0113stures dokument\u0113\u0161an\u0101.<\/p>\n<p>Se\u0161as desmitgades velt\u012btas t\u012bkla sp\u0113lei<\/p>\n<p>Andris Vitauts K\u013cavi\u0146\u0161, kur\u0161 ir dzimis 1938. gada maij\u0101, savas trenera gaitas s\u0101ka jau 20. gadsimta 60. gados. Vi\u0146\u0161 \u0101tri k\u013cuva par vienu no centr\u0101laj\u0101m fig\u016br\u0101m, kas veidoja m\u016bsdienu Latvijas sievie\u0161u volejbola sist\u0113mu, ieliekot pamatus metodiski pamatotai un m\u0113r\u0137tiec\u012bgai treni\u0146u metodikai. <\/p>\n<p>Noz\u012bm\u012bgs pagrieziena punkts K\u013cavi\u0146a karjer\u0101 bija darbs ar R\u012bgas komandu \u201cAurora\u201d. K\u0101 \u0161\u012bs meistarkomandas galvenais treneris, vi\u0146\u0161 aizveda komandu l\u012bdz iev\u0113rojamiem pan\u0101kumiem viet\u0113j\u0101 ar\u0113n\u0101. \u201cAurora\u201d vi\u0146a vad\u012bb\u0101 tr\u012bs reizes p\u0113c k\u0101rtas \u2013 1971., 1972. un 1973. gad\u0101 \u2013 izc\u012bn\u012bja Latvijas PSR \u010dempionu titulu. <\/p>\n<p>\u0160is pan\u0101kumu s\u0113rija bija tik sp\u0113c\u012bga, ka turpm\u0101k\u0101 start\u0113\u0161ana Latvijas PSR \u010dempion\u0101tos tika p\u0101rtraukta. Komandas meistar\u012bba tika apliecin\u0101ta ar\u012b pla\u0161\u0101k\u0101 m\u0113rog\u0101 \u2013 start\u0113jot PSRS \u010dempion\u0101tos no 1974. gada, augst\u0101kais sasniegums tika sasniegts 1978. gad\u0101, kad tika izc\u012bn\u012bta 5. vieta. Gadu v\u0113l\u0101k, start\u0113jot PSRS Tautu VII spartaki\u0101d\u0113, tika atk\u0101rtota 5. vieta, kur fin\u0101lturn\u012br\u0101 bija j\u0101saskaras pat ar t\u0101 gada Pasaules \u010dempion\u0113m \u2013 Kubas izlasi. <\/p>\n<p>Starptautiskais pienesums un pedago\u0123iskais mantojums<\/p>\n<p>K\u013cavi\u0146a profesion\u0101l\u0101 pieredze nav aprobe\u017eojusies tikai ar Latvijas robe\u017e\u0101m. Vi\u0146a zin\u0101\u0161anas un metodisk\u0101 pieeja tika nov\u0113rt\u0113tas ar\u012b starptautiski. No 1979. l\u012bdz 1984. gadam vi\u0146\u0161 str\u0101d\u0101ja k\u0101 galvenais treneris Igaunijas sievie\u0161u volejbola izlas\u0113, bet laika posm\u0101 no 1984. l\u012bdz 1985. gadam sniedza savu ieguld\u012bjumu, tren\u0113jot Mali nacion\u0101lo izlasi \u0100frik\u0101. No 1986. l\u012bdz 1991. gadam vi\u0146\u0161 bija apstiprin\u0101ts ar\u012b par PSRS izlases treneri Latvij\u0101. <\/p>\n<p>Ne maz\u0101k svar\u012bgs ir K\u013cavi\u0146a devums pedago\u0123ij\u0101 un jaun\u0101s paaudzes audzin\u0101\u0161an\u0101. Daudzos gados vi\u0146\u0161 vad\u012bjis treni\u0146u grupas R\u012bgas volejbola skol\u0101s, nodro\u0161inot profesion\u0101l\u0101s pieredzes t\u0101l\u0101ku nodo\u0161anu. Vair\u0101kas vi\u0146a audz\u0113knes v\u0113l\u0101k pa\u0161as k\u013cuva par trener\u0113m, t\u0101d\u0113j\u0101di nodro\u0161inot metodisk\u0101 mantojuma p\u0101rmantojam\u012bbu. <\/p>\n<p>Turkl\u0101t Andris Vitauts K\u013cavi\u0146\u0161 ir ar\u012b volejbola v\u0113stures glab\u0101t\u0101js. Vi\u0146\u0161 ir viens no l\u012bdzautoriem gr\u0101matai \u201cVolejbols Latvij\u0101. No sakn\u0113m l\u012bdz m\u016bsdien\u0101m\u201d, kas tiek uzskat\u012bta par b\u016btisku avotu \u0161aj\u0101 jom\u0101. <\/p>\n<p>Akt\u012bvs darbs ar\u012b cien\u012bjam\u0101 vecum\u0101<\/p>\n<p>Neskatoties uz trenera cien\u012bjamo vecumu (\u0161obr\u012bd vi\u0146am ir 87 gadi, jo dzimis 1938. gad\u0101), vi\u0146\u0161 joproj\u0101m uztur augstu profesion\u0101lo aktivit\u0101ti. Kop\u0161 2005. gada vi\u0146\u0161 turpina darbu R\u012bgas Volejbola skol\u0101 (RVS). \u0160obr\u012bd K\u013cavi\u0146a kungs ikdien\u0101 str\u0101d\u0101 ar RVS U-19 meite\u0146u komand\u0101m, gatavojot sportistes, kuras veiksm\u012bgi turpina karjeru Latvijas \u010dempion\u0101t\u0101 un jaunie\u0161u izlas\u0113s. RVS vi\u0146u uzskata par paraugu jaunajiem speci\u0101listiem. <\/p>\n<p>Iepriek\u0161\u0113j\u0101s atzin\u012bbas un ceremonijas gaidas<\/p>\n<p>\u0160\u012b \u201cTr\u012bs Zvaig\u017e\u0146u balva\u201d nav pirm\u0101 noz\u012bm\u012bg\u0101 atzin\u012bba K\u013cavi\u0146a kungam. Jau 2018. gad\u0101 vi\u0146am tika pie\u0161\u0137irts Triju Zvaig\u017e\u0146u orde\u0146a V \u0161\u0137ira par izcilu ieguld\u012bjumu sport\u0101. T\u0101pat 2023. gad\u0101 vi\u0146\u0161 sa\u0146\u0113ma ar\u012b nozares augst\u0101ko apbalvojumu \u2013 Volejbola gada balvu nomin\u0101cij\u0101 \u201cM\u016b\u017ea ieguld\u012bjums\u201d. Vi\u0146am 1990. gad\u0101 pie\u0161\u0137irts ar\u012b LPSR nopelniem bag\u0101t\u0101 trenera tituls. <\/p>\n<p>\u201cTr\u012bs Zvaig\u017e\u0146u balvas 2025\u201d laure\u0101tus vis\u0101s nomin\u0101cij\u0101s, ieskaitot K\u013cavi\u0146a kunga m\u016b\u017ea ieguld\u012bjumu, godin\u0101s svin\u012bg\u0101 ceremonij\u0101, kas ir pl\u0101nota 2026. gada 7. janv\u0101r\u012b R\u012bgas cirk\u0101. Pas\u0101kums tiks transl\u0113ts TV3 kan\u0101l\u0101, pied\u0101v\u0101jot pla\u0161\u0101kai sabiedr\u012bbai iesp\u0113ju v\u0113rot Latvijas sporta izcilnieku godin\u0101\u0161anu. <\/p>\n","protected":false},"excerpt":{"rendered":"\u017d\u016brijas vienbals\u012bgs l\u0113mums: M\u016b\u017ea ieguld\u012bjums volejbolam Latvijas sporta gada noz\u012bm\u012bg\u0101kais notikums tuvojas \u2013 \u201cTr\u012bs Zvaig\u017e\u0146u balvas 2025\u201d \u017e\u016brija&hellip;\n","protected":false},"author":2,"featured_media":82718,"comment_status":"","ping_status":"","sticky":false,"template":"","format":"standard","meta":{"footnotes":""},"categories":[17],"tags":[20250,35,39,38,36,37,34,20916,40,20251,67,15574,1208],"class_list":{"0":"post-82717","1":"post","2":"type-post","3":"status-publish","4":"format-standard","5":"has-post-thumbnail","7":"category-sports","8":"tag-andris-vitauts-klavins","9":"tag-latvia","10":"tag-latvian","11":"tag-latviesu","12":"tag-latviesu-valoda","13":"tag-latviesuvaloda","14":"tag-latvija","15":"tag-latvijas-volejbola-treneris","16":"tag-lv","17":"tag-muza-ieguldijums-sporta","18":"tag-sports","19":"tag-tris-zvaigznu-balva","20":"tag-volejbols"},"share_on_mastodon":{"url":"https:\/\/pubeurope.com\/@lv\/115762377750359294","error":""},"_links":{"self":[{"href":"https:\/\/www.europesays.com\/lv\/wp-json\/wp\/v2\/posts\/82717","targetHints":{"allow":["GET"]}}],"collection":[{"href":"https:\/\/www.europesays.com\/lv\/wp-json\/wp\/v2\/posts"}],"about":[{"href":"https:\/\/www.europesays.com\/lv\/wp-json\/wp\/v2\/types\/post"}],"author":[{"embeddable":true,"href":"https:\/\/www.europesays.com\/lv\/wp-json\/wp\/v2\/users\/2"}],"replies":[{"embeddable":true,"href":"https:\/\/www.europesays.com\/lv\/wp-json\/wp\/v2\/comments?post=82717"}],"version-history":[{"count":0,"href":"https:\/\/www.europesays.com\/lv\/wp-json\/wp\/v2\/posts\/82717\/revisions"}],"wp:featuredmedia":[{"embeddable":true,"href":"https:\/\/www.europesays.com\/lv\/wp-json\/wp\/v2\/media\/82718"}],"wp:attachment":[{"href":"https:\/\/www.europesays.com\/lv\/wp-json\/wp\/v2\/media?parent=82717"}],"wp:term":[{"taxonomy":"category","embeddable":true,"href":"https:\/\/www.europesays.com\/lv\/wp-json\/wp\/v2\/categories?post=82717"},{"taxonomy":"post_tag","embeddable":true,"href":"https:\/\/www.europesays.com\/lv\/wp-json\/wp\/v2\/tags?post=82717"}],"curies":[{"name":"wp","href":"https:\/\/api.w.org\/{rel}","templated":true}]}}