{"id":82733,"date":"2025-12-22T09:07:11","date_gmt":"2025-12-22T09:07:11","guid":{"rendered":"https:\/\/www.europesays.com\/lv\/82733\/"},"modified":"2025-12-22T09:07:11","modified_gmt":"2025-12-22T09:07:11","slug":"maskava-likvidets-generalstaba-parvaldes-prieksnieks-apollo-lv","status":"publish","type":"post","link":"https:\/\/www.europesays.com\/lv\/82733\/","title":{"rendered":"Maskav\u0101 likvid\u0113ts \u0123ener\u0101l\u0161t\u0101ba p\u0101rvaldes priek\u0161nieks &#8211; Apollo.lv"},"content":{"rendered":"<ol>\n<li><a href=\"https:\/\/news.google.com\/rss\/articles\/CBMiigFBVV95cUxPRHpyODBTVW1HQ0Q0NWYyNTRCNFk5dmtfMVlWLVk1c3FVMFRzWkZtaXJFVzVhZ0pIWElDMmt1YmdpUFpGN2VwQWNNOFdET2llOG5uaEJ5MTEyaU1IRzRjMFg5TVVJUXREZUhobndrOGYzczlLc1QwQXZKaVJHOFdwT3dvVmtENjdLb1E?oc=5\" target=\"_blank\" rel=\"nofollow noopener\">Maskav\u0101 likvid\u0113ts \u0123ener\u0101l\u0161t\u0101ba p\u0101rvaldes priek\u0161nieks<\/a>&nbsp;&nbsp;Apollo.lv<\/li>\n<li><a href=\"https:\/\/news.google.com\/rss\/articles\/CBMi6wFBVV95cUxOdDc0eHVVZ2ZzNmFlMVNLb1JQSG1xVWxvNDNUS2h3bExQM2JkZGd3b3R4QTV0czc3bWZvdnV2S0FzaTRUSl9Vc01xR1VIamV0cWNXWEpsSTBkb3NtbFhqeHRfMFFHWGFhRHRkb1lYNnQ5V3RZQkNERVRfWDdNYTFUbGhwaWhyOWVIV1F3ZDdWOW1oTFhEVVFGcnNPN3NScFZqdUJZY2hQUWRtd2JUTnRGYlRkRGtzNllBMGt2TU5qb01mcTR1VUZUYzlfYkRILTlmcDdVa1djdjVuRHpjZVF1eUUzSjZGT0RFazln?oc=5\" target=\"_blank\" rel=\"nofollow noopener\">Maskav\u0101 uzspridzin\u0101ta \u0123ener\u0101l\u0161t\u0101ba p\u0101rvaldes priek\u0161nieka automa\u0161\u012bna; \u0123ener\u0101lleitnants g\u0101jis boj\u0101<\/a>&nbsp;&nbsp;LSM<\/li>\n<li><a href=\"https:\/\/news.google.com\/rss\/articles\/CBMitAFBVV95cUxOMlFxNS1FZm96elk4c3pEaEM3MW5FcFdfWFlZaXVJNjFPWnV3MTRMQWNaQnRhSzFzZGNUb3BZZFRROU0yeHVIWFJLNklab2pISlJPNDEzU3ZjQ19YVmlmWW4wZlYyVkRmTEpBZWFqUkQtMl9LcFRIcXhZa09rXzMwR3J4c1Z5TUJSWU1HMEY0N2N5TFFuanpCQmhpWEpQczh5TkJJMWFtTWdOZDFNbUNwWXZoanY?oc=5\" target=\"_blank\" rel=\"nofollow noopener\">VIDEO: Auto pabrauca vien da\u017eus metrus uz priek\u0161u&#8230; Maskav\u0101 &#8220;uzlaists gais\u0101&#8221; krievu \u0123ener\u0101lis<\/a>&nbsp;&nbsp;tv3.lv<\/li>\n<li><a href=\"https:\/\/news.google.com\/rss\/articles\/CBMi8AFBVV95cUxPd1JIMU41NndNbU1vOFFkRkpZQkpQekJSWTdYY01CWC1QRV9lZTBJSEVJZlFObFM5Y0FiRnJtak5ERlUxUGF4VkJlbEZWRWV1ejhFMlo1MVItNEE4bGdZYm82WXFudlNKNTRDMmVseUJFZnlWMDNDcWpjN1VsMFJJdFNYOUgzNlpPTXFfbllFRDhGQ2VoYmgzR1NxVTdJMWVmQVpEWThfMVpWZHRyajhVT0NMZTJyeURuWTY4OWxUbk5Xa2dVNkJXdWRCWGpnakF6c29SUkpKSjZRaVhLQkZ3dElmajZIcFFRZkF6VmxveDg?oc=5\" target=\"_blank\" rel=\"nofollow noopener\">Maskav\u0101 automa\u0161\u012bnas spridzin\u0101\u0161an\u0101 nogalin\u0101ts augsta ranga Krievijas \u0123ener\u0101lmajors; izmekl\u0113 Ukrainas iesp\u0113jamo saist\u012bbu<\/a>&nbsp;&nbsp;Lente.lv<\/li>\n<li><a href=\"https:\/\/news.google.com\/rss\/articles\/CBMihAFBVV95cUxQT3psc1JmTTdNRWtCNnNmMFd1REc4MU9mSHc3NXlXa2ZIR0hfYWttem44NlNnR09PMGE2UTlkWVhWQlhsYVNHcHA3Rjd6NkZxcEpqUWdSZzUtblhLeWZkRUlFNTNpTzcycVgwNlZ3QTdDVFJKNE82S1hkcjJXT0h6N00tNks?oc=5\" target=\"_blank\" rel=\"nofollow noopener\">VIDEO. M\u0101jas pagalm\u0101 Maskav\u0101 nogrand spr\u0101dziens un Krievij\u0101 ir par vienu \u0123ener\u0101li maz\u0101k<\/a>&nbsp;&nbsp;NRA<\/li>\n<\/ol>\n","protected":false},"excerpt":{"rendered":"Maskav\u0101 likvid\u0113ts \u0123ener\u0101l\u0161t\u0101ba p\u0101rvaldes priek\u0161nieks&nbsp;&nbsp;Apollo.lv Maskav\u0101 uzspridzin\u0101ta \u0123ener\u0101l\u0161t\u0101ba p\u0101rvaldes priek\u0161nieka automa\u0161\u012bna; \u0123ener\u0101lleitnants g\u0101jis boj\u0101&nbsp;&nbsp;LSM VIDEO: Auto pabrauca vien&hellip;\n","protected":false},"author":2,"featured_media":82734,"comment_status":"","ping_status":"","sticky":false,"template":"","format":"standard","meta":{"footnotes":""},"categories":[14],"tags":[23,57,28,29,32,33,22,234,74,30,31,35,39,38,36,37,34,40,20,26,27,24,25,54,55,56,21,58],"class_list":{"0":"post-82733","1":"post","2":"type-post","3":"status-publish","4":"format-standard","5":"has-post-thumbnail","7":"category-zinas-no-arvalstim","8":"tag-aktualitates","9":"tag-arvalstim","10":"tag-breaking-news","11":"tag-breakingnews","12":"tag-featured-news","13":"tag-featurednews","14":"tag-headlines","15":"tag-krievija","16":"tag-krievijas-iebrukums-ukraina","17":"tag-latest-news","18":"tag-latestnews","19":"tag-latvia","20":"tag-latvian","21":"tag-latviesu","22":"tag-latviesu-valoda","23":"tag-latviesuvaloda","24":"tag-latvija","25":"tag-lv","26":"tag-news","27":"tag-popularakas-zinas","28":"tag-popularakaszinas","29":"tag-top-stories","30":"tag-topstories","31":"tag-world","32":"tag-world-news","33":"tag-worldnews","34":"tag-zinas","35":"tag-zinas-no-arvalstim"},"share_on_mastodon":{"url":"https:\/\/pubeurope.com\/@lv\/115762432923234879","error":""},"_links":{"self":[{"href":"https:\/\/www.europesays.com\/lv\/wp-json\/wp\/v2\/posts\/82733","targetHints":{"allow":["GET"]}}],"collection":[{"href":"https:\/\/www.europesays.com\/lv\/wp-json\/wp\/v2\/posts"}],"about":[{"href":"https:\/\/www.europesays.com\/lv\/wp-json\/wp\/v2\/types\/post"}],"author":[{"embeddable":true,"href":"https:\/\/www.europesays.com\/lv\/wp-json\/wp\/v2\/users\/2"}],"replies":[{"embeddable":true,"href":"https:\/\/www.europesays.com\/lv\/wp-json\/wp\/v2\/comments?post=82733"}],"version-history":[{"count":0,"href":"https:\/\/www.europesays.com\/lv\/wp-json\/wp\/v2\/posts\/82733\/revisions"}],"wp:featuredmedia":[{"embeddable":true,"href":"https:\/\/www.europesays.com\/lv\/wp-json\/wp\/v2\/media\/82734"}],"wp:attachment":[{"href":"https:\/\/www.europesays.com\/lv\/wp-json\/wp\/v2\/media?parent=82733"}],"wp:term":[{"taxonomy":"category","embeddable":true,"href":"https:\/\/www.europesays.com\/lv\/wp-json\/wp\/v2\/categories?post=82733"},{"taxonomy":"post_tag","embeddable":true,"href":"https:\/\/www.europesays.com\/lv\/wp-json\/wp\/v2\/tags?post=82733"}],"curies":[{"name":"wp","href":"https:\/\/api.w.org\/{rel}","templated":true}]}}