{"id":82742,"date":"2025-12-22T09:15:13","date_gmt":"2025-12-22T09:15:13","guid":{"rendered":"https:\/\/www.europesays.com\/lv\/82742\/"},"modified":"2025-12-22T09:15:13","modified_gmt":"2025-12-22T09:15:13","slug":"vairak-neka-40-latvijas-iedzivotaju-sogad-pieaugusi-ienakumi","status":"publish","type":"post","link":"https:\/\/www.europesays.com\/lv\/82742\/","title":{"rendered":"Vair\u0101k nek\u0101 40% Latvijas iedz\u012bvot\u0101ju \u0161ogad pieaugu\u0161i ien\u0101kumi"},"content":{"rendered":"<p>Aptaujas dati liecina, ka tostarp 27% iedz\u012bvot\u0101ju ien\u0101kumu pieaugums ir l\u012bdz 10%, kam\u0113r 7% <a href=\"https:\/\/www.tvnet.lv\/term\/576305\/ienakumi\" class=\"topicLink\" target=\"_blank\" rel=\"nofollow noopener\">ien\u0101kumi<\/a> pieaugu\u0161i par 10-15%, bet v\u0113l 7% ien\u0101kumu k\u0101pums bijis virs 15%.<\/p>\n<p>Ien\u0101kumu pieaugums \u0161ogad visbie\u017e\u0101k sk\u0101ris gados jaun\u0101kos iedz\u012bvot\u0101jus jeb iedz\u012bvot\u0101jus vecum\u0101 no 18 l\u012bdz 29 gadiem, k\u0101 ar\u012b Vidzemes iedz\u012bvot\u0101jus, kam cie\u0161i seko R\u012bga.<\/p>\n<p>&#8220;Luminor Bank&#8221; to skaidro ar to, ka Vidzemes re\u0123ion\u0101 strauji att\u012bst\u0101s ekonomiskais kodols &#8211; Valmieras, Smiltenes un C\u0113su re\u0123ions. Savuk\u0101rt R\u012bgas re\u0123ion\u0101 aug pakalpojumu eksports, dodot tam pirmo vietu re\u0123ionu eksporta sacens\u012bb\u0101 p\u0113d\u0113jos divos gados &#8211; 2023. un 2024. gad\u0101.<\/p>\n<p>Bank\u0101 min, ka m\u0113rens pieaugums nov\u0113rojams galvenok\u0101rt mazaj\u0101s pils\u0113t\u0101s, savuk\u0101rt neliels ien\u0101kumu pieaugums visbie\u017e\u0101k nov\u0113rojams lauku teritorij\u0101s.<\/p>\n<p>Ien\u0101kumi visizteikt\u0101k \u0161ogad augu\u0161i m\u0101jsaimniec\u012bb\u0101s ar liel\u0101ku ien\u0101kumu l\u012bmeni &#8211; virs 1501 eiro, savuk\u0101rt neliels pieaugums visbie\u017e\u0101k nov\u0113rots m\u0101jsaimniec\u012bb\u0101s ar m\u0113ne\u0161a ien\u0101kumiem no 1001 l\u012bdz 1500 eiro.<\/p>\n<p>Aptauj\u0101 53% iedz\u012bvot\u0101ju nor\u0101d\u012bju\u0161i, ka \u0161\u0101 gada laik\u0101 vi\u0146u ien\u0101kumi paliku\u0161i nemain\u012bgi vai samazin\u0101ju\u0161ies. Tostarp 35% iedz\u012bvot\u0101ju ien\u0101kumu l\u012bmenis \u0161ogad saglab\u0101jies nemain\u012bgs, savuk\u0101rt 18% tas ir samazin\u0101jies. No tiem 8% nor\u0101d\u012bju\u0161i uz b\u016btisku kritumu &#8211; par vair\u0101k nek\u0101 15%. Ien\u0101kumi visbie\u017e\u0101k samazin\u0101ju\u0161ies iedz\u012bvot\u0101jiem vecum\u0101 no 30 l\u012bdz 39 gadiem, un \u0161\u012b tendence \u012bpa\u0161i rakstur\u012bga Latgales un Zemgales re\u0123ionu iedz\u012bvot\u0101jiem.<\/p>\n<p>&#8220;Luminor Bank&#8221; <a href=\"https:\/\/www.tvnet.lv\/term\/566982\/aptauja\" class=\"topicLink\" target=\"_blank\" rel=\"nofollow noopener\">aptauja<\/a> veikta 2025. gada novembr\u012b sadarb\u012bb\u0101 ar p\u0113t\u012bjumu a\u0123ent\u016bru &#8220;Norstat Latvija&#8221;, kopum\u0101 aptauj\u0101jot 1004 respondentus Latvij\u0101 vecum\u0101 no 18 l\u012bdz 74 gadiem.<\/p>\n","protected":false},"excerpt":{"rendered":"Aptaujas dati liecina, ka tostarp 27% iedz\u012bvot\u0101ju ien\u0101kumu pieaugums ir l\u012bdz 10%, kam\u0113r 7% ien\u0101kumi pieaugu\u0161i par 10-15%,&hellip;\n","protected":false},"author":2,"featured_media":82743,"comment_status":"","ping_status":"","sticky":false,"template":"","format":"standard","meta":{"footnotes":""},"categories":[5],"tags":[23,732,28,29,32,33,22,2447,20918,30,31,35,39,38,36,37,34,40,20,1311,26,27,24,25,21],"class_list":{"0":"post-82742","1":"post","2":"type-post","3":"status-publish","4":"format-standard","5":"has-post-thumbnail","7":"category-aktualitates","8":"tag-aktualitates","9":"tag-aptauja","10":"tag-breaking-news","11":"tag-breakingnews","12":"tag-featured-news","13":"tag-featurednews","14":"tag-headlines","15":"tag-iedzivotaji","16":"tag-ienakumi","17":"tag-latest-news","18":"tag-latestnews","19":"tag-latvia","20":"tag-latvian","21":"tag-latviesu","22":"tag-latviesu-valoda","23":"tag-latviesuvaloda","24":"tag-latvija","25":"tag-lv","26":"tag-news","27":"tag-petijumi-un-aptaujas","28":"tag-popularakas-zinas","29":"tag-popularakaszinas","30":"tag-top-stories","31":"tag-topstories","32":"tag-zinas"},"share_on_mastodon":{"url":"https:\/\/pubeurope.com\/@lv\/115762464453629142","error":""},"_links":{"self":[{"href":"https:\/\/www.europesays.com\/lv\/wp-json\/wp\/v2\/posts\/82742","targetHints":{"allow":["GET"]}}],"collection":[{"href":"https:\/\/www.europesays.com\/lv\/wp-json\/wp\/v2\/posts"}],"about":[{"href":"https:\/\/www.europesays.com\/lv\/wp-json\/wp\/v2\/types\/post"}],"author":[{"embeddable":true,"href":"https:\/\/www.europesays.com\/lv\/wp-json\/wp\/v2\/users\/2"}],"replies":[{"embeddable":true,"href":"https:\/\/www.europesays.com\/lv\/wp-json\/wp\/v2\/comments?post=82742"}],"version-history":[{"count":0,"href":"https:\/\/www.europesays.com\/lv\/wp-json\/wp\/v2\/posts\/82742\/revisions"}],"wp:featuredmedia":[{"embeddable":true,"href":"https:\/\/www.europesays.com\/lv\/wp-json\/wp\/v2\/media\/82743"}],"wp:attachment":[{"href":"https:\/\/www.europesays.com\/lv\/wp-json\/wp\/v2\/media?parent=82742"}],"wp:term":[{"taxonomy":"category","embeddable":true,"href":"https:\/\/www.europesays.com\/lv\/wp-json\/wp\/v2\/categories?post=82742"},{"taxonomy":"post_tag","embeddable":true,"href":"https:\/\/www.europesays.com\/lv\/wp-json\/wp\/v2\/tags?post=82742"}],"curies":[{"name":"wp","href":"https:\/\/api.w.org\/{rel}","templated":true}]}}