{"id":82754,"date":"2025-12-22T09:25:09","date_gmt":"2025-12-22T09:25:09","guid":{"rendered":"https:\/\/www.europesays.com\/lv\/82754\/"},"modified":"2025-12-22T09:25:09","modified_gmt":"2025-12-22T09:25:09","slug":"divi-policisti-saistiba-ar-satiras-video-autoram-piemeroto-sodu-sanem-aizradijumu","status":"publish","type":"post","link":"https:\/\/www.europesays.com\/lv\/82754\/","title":{"rendered":"Divi policisti saist\u012bb\u0101 ar sat\u012bras video autoram piem\u0113roto sodu sa\u0146em aizr\u0101d\u012bjumu"},"content":{"rendered":"<p>Dienesta p\u0101rbaude ir nosl\u0113gusies un t\u0101s laik\u0101 tika konstat\u0113ts, ka s\u0101kotn\u0113jais l\u0113mums par soda piem\u0113ro\u0161anu administrat\u012bv\u0101 p\u0101rk\u0101puma liet\u0101 ir pie\u0146emts p\u0101rsteidz\u012bgi, neiedzi\u013cinoties un nepietiekami analiz\u0113jot videomateri\u0101la saturu, izmantoto simbolu noz\u012bmi un kop\u0113jo kontekstu.<\/p>\n<p>Lai ar\u012b lieta form\u0101li izskat\u012bta procesu\u0101li pareizi, l\u0113muma pie\u0146em\u0161anas br\u012bd\u012b nav veikta pilnv\u0113rt\u012bga apst\u0101k\u013cu anal\u012bze, secin\u0101ts p\u0101rbaud\u0113.<\/p>\n<p>Dienesta p\u0101rbaudes rezult\u0101t\u0101, \u0146emot v\u0113r\u0101 to, ka p\u0101rk\u0101pums izdar\u012bts aiz neuzman\u012bbas un pie\u013caut\u0101 p\u0101rk\u0101puma sekas ir nov\u0113rstas, div\u0101m policijas amatperson\u0101m tika izteikts aizr\u0101d\u012bjums.<\/p>\n<p>K\u0101 v\u0113st\u012bts, \u0161ogad oktobr\u012b video autors Kristaps Bi\u010dkausks soci\u0101lajos medijos atkl\u0101ja, ka pirms gada ir publiskojis video, kur\u0101 ir sarkastiski aprakst\u012bjis Gulaga nometnes, t\u0101d\u0113j\u0101di rea\u0123\u0113jot uz Krievijas \u012bstenot\u0101s politikas atbalst\u012bt\u0101ju koment\u0101riem. Savuk\u0101rt \u0161ogad vi\u0146am piem\u0113rots sods par PSRS slavin\u0101\u0161anu, no bankas konta atskaitot 350 eiro.<\/p>\n<p>Rea\u0123\u0113jot uz soci\u0101lajos medijos izskan\u0113ju\u0161\u0101m zi\u0146\u0101m par piem\u0113roto sodu saist\u012bb\u0101 ar sat\u012bras video, izv\u0113rt\u0113jot par to pieejamo inform\u0101ciju un apst\u0101k\u013cus, VP jau iepriek\u0161 konstat\u0113ja, ka konkr\u0113tais l\u0113mums ir pie\u0146emts p\u0101rsteidz\u012bgi. <a href=\"https:\/\/www.tvnet.lv\/term\/565901\/policija\" class=\"topicLink\" target=\"_blank\" rel=\"nofollow noopener\">Policija<\/a> nor\u0101d\u012bja, ka lieta izskat\u012bta procesu\u0101li pareizi, bet neiedzi\u013cinoties apst\u0101k\u013cu kopum\u0101.<\/p>\n<p>VP atzina, ka sods ir piem\u0113rots nepamatoti un \u0161is l\u0113mums tika atcelts, k\u0101 ar\u012b tika atl\u012bdzin\u0101ti radu\u0161ies izdevumi. Savuk\u0101rt policijas priek\u0161nieks Armands Ruks bija uzdevis veikt dienesta p\u0101rbaudi.<\/p>\n<p>Policija gan aicin\u0101ja iedz\u012bvot\u0101jus p\u0101rliecin\u0101ties, ka vi\u0146u kontaktinform\u0101cija ir aktu\u0101la un pieejama, lai nepiecie\u0161am\u012bbas gad\u012bjum\u0101 iest\u0101des var\u0113tu sazin\u0101ties un noskaidrot radu\u0161os jaut\u0101jumus, k\u0101 tas var\u0113ja notikt \u0161aj\u0101 gad\u012bjum\u0101, kad persona tika inform\u0113ta, bet s\u016bt\u012bjumi uz nor\u0101d\u012bto deklar\u0113to dz\u012bvesvietas adresi personu nesasniedza.<\/p>\n","protected":false},"excerpt":{"rendered":"Dienesta p\u0101rbaude ir nosl\u0113gusies un t\u0101s laik\u0101 tika konstat\u0113ts, ka s\u0101kotn\u0113jais l\u0113mums par soda piem\u0113ro\u0161anu administrat\u012bv\u0101 p\u0101rk\u0101puma liet\u0101&hellip;\n","protected":false},"author":2,"featured_media":82755,"comment_status":"","ping_status":"","sticky":false,"template":"","format":"standard","meta":{"footnotes":""},"categories":[14],"tags":[23,57,28,29,32,33,22,30,31,35,39,38,36,37,34,40,20,163,26,27,24,25,138,54,55,56,21,58],"class_list":{"0":"post-82754","1":"post","2":"type-post","3":"status-publish","4":"format-standard","5":"has-post-thumbnail","7":"category-zinas-no-arvalstim","8":"tag-aktualitates","9":"tag-arvalstim","10":"tag-breaking-news","11":"tag-breakingnews","12":"tag-featured-news","13":"tag-featurednews","14":"tag-headlines","15":"tag-latest-news","16":"tag-latestnews","17":"tag-latvia","18":"tag-latvian","19":"tag-latviesu","20":"tag-latviesu-valoda","21":"tag-latviesuvaloda","22":"tag-latvija","23":"tag-lv","24":"tag-news","25":"tag-policija","26":"tag-popularakas-zinas","27":"tag-popularakaszinas","28":"tag-top-stories","29":"tag-topstories","30":"tag-valsts-policija","31":"tag-world","32":"tag-world-news","33":"tag-worldnews","34":"tag-zinas","35":"tag-zinas-no-arvalstim"},"share_on_mastodon":{"url":"https:\/\/pubeurope.com\/@lv\/115762504463372588","error":""},"_links":{"self":[{"href":"https:\/\/www.europesays.com\/lv\/wp-json\/wp\/v2\/posts\/82754","targetHints":{"allow":["GET"]}}],"collection":[{"href":"https:\/\/www.europesays.com\/lv\/wp-json\/wp\/v2\/posts"}],"about":[{"href":"https:\/\/www.europesays.com\/lv\/wp-json\/wp\/v2\/types\/post"}],"author":[{"embeddable":true,"href":"https:\/\/www.europesays.com\/lv\/wp-json\/wp\/v2\/users\/2"}],"replies":[{"embeddable":true,"href":"https:\/\/www.europesays.com\/lv\/wp-json\/wp\/v2\/comments?post=82754"}],"version-history":[{"count":0,"href":"https:\/\/www.europesays.com\/lv\/wp-json\/wp\/v2\/posts\/82754\/revisions"}],"wp:featuredmedia":[{"embeddable":true,"href":"https:\/\/www.europesays.com\/lv\/wp-json\/wp\/v2\/media\/82755"}],"wp:attachment":[{"href":"https:\/\/www.europesays.com\/lv\/wp-json\/wp\/v2\/media?parent=82754"}],"wp:term":[{"taxonomy":"category","embeddable":true,"href":"https:\/\/www.europesays.com\/lv\/wp-json\/wp\/v2\/categories?post=82754"},{"taxonomy":"post_tag","embeddable":true,"href":"https:\/\/www.europesays.com\/lv\/wp-json\/wp\/v2\/tags?post=82754"}],"curies":[{"name":"wp","href":"https:\/\/api.w.org\/{rel}","templated":true}]}}