{"id":82758,"date":"2025-12-22T09:27:18","date_gmt":"2025-12-22T09:27:18","guid":{"rendered":"https:\/\/www.europesays.com\/lv\/82758\/"},"modified":"2025-12-22T09:27:18","modified_gmt":"2025-12-22T09:27:18","slug":"intervija-teologs-juris-rubenis-lielas-garigas-tradicijas-mums-maca-ka-si-dzive-nav-gala-stacija-sejas-lv","status":"publish","type":"post","link":"https:\/\/www.europesays.com\/lv\/82758\/","title":{"rendered":"INTERVIJA Teologs Juris Rubenis: &quot;Liel\u0101s gar\u012bg\u0101s trad\u012bcijas mums m\u0101ca, ka \u0161\u012b dz\u012bve nav gala stacija&quot; &#8211; Sejas.lv"},"content":{"rendered":"<ol>\n<li><a href=\"https:\/\/news.google.com\/rss\/articles\/CBMixgFBVV95cUxPVEhOSHNMeVY3MmduVzhNVzQ1ak5FOGp6aVp6Z1g5d0ZteVA4SGRSLThMZTVldFJaUmhUdFVzdGVQWnJvMi1iNEtiZXY0XzMyWjNnUnFRY3RVNVg4STBUaGx2akt5VmQ0NXdJNjRMTXV6d1hlUkdpVWNIX3dqbzhwMjgwOUh6VnQyTU1qQVpaYThkZEJYLUFqT0pqRnB5dFh2WjRodXNfNWo5b3BudlFUNG1LNEhtclViWTFHWEo4MUFYeDVYTXc?oc=5\" target=\"_blank\" rel=\"nofollow noopener\">INTERVIJA Teologs Juris Rubenis: &#8220;Liel\u0101s gar\u012bg\u0101s trad\u012bcijas mums m\u0101ca, ka \u0161\u012b dz\u012bve nav gala stacija&#8221;<\/a>&nbsp;&nbsp;Sejas.lv<\/li>\n<li><a href=\"https:\/\/news.google.com\/rss\/articles\/CBMi5gFBVV95cUxNdlZzOGpnNHoyTXNNdVgxVjZVUWJ3MmVtSjVPazN3Y0FPZW1oZ0hneWpBQ09welVkZEpMWTBlcGVQcmN2a2pHd1FyZDhtdkMxMlFnWWpUcm9NbDBZd2pNVVhfbkpzYW9YQ09VVzlxempOaEtBV2F5QXBBN09DWG9FTnNFYXNNUlo5SnVTSDFUdmJPQ25oa09sT19URnp2b3ktRnRYNkZnZ25wWkFyOU56bk9PWjNsWjZySTlkT05xMFYtY0Q0NnZsUEZ6Q0hVTDI3NkNZSGw5OEhzQjZ6dlFCNjFCWE44QQ?oc=5\" target=\"_blank\" rel=\"nofollow noopener\">Teologs Juris Rubenis velt\u012bjis gr\u0101matu \u00abUguns pavedieni\u00bb cilv\u0113kiem, kas vi\u0146u iedvesmoju\u0161i \/ Raksts<\/a>&nbsp;&nbsp;LSM<\/li>\n<li><a href=\"https:\/\/news.google.com\/rss\/articles\/CBMi5AFBVV95cUxPWndtYjRXSlVqN1BoUjdlTFN4SUdjcFY2ZGJ4Mlo4VG9OSTRPMzRfeTczVXE5UDBSWTVEWVo3eFd2UDF3M3hrQkEwUGUxT2UwOFhueUd5WjBnRHctUmx5MkM1akxKWE9ZNWU5N2xjdlFQa2xQeFIxcjM3WFV2ZERVV1QtQkE4Ti1IbmRnYnFVMUplRk12OVRwc01OMzZZeHRaM0VRYlBVT3hkeml1UWFCUFVvbVhzclZpcWlFTEQ0V2xodE9zVVdPOXdFdlpEck9UbXl2WjlXNUhyVTRCOWJ0TXhxMDY?oc=5\" target=\"_blank\" rel=\"nofollow noopener\">FOTO: Slaven\u012bbas pulc\u0113jas uz Rube\u0146a gr\u0101matas atv\u0113r\u0161anas sv\u0113tkiem. Beidzot skaidrs, no k\u0101 vi\u0146\u0161 iedvesmojies<\/a>&nbsp;&nbsp;Santa.lv<\/li>\n<li><a href=\"https:\/\/news.google.com\/rss\/articles\/CBMiswFBVV95cUxNZkZCSkk0UGRoSE5VcjhQS3pseUZFSnFsWGliT3Q0bGhHYkRUa0FjZWZVdXVBY043TnoySl9EQVBKS3dvamRCVTZxVUFJZ1QxNUMwTjZiUUZTdXhLdkV0dUw1MEF2c1J4WkpFMmFMYmR4akhONjdORGV0aHlTOG9qbkVRYjh2eXl3d0dxOURTWkdoeFAwSDJmb1JtT2ZmZnhCc2xia0wwQnFfaExld2t4OUQzbw?oc=5\" target=\"_blank\" rel=\"nofollow noopener\">FOTO: omul\u012bg\u0101 gaisotn\u0113 notiku\u0161i Jura Rube\u0146a jaun\u0101s gr\u0101matas atv\u0113r\u0161anas sv\u0113tki<\/a>&nbsp;&nbsp;Jauns.lv<\/li>\n<li><a href=\"https:\/\/news.google.com\/rss\/articles\/CBMiygFBVV95cUxNdi03clU5b0ZucVE3SDVsby1wek90bmd4Nm9vTjg4VFBmaEQ5TE05Y0M2VFlYMGRWMHlsblUtLUhLa2R6X1VVcm1nVGtEV0ZrUXgtcENRMW8ydzZXUFRZU3otc3pXSlVVcTdhdUxFTEtVanpOYWRoakRGR24xd0FGMmQzRHE5ZzIxRDVGandlaHRNTGtOemJqQ094SE96VFRtZzZqdGgtZWVuMk9jTDFjaVhzYzNPWXd6NUlaNzZ3Ulg2R3c5a0lURkRn?oc=5\" target=\"_blank\" rel=\"nofollow noopener\">Juris Rubenis aicina iepaz\u012bt \u201cUguns pavedienus\u201d \u2013 iedvesmojo\u0161as person\u012bbas cilv\u0113ces v\u0113stur\u0113<\/a>&nbsp;&nbsp;Lente.lv<\/li>\n<\/ol>\n","protected":false},"excerpt":{"rendered":"INTERVIJA Teologs Juris Rubenis: &#8220;Liel\u0101s gar\u012bg\u0101s trad\u012bcijas mums m\u0101ca, ka \u0161\u012b dz\u012bve nav gala stacija&#8221;&nbsp;&nbsp;Sejas.lv Teologs Juris Rubenis&hellip;\n","protected":false},"author":2,"featured_media":82759,"comment_status":"","ping_status":"","sticky":false,"template":"","format":"standard","meta":{"footnotes":""},"categories":[5],"tags":[4158,23,28,29,20922,32,33,20921,20923,22,19492,30,31,35,39,38,36,37,34,40,20,26,27,24,25,21],"class_list":{"0":"post-82758","1":"post","2":"type-post","3":"status-publish","4":"format-standard","5":"has-post-thumbnail","7":"category-aktualitates","8":"tag-zvaigzne-abc","9":"tag-aktualitates","10":"tag-breaking-news","11":"tag-breakingnews","12":"tag-emocionala-veseliba","13":"tag-featured-news","14":"tag-featurednews","15":"tag-gariga-dzive","16":"tag-garigas-prakses","17":"tag-headlines","18":"tag-juris-rubenis","19":"tag-latest-news","20":"tag-latestnews","21":"tag-latvia","22":"tag-latvian","23":"tag-latviesu","24":"tag-latviesu-valoda","25":"tag-latviesuvaloda","26":"tag-latvija","27":"tag-lv","28":"tag-news","29":"tag-popularakas-zinas","30":"tag-popularakaszinas","31":"tag-top-stories","32":"tag-topstories","33":"tag-zinas"},"share_on_mastodon":{"url":"https:\/\/pubeurope.com\/@lv\/115762511575507193","error":""},"_links":{"self":[{"href":"https:\/\/www.europesays.com\/lv\/wp-json\/wp\/v2\/posts\/82758","targetHints":{"allow":["GET"]}}],"collection":[{"href":"https:\/\/www.europesays.com\/lv\/wp-json\/wp\/v2\/posts"}],"about":[{"href":"https:\/\/www.europesays.com\/lv\/wp-json\/wp\/v2\/types\/post"}],"author":[{"embeddable":true,"href":"https:\/\/www.europesays.com\/lv\/wp-json\/wp\/v2\/users\/2"}],"replies":[{"embeddable":true,"href":"https:\/\/www.europesays.com\/lv\/wp-json\/wp\/v2\/comments?post=82758"}],"version-history":[{"count":0,"href":"https:\/\/www.europesays.com\/lv\/wp-json\/wp\/v2\/posts\/82758\/revisions"}],"wp:featuredmedia":[{"embeddable":true,"href":"https:\/\/www.europesays.com\/lv\/wp-json\/wp\/v2\/media\/82759"}],"wp:attachment":[{"href":"https:\/\/www.europesays.com\/lv\/wp-json\/wp\/v2\/media?parent=82758"}],"wp:term":[{"taxonomy":"category","embeddable":true,"href":"https:\/\/www.europesays.com\/lv\/wp-json\/wp\/v2\/categories?post=82758"},{"taxonomy":"post_tag","embeddable":true,"href":"https:\/\/www.europesays.com\/lv\/wp-json\/wp\/v2\/tags?post=82758"}],"curies":[{"name":"wp","href":"https:\/\/api.w.org\/{rel}","templated":true}]}}