{"id":82762,"date":"2025-12-22T09:31:17","date_gmt":"2025-12-22T09:31:17","guid":{"rendered":"https:\/\/www.europesays.com\/lv\/82762\/"},"modified":"2025-12-22T09:31:17","modified_gmt":"2025-12-22T09:31:17","slug":"maskava-uzspridzinats-generalstaba-parvaldes-prieksnieks-sarvarovs","status":"publish","type":"post","link":"https:\/\/www.europesays.com\/lv\/82762\/","title":{"rendered":"Maskav\u0101 uzspridzin\u0101ts \u0123ener\u0101l\u0161t\u0101ba p\u0101rvaldes priek\u0161nieks Sarvarovs"},"content":{"rendered":"<p class=\"lead\">\n                                Maskav\u0101 pirmdien, uzspridzinot automobili, nogalin\u0101ts Krievijas bru\u0146oto sp\u0113ku \u0123ener\u0101l\u0161t\u0101ba operat\u012bv\u0101s apm\u0101c\u012bbas p\u0101rvaldes priek\u0161nieks \u0123ener\u0101lleitnants Fanils Sarvarovs, pazi\u0146oja Krievijas Izmekl\u0113\u0161anas komiteja.\n                            <\/p>\n<p style=\"margin-left:0px;\">Spr\u0101gstier\u012bce bijusi novietota zem automa\u0161\u012bnas &#8220;Kia Sorento&#8221; apak\u0161da\u013cas. T\u0101 eksplod\u0113ja, kad automobilis bija nobraucis da\u017eus metrus.<\/p>\n<p style=\"margin-left:0px;\">56 gadus vecais Sarvarovs spr\u0101dzien\u0101 tika smagi ievainots. Vi\u0146\u0161 tika nog\u0101d\u0101ts slimn\u012bc\u0101, kur nomira.<\/p>\n<p style=\"margin-left:0px;\">Krievijas Izmekl\u0113\u0161anas komitejas pazi\u0146ojum\u0101 nor\u0101d\u012bts, ka izmekl\u0113t\u0101ji str\u0101d\u0101 ar da\u017e\u0101d\u0101m notiku\u0161\u0101 versij\u0101m, un viena no t\u0101m ir versija, ka Sarvarova nogalin\u0101\u0161anu organiz\u0113ju\u0161i Ukrainas speci\u0101lie dienesti.<\/p>\n<p style=\"margin-left:0px;\">Spr\u0101dziens saboj\u0101jis ar\u012b blakus eso\u0161\u0101s automa\u0161\u012bnas.<\/p>\n<p style=\"margin-left:0px;\">Sarvarovs piedal\u012bjies kaujas oper\u0101cij\u0101s \u010ce\u010denij\u0101, k\u0101 ar\u012b dien\u0113jis Krievijas karasp\u0113ka kontingent\u0101 S\u012brij\u0101.<\/p>\n<p><img decoding=\"async\" src=\"https:\/\/www.europesays.com\/lv\/wp-content\/uploads\/2025\/12\/202512220953116948f8e7a7a05.webp.webp\" alt=\"Fanils Sarvarovs.\" loading=\"lazy\"\/><\/p>\n<p>Fanils Sarvarovs.<\/p>\n<p>Foto:\u00a0No soci\u0101lajiem t\u012bkliem<\/p>\n<blockquote class=\"twitter-tweet\">\n<p lang=\"en\" dir=\"ltr\">\ud83d\udea8 BREAKING \ud83d\udea8<\/p>\n<p>A car belonging to Major General was reportedly blown up in Moscow<\/p>\n<p>Fanil Sarvarov serves as head of the Operational Training Directorate of the Russian Armed Forces and took part in the war in Ukraine.<\/p>\n<p>A powerful explosion occurred in the courtyard of a\u2026 <a href=\"https:\/\/t.co\/LU97xADpxm\" rel=\"nofollow\">pic.twitter.com\/LU97xADpxm<\/a><\/p>\n<p>\u2014 NEXTA (@nexta_tv) <a href=\"https:\/\/twitter.com\/nexta_tv\/status\/2002994228125634615?ref_src=twsrc%5Etfw\" rel=\"nofollow noopener\" target=\"_blank\">December 22, 2025<\/a><\/p><\/blockquote>\n<blockquote class=\"twitter-tweet\" data-media-max-width=\"560\">\n<p lang=\"en\" dir=\"ltr\">\u26a1 Russian authorities have confirmed that Major General Sarvarov was inside the car that was blown up \u2014 he died from his injuries<\/p>\n<p>Investigators are considering several versions of the killing. One of them involves the possible involvement of Ukrainian special services.<\/p>\n<p>The\u2026 <a href=\"https:\/\/t.co\/HjvWvSfPRU\" rel=\"nofollow\">https:\/\/t.co\/HjvWvSfPRU<\/a><a href=\"https:\/\/t.co\/IjoXsIoH9l\" rel=\"nofollow\">pic.twitter.com\/IjoXsIoH9l<\/a><\/p>\n<p>\u2014 NEXTA (@nexta_tv) <a href=\"https:\/\/twitter.com\/nexta_tv\/status\/2002998291550601412?ref_src=twsrc%5Etfw\" rel=\"nofollow noopener\" target=\"_blank\">December 22, 2025<\/a><\/p><\/blockquote>\n<p class=\"paragraph-muted\">Izv\u0113lies savu soct\u012bklu platformu, lai sekotu LASI.LV: <a href=\"https:\/\/www.facebook.com\/portals.lasi.lv\" target=\"_blank\" rel=\"noopener noreferrer nofollow\">Facebook<\/a>, <a href=\"https:\/\/twitter.com\/lasilvportals\" target=\"_blank\" rel=\"noopener noreferrer nofollow\">X<\/a>, <a href=\"https:\/\/bsky.app\/profile\/lasilv.bsky.social\" target=\"_blank\" rel=\"noopener noreferrer nofollow\">Bluesky<\/a>, <a href=\"https:\/\/www.draugiem.lv\/lasilv\/?pg=4\" target=\"_blank\" rel=\"noopener noreferrer nofollow\">Draugiem<\/a> vai ar\u012b <a href=\"https:\/\/www.instagram.com\/lasilv_zinas\/\" target=\"_blank\" rel=\"noopener noreferrer nofollow\">Instagram<\/a>. Pievienojies m\u016bsu las\u012bt\u0101ju pulkam, lai sa\u0146emtu \u012bpa\u0161i tev atlas\u012btu noder\u012bgu, praktisku un aktu\u0101lu saturu.\u00a0<\/p>\n<p><a href=\"https:\/\/lasi.lv\/abonesana\" rel=\"nofollow noopener\" target=\"_blank\">Abon\u0113<\/a>\u00a0LASI.LV gadam\u00a0vai k\u0101du no\u00a0&#8220;Latvijas Mediju&#8221; periodiskajiem izdevumiem 2026. gadam, un laim\u0113 1500 eiro vai Philips kafijas autom\u0101tu. Loterijas at\u013caujas nr. 8744.<\/p>\n<p><img decoding=\"async\" src=\"https:\/\/www.europesays.com\/lv\/wp-content\/uploads\/2025\/12\/1765963873_985_2025100311425268df8c8c1572e.jpg\" alt=\"\" loading=\"lazy\"\/><\/p>\n<p style=\"margin-left:auto;\">Pieraksties LASI.LV redaktora v\u0113stkopai <a href=\"https:\/\/lasi.lv\/vestkopa\/lasi-lv-galvena-redaktora-vestkopa\" rel=\"nofollow noopener\" target=\"_blank\">\u0161eit<\/a>.<\/p>\n<p>Pieraksties v\u0113stkopai un divas reizes ned\u0113\u013c\u0101 sa\u0146em padzi\u013cin\u0101tu LASI.LV galven\u0101 redaktora aktu\u0101lo zi\u0146u, kompetentu viedok\u013cu un interesant\u0101ko interviju apkopojumu.<\/p>\n<p>Ko tu sa\u0146emsi:<\/p>\n<ul>\n<li>Daudzveid\u012bgus koment\u0101rus un kompetentus Latvijas Mediju \u017eurn\u0101listu un autoru viedok\u013cus par aktu\u0101lo<\/li>\n<li>Ekspertu koment\u0101rus par da\u017e\u0101diem praktiskiem, noder\u012bgiem tematiem<\/li>\n<li>Aizraujo\u0161us materi\u0101lus par v\u0113sturi, psiholo\u0123iju, kult\u016bru<\/li>\n<li>Gata \u0160\u013c\u016bkas karikat\u016bru<\/li>\n<li>Tav\u0101 e-pasta kast\u012bt\u0113 katru ceturtdienu<\/li>\n<\/ul>\n<p style=\"margin-left:auto;\">\u00a0<\/p>\n<p><script async src=\"https:\/\/platform.twitter.com\/widgets.js\" charset=\"utf-8\"><\/script><script async src=\"\/\/www.instagram.com\/embed.js\"><\/script><\/p>\n","protected":false},"excerpt":{"rendered":"Maskav\u0101 pirmdien, uzspridzinot automobili, nogalin\u0101ts Krievijas bru\u0146oto sp\u0113ku \u0123ener\u0101l\u0161t\u0101ba operat\u012bv\u0101s apm\u0101c\u012bbas p\u0101rvaldes priek\u0161nieks \u0123ener\u0101lleitnants Fanils Sarvarovs, pazi\u0146oja Krievijas&hellip;\n","protected":false},"author":2,"featured_media":82763,"comment_status":"","ping_status":"","sticky":false,"template":"","format":"standard","meta":{"footnotes":""},"categories":[14],"tags":[23,57,28,29,32,33,22,30,31,35,39,38,36,37,34,40,20,26,27,24,25,54,55,56,21,58],"class_list":{"0":"post-82762","1":"post","2":"type-post","3":"status-publish","4":"format-standard","5":"has-post-thumbnail","7":"category-zinas-no-arvalstim","8":"tag-aktualitates","9":"tag-arvalstim","10":"tag-breaking-news","11":"tag-breakingnews","12":"tag-featured-news","13":"tag-featurednews","14":"tag-headlines","15":"tag-latest-news","16":"tag-latestnews","17":"tag-latvia","18":"tag-latvian","19":"tag-latviesu","20":"tag-latviesu-valoda","21":"tag-latviesuvaloda","22":"tag-latvija","23":"tag-lv","24":"tag-news","25":"tag-popularakas-zinas","26":"tag-popularakaszinas","27":"tag-top-stories","28":"tag-topstories","29":"tag-world","30":"tag-world-news","31":"tag-worldnews","32":"tag-zinas","33":"tag-zinas-no-arvalstim"},"share_on_mastodon":{"url":"https:\/\/pubeurope.com\/@lv\/115762527487140140","error":""},"_links":{"self":[{"href":"https:\/\/www.europesays.com\/lv\/wp-json\/wp\/v2\/posts\/82762","targetHints":{"allow":["GET"]}}],"collection":[{"href":"https:\/\/www.europesays.com\/lv\/wp-json\/wp\/v2\/posts"}],"about":[{"href":"https:\/\/www.europesays.com\/lv\/wp-json\/wp\/v2\/types\/post"}],"author":[{"embeddable":true,"href":"https:\/\/www.europesays.com\/lv\/wp-json\/wp\/v2\/users\/2"}],"replies":[{"embeddable":true,"href":"https:\/\/www.europesays.com\/lv\/wp-json\/wp\/v2\/comments?post=82762"}],"version-history":[{"count":0,"href":"https:\/\/www.europesays.com\/lv\/wp-json\/wp\/v2\/posts\/82762\/revisions"}],"wp:featuredmedia":[{"embeddable":true,"href":"https:\/\/www.europesays.com\/lv\/wp-json\/wp\/v2\/media\/82763"}],"wp:attachment":[{"href":"https:\/\/www.europesays.com\/lv\/wp-json\/wp\/v2\/media?parent=82762"}],"wp:term":[{"taxonomy":"category","embeddable":true,"href":"https:\/\/www.europesays.com\/lv\/wp-json\/wp\/v2\/categories?post=82762"},{"taxonomy":"post_tag","embeddable":true,"href":"https:\/\/www.europesays.com\/lv\/wp-json\/wp\/v2\/tags?post=82762"}],"curies":[{"name":"wp","href":"https:\/\/api.w.org\/{rel}","templated":true}]}}