{"id":82764,"date":"2025-12-22T09:32:06","date_gmt":"2025-12-22T09:32:06","guid":{"rendered":"https:\/\/www.europesays.com\/lv\/82764\/"},"modified":"2025-12-22T09:32:06","modified_gmt":"2025-12-22T09:32:06","slug":"lace-nedoma-atstadinat-sif-padomes-priekssedetaju","status":"publish","type":"post","link":"https:\/\/www.europesays.com\/lv\/82764\/","title":{"rendered":"L\u0101ce nedom\u0101 atst\u0101din\u0101t SIF padomes priek\u0161s\u0113d\u0113t\u0101ju"},"content":{"rendered":"<p class=\"descr\">Jaut\u0101jums par neuztic\u012bbas izteik\u0161anu Sabiedr\u012bbas integr\u0101cijas fonda (SIF) padomes priek\u0161s\u0113d\u0113t\u0101jai Karinai Plokai netiek izskat\u012bts, izriet no kult\u016bras ministres Agneses L\u0101ces (P) sac\u012bt\u0101 Latvijas Telev\u012bzijas raid\u012bjum\u0101 &#8220;R\u012bta panor\u0101ma&#8221;.<\/p>\n<p>Vaic\u0101ta, vai atbalsta Plokas palik\u0161anu amat\u0101, vi\u0146a atbild\u0113ja, ka \u0161obr\u012bd tas nav jaut\u0101jums, kas tiek izskat\u012bts.<\/p>\n<p>Ministre piebilda, ka SIF padomei priek\u0161\u0101 ir intens\u012bvs laiks un j\u0101pie\u0146em da\u017e\u0101di l\u0113mumi.<\/p>\n<p>Jau v\u0113st\u012bts, ka Latvijas \u017durn\u0101listu asoci\u0101cijas (L\u017dA) valde izteikusi neuztic\u012bbu Plokai, uzskatot, ka vi\u0146as r\u012bc\u012bba un komunik\u0101cija rada pamatotas \u0161aubas par sp\u0113ju kompetenti, neitr\u0101li un sabiedr\u012bbas interes\u0113m atbilsto\u0161i p\u0101rraudz\u012bt Mediju atbalsta fonda (MAF) darb\u012bbu.<\/p>\n<p>L\u017dA pazi\u0146ojum\u0101 medijiem uzsver, ka neuztic\u012bba nav balst\u012bta atsevi\u0161\u0137\u0101 epizod\u0113 vai viedok\u013cu at\u0161\u0137ir\u012bb\u0101s, bet gan sist\u0113misk\u0101 attieksm\u0113, kas izpau\u017eas profesion\u0101l\u0101s \u017eurn\u0101listikas ignor\u0113\u0161an\u0101, nepietiekam\u0101 izpratn\u0113 par mediju funkcij\u0101m demokr\u0101tisk\u0101 sabiedr\u012bb\u0101 un diskusiju veido\u0161an\u0101, kas rada labv\u0113l\u012bbu atsevi\u0161\u0137iem uz\u0146\u0113mumiem.<\/p>\n<p>Savuk\u0101rt pati Ploka nesaskata iemeslu atk\u0101pties no amata. Vi\u0146a a\u0123ent\u016brai LETA uzsv\u0113ra, ka vi\u0146as k\u0101 SIF padomes vad\u012bt\u0101jas darbs MAF nolikumu izv\u0113rt\u0113\u0161an\u0101 balst\u0101s uz atkl\u0101tu un profesion\u0101lu dialogu ar nozari.<\/p>\n<p>Vi\u0146a ar\u012b pauda, ka, lemjot par MAF nolikumiem, SIF padome sistem\u0101tiski konsult\u0113jas gan ar mediju nozares p\u0101rst\u0101vjiem, gan ar uz\u0146\u0113m\u0113ju organiz\u0101cij\u0101m un to p\u0101rst\u0101vjiem, k\u0101 ar\u012b ar L\u017dA.<\/p>\n<p>\t\t\t\t\t\tinfo<\/p>\n<p>Uzzini pirmais<br \/>kas interesants noticis Latvij\u0101 un pasaul\u0113,<br \/>pievienojoties mums <a href=\"https:\/\/t.me\/neatkariga\" rel=\"nofollow\">Telegram<\/a> vai <a href=\"https:\/\/whatsapp.com\/channel\/0029VaMLFUH5K3zLU5s4wm3y\" rel=\"nofollow noopener\" target=\"_blank\">Whatsapp<\/a> kan\u0101l\u0101<\/p>\n","protected":false},"excerpt":{"rendered":"Jaut\u0101jums par neuztic\u012bbas izteik\u0161anu Sabiedr\u012bbas integr\u0101cijas fonda (SIF) padomes priek\u0161s\u0113d\u0113t\u0101jai Karinai Plokai netiek izskat\u012bts, izriet no kult\u016bras ministres&hellip;\n","protected":false},"author":2,"featured_media":82765,"comment_status":"","ping_status":"","sticky":false,"template":"","format":"standard","meta":{"footnotes":""},"categories":[12],"tags":[23,28,29,32,33,22,30,31,35,39,38,36,37,34,40,20,26,27,24,25,21],"class_list":{"0":"post-82764","1":"post","2":"type-post","3":"status-publish","4":"format-standard","5":"has-post-thumbnail","7":"category-latvija","8":"tag-aktualitates","9":"tag-breaking-news","10":"tag-breakingnews","11":"tag-featured-news","12":"tag-featurednews","13":"tag-headlines","14":"tag-latest-news","15":"tag-latestnews","16":"tag-latvia","17":"tag-latvian","18":"tag-latviesu","19":"tag-latviesu-valoda","20":"tag-latviesuvaloda","21":"tag-latvija","22":"tag-lv","23":"tag-news","24":"tag-popularakas-zinas","25":"tag-popularakaszinas","26":"tag-top-stories","27":"tag-topstories","28":"tag-zinas"},"share_on_mastodon":{"url":"https:\/\/pubeurope.com\/@lv\/115762531148795926","error":""},"_links":{"self":[{"href":"https:\/\/www.europesays.com\/lv\/wp-json\/wp\/v2\/posts\/82764","targetHints":{"allow":["GET"]}}],"collection":[{"href":"https:\/\/www.europesays.com\/lv\/wp-json\/wp\/v2\/posts"}],"about":[{"href":"https:\/\/www.europesays.com\/lv\/wp-json\/wp\/v2\/types\/post"}],"author":[{"embeddable":true,"href":"https:\/\/www.europesays.com\/lv\/wp-json\/wp\/v2\/users\/2"}],"replies":[{"embeddable":true,"href":"https:\/\/www.europesays.com\/lv\/wp-json\/wp\/v2\/comments?post=82764"}],"version-history":[{"count":0,"href":"https:\/\/www.europesays.com\/lv\/wp-json\/wp\/v2\/posts\/82764\/revisions"}],"wp:featuredmedia":[{"embeddable":true,"href":"https:\/\/www.europesays.com\/lv\/wp-json\/wp\/v2\/media\/82765"}],"wp:attachment":[{"href":"https:\/\/www.europesays.com\/lv\/wp-json\/wp\/v2\/media?parent=82764"}],"wp:term":[{"taxonomy":"category","embeddable":true,"href":"https:\/\/www.europesays.com\/lv\/wp-json\/wp\/v2\/categories?post=82764"},{"taxonomy":"post_tag","embeddable":true,"href":"https:\/\/www.europesays.com\/lv\/wp-json\/wp\/v2\/tags?post=82764"}],"curies":[{"name":"wp","href":"https:\/\/api.w.org\/{rel}","templated":true}]}}