{"id":82766,"date":"2025-12-22T09:33:11","date_gmt":"2025-12-22T09:33:11","guid":{"rendered":"https:\/\/www.europesays.com\/lv\/82766\/"},"modified":"2025-12-22T09:33:11","modified_gmt":"2025-12-22T09:33:11","slug":"acm-pagajusaja-nedela-konstatets-29-mezacukam","status":"publish","type":"post","link":"https:\/\/www.europesays.com\/lv\/82766\/","title":{"rendered":"\u0100CM pag\u0101ju\u0161aj\u0101 ned\u0113\u013c\u0101 konstat\u0113ts 29 me\u017eac\u016bk\u0101m"},"content":{"rendered":"<p>Kop\u0161 2014. gada j\u016bnija, kad Latvij\u0101 pirmo reizi tika re\u0123istr\u0113ts \u0100CM, v\u012bruss konstat\u0113ts kopum\u0101 11 174 me\u017eac\u016bk\u0101m, tostarp 2014. gad\u0101 Latvij\u0101 \u0100CM tika konstat\u0113ts 217 me\u017eac\u016bk\u0101m, 2015. gad\u0101 &#8211; 1048, 2016. gad\u0101 &#8211; 1146, 2017. gad\u0101 &#8211; 1431, 2018. gad\u0101 &#8211; 905, 2019. gad\u0101 &#8211; 430, 2020. gad\u0101 &#8211; 377, 2021. gad\u0101 &#8211; 448, 2022. gad\u0101 &#8211; 1274 me\u017eac\u016bk\u0101m, 2023. gad\u0101 &#8211; 1002 me\u017eac\u016bk\u0101m, bet 2024. gad\u0101 &#8211; 1433 me\u017eac\u016bk\u0101m.<\/p>\n<p>LETA jau v\u0113st\u012bja, ka \u0161ogad Latvij\u0101 re\u0123istr\u0113ti ar\u012b 11 \u0100CM uzliesmojumi m\u0101jas c\u016bku novietn\u0113s ar vair\u0101k nek\u0101 27 700 c\u016bk\u0101m.<\/p>\n<p>V\u012bruss 2025. gada maija s\u0101kum\u0101 tika konstat\u0113ts piem\u0101jas saimniec\u012bb\u0101 ar 36 c\u016bk\u0101m Tukuma novada D\u017e\u016bkstes pagast\u0101, j\u016blija s\u0101kum\u0101 &#8211; m\u0101jas c\u016bku novietn\u0113 ar se\u0161\u0101m c\u016bk\u0101m Jelgavas novada Gl\u016bdas pagast\u0101, j\u016blija izska\u0146\u0101 m\u0101jas c\u016bku novietn\u0113 ar 55 c\u016bk\u0101m Bauskas novada Iecavas pagasta Rosm\u0113, bet augusta pirmaj\u0101 pus\u0113 &#8211; SIA &#8220;Nygaard International&#8221; novietn\u0113 ar 4900 c\u016bk\u0101m Talsu novada \u0122ibu\u013cu pagast\u0101.<\/p>\n<p>Savuk\u0101rt augusta otraj\u0101 pus\u0113 \u0100CM tika konstat\u0113ts m\u0101jas c\u016bku novietn\u0113 ar 65 c\u016bk\u0101m M\u0101rupes novada Bab\u012btes pagast\u0101, m\u0101jas c\u016bku novietn\u0113 ar trim c\u016bk\u0101m Bauskas novada D\u0101vi\u0146u pagast\u0101, m\u0101jas c\u016bku novietn\u0113 ar trim c\u016bk\u0101m M\u0101rupes novada Bab\u012btes pagast\u0101, k\u0101 ar\u012b &#8220;Baltic Pork&#8221; c\u016bku novietn\u0113 ar vair\u0101k nek\u0101 23 000 m\u0101jas c\u016bku Ogres novada Lauberes pagast\u0101.<\/p>\n<p>Septembra s\u0101kum\u0101 v\u012bruss tika konstat\u0113ts ar\u012b Madonas novada Cesvaines pagast\u0101 c\u016bku novietn\u0113 ar 41 m\u0101jas c\u016bku, M\u0101rupes novada Salas pagast\u0101 novietn\u0113 ar 29 m\u0101jas c\u016bk\u0101m, k\u0101 ar\u012b Bauskas novada D\u0101vi\u0146u pagast\u0101 m\u0101jas c\u016bku novietn\u0113 ar \u010detr\u0101m c\u016bk\u0101m.<\/p>\n<p>\u0100CM Latvij\u0101 pirmoreiz tika re\u0123istr\u0113ts 2014. gada j\u016bnij\u0101 trim me\u017eac\u016bk\u0101m da\u017eus metrus no Baltkrievijas robe\u017eas. \u0100CM ir \u013coti b\u012bstama saslim\u0161ana, un m\u0101jas c\u016bku novietn\u0113, kur\u0101 slim\u012bba konstat\u0113ta, ir j\u0101nokauj viss gan\u0101mpulks.<\/p>\n<p>PVD ir Zemkop\u012bbas ministrijas p\u0101rraudz\u012bb\u0101 eso\u0161a valsts p\u0101rvaldes iest\u0101de, kas veic p\u0101rtikas aprites un veterin\u0101rmedic\u012bnas nozares valsts uzraudz\u012bbu un kontroli.<\/p>\n","protected":false},"excerpt":{"rendered":"Kop\u0161 2014. gada j\u016bnija, kad Latvij\u0101 pirmo reizi tika re\u0123istr\u0113ts \u0100CM, v\u012bruss konstat\u0113ts kopum\u0101 11 174 me\u017eac\u016bk\u0101m, tostarp&hellip;\n","protected":false},"author":2,"featured_media":82767,"comment_status":"","ping_status":"","sticky":false,"template":"","format":"standard","meta":{"footnotes":""},"categories":[5],"tags":[4523,23,28,29,20924,32,33,22,30,31,35,39,38,36,37,34,40,20,26,27,24,25,21],"class_list":{"0":"post-82766","1":"post","2":"type-post","3":"status-publish","4":"format-standard","5":"has-post-thumbnail","7":"category-aktualitates","8":"tag-afrikas-cuku-meris","9":"tag-aktualitates","10":"tag-breaking-news","11":"tag-breakingnews","12":"tag-cukas","13":"tag-featured-news","14":"tag-featurednews","15":"tag-headlines","16":"tag-latest-news","17":"tag-latestnews","18":"tag-latvia","19":"tag-latvian","20":"tag-latviesu","21":"tag-latviesu-valoda","22":"tag-latviesuvaloda","23":"tag-latvija","24":"tag-lv","25":"tag-news","26":"tag-popularakas-zinas","27":"tag-popularakaszinas","28":"tag-top-stories","29":"tag-topstories","30":"tag-zinas"},"share_on_mastodon":{"url":"https:\/\/pubeurope.com\/@lv\/115762535164494990","error":""},"_links":{"self":[{"href":"https:\/\/www.europesays.com\/lv\/wp-json\/wp\/v2\/posts\/82766","targetHints":{"allow":["GET"]}}],"collection":[{"href":"https:\/\/www.europesays.com\/lv\/wp-json\/wp\/v2\/posts"}],"about":[{"href":"https:\/\/www.europesays.com\/lv\/wp-json\/wp\/v2\/types\/post"}],"author":[{"embeddable":true,"href":"https:\/\/www.europesays.com\/lv\/wp-json\/wp\/v2\/users\/2"}],"replies":[{"embeddable":true,"href":"https:\/\/www.europesays.com\/lv\/wp-json\/wp\/v2\/comments?post=82766"}],"version-history":[{"count":0,"href":"https:\/\/www.europesays.com\/lv\/wp-json\/wp\/v2\/posts\/82766\/revisions"}],"wp:featuredmedia":[{"embeddable":true,"href":"https:\/\/www.europesays.com\/lv\/wp-json\/wp\/v2\/media\/82767"}],"wp:attachment":[{"href":"https:\/\/www.europesays.com\/lv\/wp-json\/wp\/v2\/media?parent=82766"}],"wp:term":[{"taxonomy":"category","embeddable":true,"href":"https:\/\/www.europesays.com\/lv\/wp-json\/wp\/v2\/categories?post=82766"},{"taxonomy":"post_tag","embeddable":true,"href":"https:\/\/www.europesays.com\/lv\/wp-json\/wp\/v2\/tags?post=82766"}],"curies":[{"name":"wp","href":"https:\/\/api.w.org\/{rel}","templated":true}]}}