{"id":82768,"date":"2025-12-22T09:34:09","date_gmt":"2025-12-22T09:34:09","guid":{"rendered":"https:\/\/www.europesays.com\/lv\/82768\/"},"modified":"2025-12-22T09:34:09","modified_gmt":"2025-12-22T09:34:09","slug":"festivala-eiropas-ziemassvetki-izskanes-koncertprogramma-vecgada-koncerts-svecu-gaisma-sejas-lv","status":"publish","type":"post","link":"https:\/\/www.europesays.com\/lv\/82768\/","title":{"rendered":"Festiv\u0101l\u0101 &quot;Eiropas Ziemassv\u0113tki&quot; izskan\u0113s koncertprogramma &quot;Vecgada koncerts sve\u010du gaism\u0101&quot; &#8211; Sejas.lv"},"content":{"rendered":"<ol>\n<li><a href=\"https:\/\/news.google.com\/rss\/articles\/CBMiuAFBVV95cUxOclFJMllGY1JWUWxmUkthYklvNEZZX0JhZWtZYV95UklMZTEtRk9hY1I1ZGlKV2FlaXlzV00xSHBxdzZNVmRlZFVOUkNMWGZKZFhRNTkwLUVVVUJTcUhmVGk0NlhpQkF2VXZFN0txVkdXTlNmejliRVRuc2l6akgzMzFKdXBnU2t2S3Jaajg4OGJzc0IyYVpRNlNRUXNLVk9TNVZMOGtqNXNGeEtmdEZFWFFXMWJnYm5r?oc=5\" target=\"_blank\" rel=\"nofollow noopener\">Festiv\u0101l\u0101 &#8220;Eiropas Ziemassv\u0113tki&#8221; izskan\u0113s koncertprogramma &#8220;Vecgada koncerts sve\u010du gaism\u0101&#8221;<\/a>&nbsp;&nbsp;Sejas.lv<\/li>\n<li><a href=\"https:\/\/news.google.com\/rss\/articles\/CBMirwFBVV95cUxNcWZwN2lSQkk2UC1ERGdWYnlBblk4d1JEalZQZWk3Y3hNbEo1WTc5ZEJLZC0yM2p2Uy16cHQ4VzRBeFA4RFlQYW5oUGM3aldGN05xOFhvT0Z6eVJlOVdoU2x3eGc5RHFZc1F0YmloYjcxb0c3XzZYYTFmUHZ2Z0pHdU1JR0JLMXVhZHE2YWxNdy1KVjFQSXZEWVZlR2pSeFZRQWJYaUp6VE16M0ZCUEw4?oc=5\" target=\"_blank\" rel=\"nofollow noopener\">Svin\u0113sim sv\u0113tkus ar m\u016bziku! Liel\u0101 Ziemassv\u0113tku koncertu izlase<\/a>&nbsp;&nbsp;Delfi<\/li>\n<li><a href=\"https:\/\/news.google.com\/rss\/articles\/CBMi0AFBVV95cUxNLWxneVpvOE5LM09HVXlxbVpSMzJfeWYzTlRhRzZ6RzNyT2pkaWZRdWVia1diX01QWmtwRzdiV3lsR0NwUF9LTnJBaUJpdnVqOWFYN3BEQ3UwS3ZGNjZJa1lVb2lhTzN4R2lIRnUyUUxhMEVCV2pRZDJad2JTZDdtakx2a0sxbHJrTTNhdWtsZmJDZldtRVZ1TTVYY3RDQU1JcXljOUdaaGdGTGJ4WmxfeUtWOXhJWVF6MEhwV3Z5UFJRLW1YdkR2SE9QaVNCNWNi?oc=5\" target=\"_blank\" rel=\"nofollow noopener\">Sadzirdi Ziemassv\u0113tku kl\u0101tb\u016btni. M\u016bzikas notikumu ieteikumi ned\u0113\u013cas nogalei \/ Raksts<\/a>&nbsp;&nbsp;LSM<\/li>\n<li><a href=\"https:\/\/news.google.com\/rss\/articles\/CBMiowFBVV95cUxNc2l6VXViR0xkNThNRnc2SUZaRWlrTTRLOHgtNkdhUEhjV0VENV9mdU1uSS1Weml1U2FYdTZQZ2I0aVJIekFKb2xzbW1XTDM2QlNZUUdWaGVicjJCTEZ0UDQ2V2ZWNUpXaWxtMl90VURMNHZjdVg3ZE8ycU95ZEhIQi1rRmNRTEJXbzFhcG01ZElPbEx4NU8xMjhmOG8xVXJESTZV?oc=5\" target=\"_blank\" rel=\"nofollow noopener\">R\u012bga aicina uz sirsn\u012bgiem pas\u0101kumiem un koncertiem Ziemassv\u0113tkos<\/a>&nbsp;&nbsp;tv3.lv<\/li>\n<li><a href=\"https:\/\/news.google.com\/rss\/articles\/CBMiyAFBVV95cUxOTWkzdFZiVnIyZ0R0b0xQWU9aRTVpekM3eDRzNGx4QWNVeHdjSTZWM25USUYyU0lqd0ZhcDFtNjctOXV3RWRYd3NoTG9yZkZuU2wxMWZ2TjJiN2ZMYzRRZWg0SFJhY0phdnRpaDE1Ulc1bzkzN3hPRm10VGNfTU15SUNjSlhQcTN1OXdxRmVxSHBhWHVoUFlPNE1hYmtOang3M25yT24tclRSX0hoVVlBYnVTaWIyS2NQWHhweGxYVXRDZ3pqZ19iUg?oc=5\" target=\"_blank\" rel=\"nofollow noopener\">R\u012bgas Ziemassv\u0113tku Harmonija: Daudzveid\u012bgs Koncertu Izlase Gaida Iedz\u012bvot\u0101jus un Viesus<\/a>&nbsp;&nbsp;Lente.lv<\/li>\n<\/ol>\n","protected":false},"excerpt":{"rendered":"Festiv\u0101l\u0101 &#8220;Eiropas Ziemassv\u0113tki&#8221; izskan\u0113s koncertprogramma &#8220;Vecgada koncerts sve\u010du gaism\u0101&#8221;&nbsp;&nbsp;Sejas.lv Svin\u0113sim sv\u0113tkus ar m\u016bziku! Liel\u0101 Ziemassv\u0113tku koncertu izlase&nbsp;&nbsp;Delfi Sadzirdi&hellip;\n","protected":false},"author":2,"featured_media":82769,"comment_status":"","ping_status":"","sticky":false,"template":"","format":"standard","meta":{"footnotes":""},"categories":[19],"tags":[20927,20925,17414,89,20926,90,5763,20929,2527,35,39,38,36,37,34,4484,12650,1843,40,20928,2741,5917,4482],"class_list":{"0":"post-82768","1":"post","2":"type-post","3":"status-publish","4":"format-standard","5":"has-post-thumbnail","7":"category-izklaide","8":"tag-alfreds-kalnins","9":"tag-arturs-perts","10":"tag-brigita-reisone","11":"tag-entertainment","12":"tag-evelina-jekabsone","13":"tag-izklaide","14":"tag-kamermuzika","15":"tag-kaspars-putnins","16":"tag-klasiska-muzika","17":"tag-latvia","18":"tag-latvian","19":"tag-latviesu","20":"tag-latviesu-valoda","21":"tag-latviesuvaloda","22":"tag-latvija","23":"tag-latvijas-koncerti","24":"tag-latvijas-radio-bigbends","25":"tag-latvijas-radio-koris","26":"tag-lv","27":"tag-raivis-misjuns","28":"tag-rigas-cirks","29":"tag-sinfonietta-riga","30":"tag-spikeru-koncertzale"},"share_on_mastodon":{"url":"https:\/\/pubeurope.com\/@lv\/115762538917908138","error":""},"_links":{"self":[{"href":"https:\/\/www.europesays.com\/lv\/wp-json\/wp\/v2\/posts\/82768","targetHints":{"allow":["GET"]}}],"collection":[{"href":"https:\/\/www.europesays.com\/lv\/wp-json\/wp\/v2\/posts"}],"about":[{"href":"https:\/\/www.europesays.com\/lv\/wp-json\/wp\/v2\/types\/post"}],"author":[{"embeddable":true,"href":"https:\/\/www.europesays.com\/lv\/wp-json\/wp\/v2\/users\/2"}],"replies":[{"embeddable":true,"href":"https:\/\/www.europesays.com\/lv\/wp-json\/wp\/v2\/comments?post=82768"}],"version-history":[{"count":0,"href":"https:\/\/www.europesays.com\/lv\/wp-json\/wp\/v2\/posts\/82768\/revisions"}],"wp:featuredmedia":[{"embeddable":true,"href":"https:\/\/www.europesays.com\/lv\/wp-json\/wp\/v2\/media\/82769"}],"wp:attachment":[{"href":"https:\/\/www.europesays.com\/lv\/wp-json\/wp\/v2\/media?parent=82768"}],"wp:term":[{"taxonomy":"category","embeddable":true,"href":"https:\/\/www.europesays.com\/lv\/wp-json\/wp\/v2\/categories?post=82768"},{"taxonomy":"post_tag","embeddable":true,"href":"https:\/\/www.europesays.com\/lv\/wp-json\/wp\/v2\/tags?post=82768"}],"curies":[{"name":"wp","href":"https:\/\/api.w.org\/{rel}","templated":true}]}}