{"id":8277,"date":"2025-09-29T21:35:08","date_gmt":"2025-09-29T21:35:08","guid":{"rendered":"https:\/\/www.europesays.com\/lv\/8277\/"},"modified":"2025-09-29T21:35:08","modified_gmt":"2025-09-29T21:35:08","slug":"fjurija-meita-saderinas-16-dzimsanas-diena-ko-par-to-doma-slavenie-vecaki","status":"publish","type":"post","link":"https:\/\/www.europesays.com\/lv\/8277\/","title":{"rendered":"Fj\u016brija meita saderin\u0101s&#8230; 16. dzim\u0161anas dien\u0101. Ko par to dom\u0101 slavenie vec\u0101ki?"},"content":{"rendered":"<p>Aizvad\u012btaj\u0101 ned\u0113\u013cas nogal\u0113 pasaulslaven\u0101 boksera Taisona Fj\u016brija meita Venecuela piedz\u012bvoja noz\u012bm\u012bgu notikumu. Sav\u0101 dzim\u0161anas dien\u0101 vi\u0146a teica &#8220;j\u0101&#8221; savam partnerim. Tom\u0113r priec\u012bgais br\u012bdis ieguva pretrun\u012bgu noska\u0146u, jo Venecuelai aprit\u0113ja vien 16 gadi. Notikums izrais\u012bjis pla\u0161u rezonansi.<\/p>\n<p>Fj\u016briju \u0123imene seko tradicion\u0101l\u0101m v\u0113rt\u012bb\u0101m \u2013 tostarp ir ar\u012b pretrun\u012bgi noteikumi.<\/p>\n","protected":false},"excerpt":{"rendered":"Aizvad\u012btaj\u0101 ned\u0113\u013cas nogal\u0113 pasaulslaven\u0101 boksera Taisona Fj\u016brija meita Venecuela piedz\u012bvoja noz\u012bm\u012bgu notikumu. Sav\u0101 dzim\u0161anas dien\u0101 vi\u0146a teica &#8220;j\u0101&#8221;&hellip;\n","protected":false},"author":2,"featured_media":8278,"comment_status":"","ping_status":"","sticky":false,"template":"","format":"standard","meta":{"footnotes":""},"categories":[19],"tags":[2153,2235,89,90,35,39,38,36,37,34,40,3397,1324],"class_list":{"0":"post-8277","1":"post","2":"type-post","3":"status-publish","4":"format-standard","5":"has-post-thumbnail","7":"category-izklaide","8":"tag-bokss","9":"tag-cinas-sports","10":"tag-entertainment","11":"tag-izklaide","12":"tag-latvia","13":"tag-latvian","14":"tag-latviesu","15":"tag-latviesu-valoda","16":"tag-latviesuvaloda","17":"tag-latvija","18":"tag-lv","19":"tag-taisons-fjurijs","20":"tag-tvnet-sports"},"share_on_mastodon":{"url":"","error":""},"_links":{"self":[{"href":"https:\/\/www.europesays.com\/lv\/wp-json\/wp\/v2\/posts\/8277","targetHints":{"allow":["GET"]}}],"collection":[{"href":"https:\/\/www.europesays.com\/lv\/wp-json\/wp\/v2\/posts"}],"about":[{"href":"https:\/\/www.europesays.com\/lv\/wp-json\/wp\/v2\/types\/post"}],"author":[{"embeddable":true,"href":"https:\/\/www.europesays.com\/lv\/wp-json\/wp\/v2\/users\/2"}],"replies":[{"embeddable":true,"href":"https:\/\/www.europesays.com\/lv\/wp-json\/wp\/v2\/comments?post=8277"}],"version-history":[{"count":0,"href":"https:\/\/www.europesays.com\/lv\/wp-json\/wp\/v2\/posts\/8277\/revisions"}],"wp:featuredmedia":[{"embeddable":true,"href":"https:\/\/www.europesays.com\/lv\/wp-json\/wp\/v2\/media\/8278"}],"wp:attachment":[{"href":"https:\/\/www.europesays.com\/lv\/wp-json\/wp\/v2\/media?parent=8277"}],"wp:term":[{"taxonomy":"category","embeddable":true,"href":"https:\/\/www.europesays.com\/lv\/wp-json\/wp\/v2\/categories?post=8277"},{"taxonomy":"post_tag","embeddable":true,"href":"https:\/\/www.europesays.com\/lv\/wp-json\/wp\/v2\/tags?post=8277"}],"curies":[{"name":"wp","href":"https:\/\/api.w.org\/{rel}","templated":true}]}}