{"id":82774,"date":"2025-12-22T09:38:08","date_gmt":"2025-12-22T09:38:08","guid":{"rendered":"https:\/\/www.europesays.com\/lv\/82774\/"},"modified":"2025-12-22T09:38:08","modified_gmt":"2025-12-22T09:38:08","slug":"uzlabojies-iedzivotaju-vertejums-par-rigas-pasvaldibas-darbu-2","status":"publish","type":"post","link":"https:\/\/www.europesays.com\/lv\/82774\/","title":{"rendered":"Uzlabojies iedz\u012bvot\u0101ju v\u0113rt\u0113jums par R\u012bgas pa\u0161vald\u012bbas darbu"},"content":{"rendered":"<p>\u0160ogad uzlabojies R\u012bgas iedz\u012bvot\u0101ju v\u0113rt\u0113jums par galvaspils\u0113tas pa\u0161vald\u012bbas darbu, un novembr\u012b veiktaj\u0101 aptauj\u0101 to pozit\u012bvi v\u0113rt\u0113ja 44% r\u012bdzinieku, liecina p\u0113t\u012bjumu centra \u201cSKDS\u201d veikt\u0101 aptauja.<\/p>\n<p>\u201cR\u012bgas dom\u0113 m\u0113s katru l\u0113mumu pie\u0146emam, dom\u0101jot par to, vai un k\u0101 tas re\u0101li pal\u012bdz r\u012bdziniekiem. Pirmaj\u0101 viet\u0101 vienm\u0113r ir pils\u0113tas\u00a0 iedz\u012bvot\u0101ju intereses, vi\u0146u ikdiena, dro\u0161\u012bba un apzi\u0146a, ka pils\u0113ta str\u0101d\u0101 vi\u0146u lab\u0101. T\u0101p\u0113c ir pat\u012bkami redz\u0113t, ka ieguld\u012btais darbs un r\u016bpes par R\u012bgu tiek nov\u0113rt\u0113tas un v\u0113rt\u0113jums uzlabojas. Taj\u0101 pa\u0161\u0101 laik\u0101 es labi apzinos, ka mums v\u0113l ir, kur augt. Lai \u012bstenotu patiesas p\u0101rmai\u0146as, ir j\u0101maina dom\u0101\u0161ana \u2013 j\u0101uzdro\u0161in\u0101s dar\u012bt lab\u0101k, j\u0101atbalsta jaunas idejas un j\u0101rada vide, kur iniciat\u012bva tiek gaid\u012bta, nevis sod\u012bta,\u201d saka R\u012bgas domes priek\u0161s\u0113d\u0113t\u0101js Viesturs Kleinbergs.<\/p>\n<p>Sal\u012bdzin\u0101jum\u0101 ar iepriek\u0161 veikto iedz\u012bvot\u0101ju aptauju maij\u0101, v\u0113rt\u0113juma indekss pieaudzis par 7,3 procentpunktiem.<\/p>\n<p>L\u016bgti nov\u0113rt\u0113t domes darbu da\u017e\u0101du pa\u0161vald\u012bbas funkciju izpild\u0113, visatzin\u012bg\u0101k novembr\u012b respondenti v\u0113rt\u0113ja \u016bdensapg\u0101des un kanaliz\u0101cijas pakalpojumu nodro\u0161in\u0101\u0161anu (80 %).<\/p>\n<p>Ne maz\u0101k k\u0101 puse respondentu pozit\u012bvi v\u0113rt\u0113ja parku, skv\u0113ru, za\u013co zonu ier\u012bko\u0161anu un uztur\u0113\u0161anu, siltumapg\u0101des nodro\u0161in\u0101\u0161anu, r\u016bpes par kult\u016bras dz\u012bvi pils\u0113t\u0101, komun\u0101lo pakalpojumu snieg\u0161anas kvalit\u0101ti, sabiedrisk\u0101 transporta pakalpojumu snieg\u0161anu, sadz\u012bves atkritumu apsaimnieko\u0161anu, pils\u0113tas apgaismojuma nodro\u0161in\u0101\u0161anu, sabiedrisk\u0101s k\u0101rt\u012bbas un dro\u0161\u012bbas nodro\u0161in\u0101\u0161anu, skolu \u0113ku un b\u0113rnud\u0101rzu uztur\u0113\u0161anu, vesel\u012bga dz\u012bvesveida un sporta veicin\u0101\u0161anu un R\u012bgas domes p\u0101rzi\u0146\u0101 eso\u0161\u0101s teritorijas labiek\u0101rto\u0161anu un t\u012br\u012bbas nodro\u0161in\u0101\u0161anu.<\/p>\n<p>Aptauj\u0101tie Latvijas pilso\u0146i domes darbu v\u0113rt\u0113ju\u0161i atzin\u012bg\u0101k nek\u0101 respondenti bez pilson\u012bbas. Respondenti vecum\u0101 no 18 l\u012bdz 24 gadiem un no 65 l\u012bdz 75 gadiem, grupa ar augst\u0101ko izgl\u012bt\u012bbu, tie, kuri \u0123imen\u0113 run\u0101 galvenok\u0101rt latvie\u0161u valod\u0101, aptaujas dal\u012bbnieki ar zemiem, vid\u0113ji zemiem vai vid\u0113ji augstiem ien\u0101kumiem, k\u0101 ar\u012b Centra un Kurzemes rajonos dz\u012bvojo\u0161ie bie\u017e\u0101k nek\u0101 caurm\u0113r\u0101 bija sniegu\u0161i atzin\u012bgus v\u0113rt\u0113jumus domes darbam. Kritisk\u0101k nek\u0101 caurm\u0113r\u0101 R\u012bgas domes darbu v\u0113rt\u0113ja respondenti vecum\u0101 no 55 l\u012bdz 64 gadiem, krievvalod\u012bgie, k\u0101 ar\u012b Vidzemes un Latgales priek\u0161pils\u0113t\u0101s dz\u012bvojo\u0161ie.<\/p>\n<p>Aptauja notika novembr\u012b, tie\u0161aj\u0101s intervijas respondentu dz\u012bves viet\u0101s aptauj\u0101jot 801 respondentu vecum\u0101 no 18 l\u012bdz 75 gadu vecumam.<\/p>\n<p>Ar visiem aptauju rezult\u0101tiem var iepaz\u012bties\u00a0<a href=\"https:\/\/www.riga.lv\/lv\/sabiedriskas-domas-petijumi\" target=\"_blank\" title=\"https:\/\/www.riga.lv\/lv\/sabiedriskas-domas-petijumi\" data-auth=\"NotApplicable\" data-linkindex=\"0\" rel=\"nofollow noopener\">pa\u0161vald\u012bbas m\u0101jaslap\u0101<\/a>.<\/p>\n<p>          <img decoding=\"async\" src=\"https:\/\/www.europesays.com\/lv\/wp-content\/uploads\/2025\/12\/1765959310_789_logo-lv.png\" alt=\"\"\/><\/p>\n<p>                  \u0160\u012b inform\u0101cija ir publisks pazi\u0146ojums un neatspogu\u013co LV port\u0101la viedokli. Par t\u0101s saturu atbild ies\u016bt\u012bt\u0101js. <a data-popup=\"rules\">Public\u0113\u0161anas noteikumi<\/a><\/p>\n","protected":false},"excerpt":{"rendered":"\u0160ogad uzlabojies R\u012bgas iedz\u012bvot\u0101ju v\u0113rt\u0113jums par galvaspils\u0113tas pa\u0161vald\u012bbas darbu, un novembr\u012b veiktaj\u0101 aptauj\u0101 to pozit\u012bvi v\u0113rt\u0113ja 44% r\u012bdzinieku,&hellip;\n","protected":false},"author":2,"featured_media":79472,"comment_status":"","ping_status":"","sticky":false,"template":"","format":"standard","meta":{"footnotes":""},"categories":[12],"tags":[23,28,29,32,33,22,30,31,35,39,38,36,37,34,40,20,26,27,24,25,21],"class_list":{"0":"post-82774","1":"post","2":"type-post","3":"status-publish","4":"format-standard","5":"has-post-thumbnail","7":"category-latvija","8":"tag-aktualitates","9":"tag-breaking-news","10":"tag-breakingnews","11":"tag-featured-news","12":"tag-featurednews","13":"tag-headlines","14":"tag-latest-news","15":"tag-latestnews","16":"tag-latvia","17":"tag-latvian","18":"tag-latviesu","19":"tag-latviesu-valoda","20":"tag-latviesuvaloda","21":"tag-latvija","22":"tag-lv","23":"tag-news","24":"tag-popularakas-zinas","25":"tag-popularakaszinas","26":"tag-top-stories","27":"tag-topstories","28":"tag-zinas"},"share_on_mastodon":{"url":"https:\/\/pubeurope.com\/@lv\/115762554910021915","error":""},"_links":{"self":[{"href":"https:\/\/www.europesays.com\/lv\/wp-json\/wp\/v2\/posts\/82774","targetHints":{"allow":["GET"]}}],"collection":[{"href":"https:\/\/www.europesays.com\/lv\/wp-json\/wp\/v2\/posts"}],"about":[{"href":"https:\/\/www.europesays.com\/lv\/wp-json\/wp\/v2\/types\/post"}],"author":[{"embeddable":true,"href":"https:\/\/www.europesays.com\/lv\/wp-json\/wp\/v2\/users\/2"}],"replies":[{"embeddable":true,"href":"https:\/\/www.europesays.com\/lv\/wp-json\/wp\/v2\/comments?post=82774"}],"version-history":[{"count":0,"href":"https:\/\/www.europesays.com\/lv\/wp-json\/wp\/v2\/posts\/82774\/revisions"}],"wp:featuredmedia":[{"embeddable":true,"href":"https:\/\/www.europesays.com\/lv\/wp-json\/wp\/v2\/media\/79472"}],"wp:attachment":[{"href":"https:\/\/www.europesays.com\/lv\/wp-json\/wp\/v2\/media?parent=82774"}],"wp:term":[{"taxonomy":"category","embeddable":true,"href":"https:\/\/www.europesays.com\/lv\/wp-json\/wp\/v2\/categories?post=82774"},{"taxonomy":"post_tag","embeddable":true,"href":"https:\/\/www.europesays.com\/lv\/wp-json\/wp\/v2\/tags?post=82774"}],"curies":[{"name":"wp","href":"https:\/\/api.w.org\/{rel}","templated":true}]}}