{"id":82775,"date":"2025-12-22T09:39:22","date_gmt":"2025-12-22T09:39:22","guid":{"rendered":"https:\/\/www.europesays.com\/lv\/82775\/"},"modified":"2025-12-22T09:39:22","modified_gmt":"2025-12-22T09:39:22","slug":"latvija-nodod-ukrainai-kartejo-partiju-dzerajsoferiem-konfisceto-transportlidzeklu-lente-lv","status":"publish","type":"post","link":"https:\/\/www.europesays.com\/lv\/82775\/","title":{"rendered":"Latvija nodod Ukrainai k\u0101rt\u0113jo partiju dz\u0113r\u0101j\u0161oferiem konfisc\u0113to transportl\u012bdzek\u013cu\u00a0\u2014\u00a0Lente.lv"},"content":{"rendered":"<p>Vald\u012bba lemj par transporta pal\u012bdz\u012bbu Ukrainai<\/p>\n<p>Latvijas vald\u012bba n\u0101kamaj\u0101 pirmdien\u0101, 22. decembr\u012b, pl\u0101no pie\u0146emt l\u0113mumu par 11 automa\u0161\u012bnu un viena motocikla nodo\u0161anu Ukrainai, kas konfisc\u0113tas dz\u0113r\u0101j\u0161oferiem un saist\u012bb\u0101 ar cit\u0101m krimin\u0101lliet\u0101m. K\u0101 inform\u0113 port\u0101ls jauns.lv, \u0161is solis ir da\u013ca no Latvijas nemain\u012bg\u0101 atbalsta Ukrainas tautai un t\u0101s instit\u016bcij\u0101m, kas turpina saskarties ar Krievijas izrais\u012bt\u0101 kara sek\u0101m.<\/p>\n<p>\u0160\u012b nav pirm\u0101 reize, kad Latvija izmanto \u0161o resursu \u2013 konfisc\u0113tos transportl\u012bdzek\u013cus, kas ieg\u016bti, sodot par nopietniem p\u0101rk\u0101pumiem, novirza tie\u0161i atbalstam kara skartajai valstij. \u0160\u012b pieeja nodro\u0161ina divk\u0101r\u0161u labumu: tiek pild\u012bts sods par p\u0101rk\u0101pumu, un valstij piekrit\u012bg\u0101 manta tiek izmantota \u0123eopolitiski svar\u012bgam m\u0113r\u0137im.<\/p>\n<p>Konfisc\u0113to auto izcelsme un v\u0113rt\u012bba<\/p>\n<p>Pl\u0101nots nodot 11 vieglos transportl\u012bdzek\u013cus un vienu motociklu. \u0160ie transportl\u012bdzek\u013ci ir sara\u017eoti laika posm\u0101 no 2002. l\u012bdz 2012. gadam. Lai gan tie nav jaun\u0101kie mode\u013ci, Nodro\u0161in\u0101juma valsts a\u0123ent\u016bra (NVA), kas parasti nodarbojas ar \u0161\u0101du mantas realiz\u0101ciju, ir nov\u0113rt\u0113jusi to kop\u0113jo provizorisko tirgus v\u0113rt\u012bbu ap 36 600 eiro. \u0160\u012b summa nor\u0101da uz potenci\u0101lajiem ie\u0146\u0113mumiem, ko valsts b\u016btu guvusi, ja automa\u0161\u012bnas b\u016btu p\u0101rdotas izsol\u0113, nevis ziedotas.<\/p>\n<p>Kam tiks novirz\u012bti transportl\u012bdzek\u013ci?<\/p>\n<p>Saska\u0146\u0101 ar pieejamo inform\u0101ciju, \u0161ie transporta l\u012bdzek\u013ci ir paredz\u0113ti vair\u0101k\u0101m Ukrainas instit\u016bcij\u0101m. Konkr\u0113ti, tie ir dom\u0101ti Ukrainas Aizsardz\u012bbas ministrijas apak\u0161vien\u012bb\u0101m, Nacion\u0101lajai gvardei un Izjumskas rajona Milit\u0101rajai p\u0101rvaldei. \u0160\u0101da veida atbalsts nodro\u0161ina kritiski nepiecie\u0161amo mobilit\u0101ti un iztur\u012bbu milit\u0101raj\u0101m vai civil\u0101s aizsardz\u012bbas vajadz\u012bb\u0101m \u0161ajos sare\u017e\u0123\u012btajos apst\u0101k\u013cos.<\/p>\n<p>Logistikas un atbalsta nodro\u0161in\u0101jums<\/p>\n<p>Transportl\u012bdzek\u013cu nog\u0101d\u0101\u0161anu l\u012bdz Ukrainai un nodo\u0161anu t\u0101s vald\u012bbas instit\u016bcij\u0101m nodro\u0161ina nevalstisk\u0101s organiz\u0101cijas. \u0160aj\u0101 proces\u0101 iesaist\u012btas biedr\u012bba \u201cAgendum\u201d, fonds \u201cEntrepreneurs for Peace\u201d un biedr\u012bba \u201cTavi draugi\u201d. \u0160\u012bs organiz\u0101cijas uz\u0146emas atbild\u012bbu par visiem ar nog\u0101d\u0101\u0161anu saist\u012btajiem finansi\u0101lajiem un lo\u0123istikas izdevumiem, garant\u0113jot, ka pal\u012bdz\u012bba sasniedz adres\u0101tus bez starpposma finansi\u0101liem zaud\u0113jumiem Latvijas valstij.<\/p>\n<p>Turpin\u0101jums ilgtermi\u0146a atbalsta kontekst\u0101<\/p>\n<p>\u0160\u0101du konfisc\u0113to l\u012bdzek\u013cu (\u012bpa\u0161uma) nodo\u0161ana Ukrainai ir nostiprin\u0101jusies k\u0101 regul\u0101rs atbalsta meh\u0101nisms kop\u0161 2022. gada novembr\u012b sp\u0113k\u0101 st\u0101ju\u0161aj\u0101m izmai\u0146\u0101m Krimin\u0101llikum\u0101, kas paredz\u0113ja auto konfisk\u0101ciju par brauk\u0161anu reibum\u0101 ar augstu promiles daudzumu. Latvijas vald\u012bba apliecina savu ap\u0146em\u0161anos uztur\u0113t \u0161o atbalsta pl\u016bsmu, izmantojot gan materi\u0101los, gan citus resursus, lai pal\u012bdz\u0113tu Ukrainai t\u0101s neatkar\u012bbas c\u012b\u0146\u0101.<\/p>\n","protected":false},"excerpt":{"rendered":"Vald\u012bba lemj par transporta pal\u012bdz\u012bbu Ukrainai Latvijas vald\u012bba n\u0101kamaj\u0101 pirmdien\u0101, 22. decembr\u012b, pl\u0101no pie\u0146emt l\u0113mumu par 11 automa\u0161\u012bnu&hellip;\n","protected":false},"author":2,"featured_media":82776,"comment_status":"","ping_status":"","sticky":false,"template":"","format":"standard","meta":{"footnotes":""},"categories":[5],"tags":[23,28,29,2936,32,33,22,20933,30,31,35,39,38,36,37,34,40,20,26,27,24,25,276,5606,21],"class_list":{"0":"post-82775","1":"post","2":"type-post","3":"status-publish","4":"format-standard","5":"has-post-thumbnail","7":"category-aktualitates","8":"tag-aktualitates","9":"tag-breaking-news","10":"tag-breakingnews","11":"tag-dzerajsoferi","12":"tag-featured-news","13":"tag-featurednews","14":"tag-headlines","15":"tag-konfiscetas-automasinas","16":"tag-latest-news","17":"tag-latestnews","18":"tag-latvia","19":"tag-latvian","20":"tag-latviesu","21":"tag-latviesu-valoda","22":"tag-latviesuvaloda","23":"tag-latvija","24":"tag-lv","25":"tag-news","26":"tag-popularakas-zinas","27":"tag-popularakaszinas","28":"tag-top-stories","29":"tag-topstories","30":"tag-ukraina","31":"tag-valsts-atbalsts","32":"tag-zinas"},"share_on_mastodon":{"url":"https:\/\/pubeurope.com\/@lv\/115762558641526714","error":""},"_links":{"self":[{"href":"https:\/\/www.europesays.com\/lv\/wp-json\/wp\/v2\/posts\/82775","targetHints":{"allow":["GET"]}}],"collection":[{"href":"https:\/\/www.europesays.com\/lv\/wp-json\/wp\/v2\/posts"}],"about":[{"href":"https:\/\/www.europesays.com\/lv\/wp-json\/wp\/v2\/types\/post"}],"author":[{"embeddable":true,"href":"https:\/\/www.europesays.com\/lv\/wp-json\/wp\/v2\/users\/2"}],"replies":[{"embeddable":true,"href":"https:\/\/www.europesays.com\/lv\/wp-json\/wp\/v2\/comments?post=82775"}],"version-history":[{"count":0,"href":"https:\/\/www.europesays.com\/lv\/wp-json\/wp\/v2\/posts\/82775\/revisions"}],"wp:featuredmedia":[{"embeddable":true,"href":"https:\/\/www.europesays.com\/lv\/wp-json\/wp\/v2\/media\/82776"}],"wp:attachment":[{"href":"https:\/\/www.europesays.com\/lv\/wp-json\/wp\/v2\/media?parent=82775"}],"wp:term":[{"taxonomy":"category","embeddable":true,"href":"https:\/\/www.europesays.com\/lv\/wp-json\/wp\/v2\/categories?post=82775"},{"taxonomy":"post_tag","embeddable":true,"href":"https:\/\/www.europesays.com\/lv\/wp-json\/wp\/v2\/tags?post=82775"}],"curies":[{"name":"wp","href":"https:\/\/api.w.org\/{rel}","templated":true}]}}