{"id":82781,"date":"2025-12-22T09:43:21","date_gmt":"2025-12-22T09:43:21","guid":{"rendered":"https:\/\/www.europesays.com\/lv\/82781\/"},"modified":"2025-12-22T09:43:21","modified_gmt":"2025-12-22T09:43:21","slug":"britu-bijusais-diplomats-bridinaja-par-eiropas-savienibas-jaunu-planu-attieciba-uz-krieviju","status":"publish","type":"post","link":"https:\/\/www.europesays.com\/lv\/82781\/","title":{"rendered":"Britu biju\u0161ais diplom\u0101ts br\u012bdin\u0101ja par Eiropas Savien\u012bbas jaunu pl\u0101nu attiec\u012bb\u0101 uz Krieviju"},"content":{"rendered":"<p>Biju\u0161ais diplom\u0101ts Kruk: ES turpina konfliktu ar Krieviju, lai sl\u0113ptu savas probl\u0113mas.<\/p>\n<p>Eiropas valstis turpina konfliktu ar Krieviju, lai sl\u0113ptu savas ekonomisk\u0101s probl\u0113mas. T\u0101du viedokli YouTube kan\u0101la <a href=\"https:\/\/www.youtube.com\/live\/Rcf1kn9QS1Q\" rel=\"nofollow noopener\" target=\"_blank\">Deep Dive<\/a> tie\u0161raid\u0113 pauda Lielbrit\u0101nijas pensij\u0101 eso\u0161ais diplom\u0101ts Alaster Kruk.<\/p>\n<p>\u00abEiropie\u0161i ir \u013coti nopietni noska\u0146oti un v\u0113las, lai Krievija ciestu pazemojo\u0161u sak\u0101vi. ES ekonomikas situ\u0101cija, tie\u0161i sakot, ir katastrof\u0101la\u00bb, \u2014 sac\u012bja eksperts.<\/p>\n<p>P\u0113c biju\u0161\u0101 diplom\u0101ta teikt\u0101, pa\u0161laik \u00abnov\u0113rojama dz\u012bves l\u012bme\u0146a kri\u0161an\u0101s ne tikai parastajiem cilv\u0113kiem, bet ar\u012b elitei\u00bb. Vienlaikus eksperts nor\u0101d\u012bja, ka tie\u0161ai milit\u0101rai pretst\u0101v\u0113\u0161anai ar Krieviju Eiropai nav resursu. Tad ES var m\u0113\u0123in\u0101t sar\u012bkot provok\u0101ciju, lai ievilktu Savienot\u0101s Valstis.<\/p>\n<p>Piem\u0113ram, ES valstis var\u0113tu sar\u012bkot provok\u0101ciju Baltijas vai Melnaj\u0101 j\u016br\u0101, pauda Kruk.<\/p>\n<p>Agr\u0101k Ung\u0101rijas premjerministrs Viktors Orbans kritiz\u0113ja Eiropas Savien\u012bbu par m\u0113\u0123in\u0101jumiem uzkurin\u0101t konfliktu ar Krieviju. Politi\u0137is sal\u012bdzin\u0101ja eiropadiplom\u0101tijas vadones Kaias Kallas amb\u012bcijas ar Adolfa Hitlera un Napoleona Bonaparta amb\u012bcij\u0101m.<\/p>\n<p>\n                            Valodas k\u013c\u016bda rakst\u0101?<br \/>Iez\u012bm\u0113jiet tekstu un spiediet Zi\u0146ot par k\u013c\u016bdu pogas   , lai nos\u016bt\u012btu labojamo teksta fragmentu redaktoram!<\/p>\n<p>                                Zi\u0146ot par k\u013c\u016bdu<\/p>\n","protected":false},"excerpt":{"rendered":"Biju\u0161ais diplom\u0101ts Kruk: ES turpina konfliktu ar Krieviju, lai sl\u0113ptu savas probl\u0113mas. Eiropas valstis turpina konfliktu ar Krieviju,&hellip;\n","protected":false},"author":2,"featured_media":82782,"comment_status":"","ping_status":"","sticky":false,"template":"","format":"standard","meta":{"footnotes":""},"categories":[14],"tags":[23,57,28,29,32,33,22,30,31,35,39,38,36,37,34,40,20,26,27,24,25,54,55,56,21,58],"class_list":{"0":"post-82781","1":"post","2":"type-post","3":"status-publish","4":"format-standard","5":"has-post-thumbnail","7":"category-zinas-no-arvalstim","8":"tag-aktualitates","9":"tag-arvalstim","10":"tag-breaking-news","11":"tag-breakingnews","12":"tag-featured-news","13":"tag-featurednews","14":"tag-headlines","15":"tag-latest-news","16":"tag-latestnews","17":"tag-latvia","18":"tag-latvian","19":"tag-latviesu","20":"tag-latviesu-valoda","21":"tag-latviesuvaloda","22":"tag-latvija","23":"tag-lv","24":"tag-news","25":"tag-popularakas-zinas","26":"tag-popularakaszinas","27":"tag-top-stories","28":"tag-topstories","29":"tag-world","30":"tag-world-news","31":"tag-worldnews","32":"tag-zinas","33":"tag-zinas-no-arvalstim"},"share_on_mastodon":{"url":"https:\/\/pubeurope.com\/@lv\/115762574460359033","error":""},"_links":{"self":[{"href":"https:\/\/www.europesays.com\/lv\/wp-json\/wp\/v2\/posts\/82781","targetHints":{"allow":["GET"]}}],"collection":[{"href":"https:\/\/www.europesays.com\/lv\/wp-json\/wp\/v2\/posts"}],"about":[{"href":"https:\/\/www.europesays.com\/lv\/wp-json\/wp\/v2\/types\/post"}],"author":[{"embeddable":true,"href":"https:\/\/www.europesays.com\/lv\/wp-json\/wp\/v2\/users\/2"}],"replies":[{"embeddable":true,"href":"https:\/\/www.europesays.com\/lv\/wp-json\/wp\/v2\/comments?post=82781"}],"version-history":[{"count":0,"href":"https:\/\/www.europesays.com\/lv\/wp-json\/wp\/v2\/posts\/82781\/revisions"}],"wp:featuredmedia":[{"embeddable":true,"href":"https:\/\/www.europesays.com\/lv\/wp-json\/wp\/v2\/media\/82782"}],"wp:attachment":[{"href":"https:\/\/www.europesays.com\/lv\/wp-json\/wp\/v2\/media?parent=82781"}],"wp:term":[{"taxonomy":"category","embeddable":true,"href":"https:\/\/www.europesays.com\/lv\/wp-json\/wp\/v2\/categories?post=82781"},{"taxonomy":"post_tag","embeddable":true,"href":"https:\/\/www.europesays.com\/lv\/wp-json\/wp\/v2\/tags?post=82781"}],"curies":[{"name":"wp","href":"https:\/\/api.w.org\/{rel}","templated":true}]}}