{"id":82783,"date":"2025-12-22T09:44:12","date_gmt":"2025-12-22T09:44:12","guid":{"rendered":"https:\/\/www.europesays.com\/lv\/82783\/"},"modified":"2025-12-22T09:44:12","modified_gmt":"2025-12-22T09:44:12","slug":"linas-agro-valdes-priekssedetajs-karlis-zenfs-dienas-bizness","status":"publish","type":"post","link":"https:\/\/www.europesays.com\/lv\/82783\/","title":{"rendered":"Linas Agro valdes priek\u0161s\u0113d\u0113t\u0101js K\u0101rlis Zenfs :: Dienas Bizness"},"content":{"rendered":"<p class=\"text-font font-size--text-xlarge margin-3--bottom font-weight--bold padding-1--top\">Jebkura uz\u0146\u0113muma veiksmes pamat\u0101 prim\u0101ri ir sp\u0113ja b\u016bt kaut nedaudz, bet lab\u0101kiem nek\u0101 konkurenti, p\u0101rliecin\u0101ts ir K\u0101rlis Zenfs, SIA Linas Agro valdes priek\u0161s\u0113d\u0113t\u0101js.<\/p>\n<p class=\"text-font font-size--text-xlarge margin-3--bottom\">Uz\u0146\u0113mumam j\u0101sp\u0113j atrast to aspektu, kur\u0101 tas var p\u0101rsp\u0113t citus, un \u0161is aspekts ne vienm\u0113r ir cena, sprie\u017e K.Zenfs. Princip\u0101 viss ir atkar\u012bgs no t\u0101, ko konkr\u0113ta uz\u0146\u0113muma klients nov\u0113rt\u0113 visvair\u0101k &#8211; iesp\u0113jams, tas ir \u0101trums, iesp\u0113jams kvalit\u0101te vai savstarp\u0113jas attiec\u012bbas, ta\u010du katram ir j\u0101atrod individu\u0101la pieeja. \u0160\u012b iemesla d\u0113\u013c, p\u0113c K. Zenfa dom\u0101m, ir \u013coti svar\u012bgi izprast savus klientus un pied\u0101v\u0101t vi\u0146iem ar\u012b jaunas lietas &#8211; t\u0101das, par kur\u0101m, iesp\u0113jams, vi\u0146i \u0161obr\u012bd v\u0113l pat nenojau\u0161.<\/p>\n<p class=\"text-font font-size--text-xlarge margin-3--bottom\">Iem\u0101c\u0101s b\u016bt drosm\u012bgs<\/p>\n<p class=\"text-font font-size--text-xlarge margin-3--bottom\">B\u0113rn\u012bb\u0101 man nebija vienas konkr\u0113tas sap\u0146u profesijas, t\u0101p\u0113c karjeras veido\u0161ana man\u0101 gad\u012bjum\u0101 notika \u013coti intuit\u012bvi, atminas K.Zenfs. \u201cM\u0101c\u012bjos Jelgavas novada Kalnciema vidusskol\u0101 &#8211; lauku skol\u0101 me\u017ea ielok\u0101 un man padev\u0101s praktiski visi m\u0101c\u012bbu priek\u0161meti. Piedal\u012bjos ar\u012b da\u017e\u0101d\u0101s olimpi\u0101d\u0113s un ar nelielu skaud\u012bbu raudz\u012bjos uz tiem, kuri jau skolas laik\u0101 \u013coti skaidri zin\u0101ja, ko pl\u0101no stud\u0113t un par ko v\u0113las k\u013c\u016bt n\u0101kotn\u0113. 2003. gad\u0101, kad s\u0101ku stud\u0113t, jaunie\u0161u vid\u016b sevi\u0161\u0137i popul\u0101ras bija t\u0101das profesijas k\u0101 jurists, ekonomists un vad\u012bt\u0101js. Iesp\u0113jams, tie\u0161i t\u0101p\u0113c izv\u0113l\u0113jos Latvijas Universit\u0101tes (LU) programmu Vad\u012bbas zin\u012bbas, lai gan tobr\u012bd man nebija apzin\u0101tas v\u0113lmes vad\u012bt k\u0101du organiz\u0101ciju vai uz\u0146\u0113mumu,\u201d st\u0101sta K.Zenfs, kur\u0161 pirmaj\u0101 studiju gad\u0101 s\u0101ka ar\u012b str\u0101d\u0101t.<\/p>\n<p class=\"text-font font-size--text-xlarge margin-3--bottom\">\u201cParal\u0113li studij\u0101m bija j\u0101nodro\u0161ina iztika, t\u0101p\u0113c diezgan \u0101tri s\u0101ku mekl\u0113t darbu. T\u0101 sagad\u012bj\u0101s, ka, pateicoties kursabiedram, non\u0101cu uz\u0146\u0113mum\u0101 Datorikas instit\u016bts DIVI. Lai gan nebiju inform\u0101cijas tehnolo\u0123iju (IT) eksperts, b\u0101zes zin\u0101\u0161anas un interese par \u0161o jomu man bija. Tolaik \u0161\u012b komp\u0101nija izstr\u0101d\u0101ja finan\u0161u programmat\u016bru valsts iest\u0101d\u0113m, un manos &#8211; k\u0101 klienta konsultanta &#8211; pien\u0101kumos ietilpa tik\u0161an\u0101s ar ministriju un to padot\u012bbas iest\u0101\u017eu finan\u0161u un gr\u0101matved\u012bbas speci\u0101listiem, konsult\u0113jot par programmu un ikdienas darba digitaliz\u0101ciju. P\u0113c dabas esmu intraverts, t\u0101p\u0113c \u0161\u012b pieredze noteikti lika man izk\u0101pt \u0101rpus komforta zonas, ta\u010du vienlaiku ar\u012b \u013coti daudz m\u0101c\u012bjos. Pilnveidoju savas komunik\u0101cijas prasmes, sapratu, ar ko at\u0161\u0137iras grib\u0113\u0161ana un var\u0113\u0161ana, un k\u0101p\u0113c ir svar\u012bgi uzdr\u012bkst\u0113ties. T\u0101pat \u0161\u012b pieredze man deva ar\u012b drosmi, kas noder\u0113ja ar\u012b turpm\u0101kaj\u0101s gait\u0101s,\u201d p\u0101rliecin\u0101ts ir K.Zenfs.<\/p>\n<p class=\"text-font font-size--text-xlarge margin-3--bottom\">Visu rakstu lasiet 16.decembra \u017eurn\u0101l\u0101 Dienas Bizness!<\/p>\n<p class=\"text-font font-size--text-xlarge margin-3--bottom\">Abon\u0113t ir \u0113rt\u0101k: <a href=\"https:\/\/ekiosks.lv\/\" target=\"_blank\" rel=\"nofollow noopener\">e-kiosks.lv<\/a>.<\/p>\n","protected":false},"excerpt":{"rendered":"Jebkura uz\u0146\u0113muma veiksmes pamat\u0101 prim\u0101ri ir sp\u0113ja b\u016bt kaut nedaudz, bet lab\u0101kiem nek\u0101 konkurenti, p\u0101rliecin\u0101ts ir K\u0101rlis Zenfs,&hellip;\n","protected":false},"author":2,"featured_media":82784,"comment_status":"","ping_status":"","sticky":false,"template":"","format":"standard","meta":{"footnotes":""},"categories":[12],"tags":[23,869,77,870,28,29,867,32,33,22,30,31,35,39,38,36,37,34,871,868,40,20,26,27,24,25,21],"class_list":{"0":"post-82783","1":"post","2":"type-post","3":"status-publish","4":"format-standard","5":"has-post-thumbnail","7":"category-latvija","8":"tag-aktualitates","9":"tag-biznesa-zinas","10":"tag-bizness","11":"tag-bizness-latvija","12":"tag-breaking-news","13":"tag-breakingnews","14":"tag-dienas-zinas","15":"tag-featured-news","16":"tag-featurednews","17":"tag-headlines","18":"tag-latest-news","19":"tag-latestnews","20":"tag-latvia","21":"tag-latvian","22":"tag-latviesu","23":"tag-latviesu-valoda","24":"tag-latviesuvaloda","25":"tag-latvija","26":"tag-latvijas-biznesa-zinas","27":"tag-latvijas-zinas","28":"tag-lv","29":"tag-news","30":"tag-popularakas-zinas","31":"tag-popularakaszinas","32":"tag-top-stories","33":"tag-topstories","34":"tag-zinas"},"share_on_mastodon":{"url":"https:\/\/pubeurope.com\/@lv\/115762578535505368","error":""},"_links":{"self":[{"href":"https:\/\/www.europesays.com\/lv\/wp-json\/wp\/v2\/posts\/82783","targetHints":{"allow":["GET"]}}],"collection":[{"href":"https:\/\/www.europesays.com\/lv\/wp-json\/wp\/v2\/posts"}],"about":[{"href":"https:\/\/www.europesays.com\/lv\/wp-json\/wp\/v2\/types\/post"}],"author":[{"embeddable":true,"href":"https:\/\/www.europesays.com\/lv\/wp-json\/wp\/v2\/users\/2"}],"replies":[{"embeddable":true,"href":"https:\/\/www.europesays.com\/lv\/wp-json\/wp\/v2\/comments?post=82783"}],"version-history":[{"count":0,"href":"https:\/\/www.europesays.com\/lv\/wp-json\/wp\/v2\/posts\/82783\/revisions"}],"wp:featuredmedia":[{"embeddable":true,"href":"https:\/\/www.europesays.com\/lv\/wp-json\/wp\/v2\/media\/82784"}],"wp:attachment":[{"href":"https:\/\/www.europesays.com\/lv\/wp-json\/wp\/v2\/media?parent=82783"}],"wp:term":[{"taxonomy":"category","embeddable":true,"href":"https:\/\/www.europesays.com\/lv\/wp-json\/wp\/v2\/categories?post=82783"},{"taxonomy":"post_tag","embeddable":true,"href":"https:\/\/www.europesays.com\/lv\/wp-json\/wp\/v2\/tags?post=82783"}],"curies":[{"name":"wp","href":"https:\/\/api.w.org\/{rel}","templated":true}]}}