{"id":82785,"date":"2025-12-22T09:45:14","date_gmt":"2025-12-22T09:45:14","guid":{"rendered":"https:\/\/www.europesays.com\/lv\/82785\/"},"modified":"2025-12-22T09:45:14","modified_gmt":"2025-12-22T09:45:14","slug":"konkursa-mekle-atd-valdes-priekssedetaju-un-valdes-locekli-kadu-atalgojumu-sola","status":"publish","type":"post","link":"https:\/\/www.europesays.com\/lv\/82785\/","title":{"rendered":"Konkurs\u0101 mekl\u0113 ATD valdes priek\u0161s\u0113d\u0113t\u0101ju un valdes locekli \u2013 k\u0101du atalgojumu sola?"},"content":{"rendered":"<p>Satiksmes ministrija izsludin\u0101jusi konkursu uz <a rel=\"noopener nofollow\" target=\"_blank\" href=\"https:\/\/www.delfi.lv\/temas\/51796413\/autotransporta-direkcija\" tag-id=\"51796413\">Autotransporta direkcijas<\/a> (ATD) valdes priek\u0161s\u0113d\u0113t\u0101ja amatu un valdes locek\u013ca amatu, liecina publiskot\u0101 inform\u0101cija.<\/p>\n<p>ATD valdes priek\u0161s\u0113d\u0113t\u0101jam m\u0113ne\u0161a atalgojums paredz\u0113ts l\u012bdz 7603,2 eiro pirms nodok\u013cu nomaksas, bet valdes loceklim \u2013l\u012bdz 5702,4 eiro pirms nodok\u013cu nomaksas.<\/p>\n<p>Amatu pretendenti var pieteikties l\u012bdz 2026. gada 16. janv\u0101rim, ieskaitot.<\/p>\n<p>Valdes priek\u0161s\u0113d\u0113t\u0101ja amata kandid\u0101tiem pras\u012bta p\u0113d\u0113jos 10 gados ieg\u016bta pieredze darb\u012bbas strat\u0113\u0123ijas izstr\u0101des un ievie\u0161anas koordin\u0113\u0161an\u0101 un p\u0101rraudz\u012bb\u0101, pieredze darba pl\u0101nu izstr\u0101des koordin\u0113\u0161an\u0101 un izpildes p\u0101rraudz\u012bb\u0101, pieredze p\u0101rmai\u0146u procesu vad\u012b\u0161an\u0101, kas saist\u012bti ar liel\u0101m vai vid\u0113j\u0101m organiz\u0101cijas strukt\u016br\u0101m, procesiem un\/vai cilv\u0113kresursu izmai\u0146\u0101m, izpratne inform\u0101cijas tehnolo\u0123iju att\u012bst\u012bbas nodro\u0161in\u0101\u0161an\u0101, zin\u0101\u0161anas un izpratne ie\u0146\u0113mumu-izdevumu t\u0101mes jeb bud\u017eeta pl\u0101no\u0161an\u0101 un kontrol\u0113, pieredze invest\u012bciju projektu uzraudz\u012bb\u0101 sabiedrisk\u0101 transporta nozares jom\u0101, k\u0101 ar\u012b pieredze, zin\u0101\u0161anas un izpratne par jaut\u0101jumiem, kas saist\u012bti ar sabiedrisk\u0101 transporta pakalpojumu snieg\u0161anu, tostarp pasa\u017eieru p\u0101rvad\u0101jumos pa dzelzce\u013cu, sadarb\u012bbas koordin\u0113\u0161an\u0101 ar cit\u0101m sabiedrisk\u0101 transporta nozares instit\u016bcij\u0101m, profesion\u0101l\u0101m asoci\u0101cij\u0101m un cit\u0101m saisto\u0161\u0101m nevalstiskaj\u0101m organiz\u0101cij\u0101m, ar augst\u0101kst\u0101vo\u0161\u0101m valsts p\u0101rvaldes instit\u016bcij\u0101m un cit\u0101m iest\u0101d\u0113m sabiedrisk\u0101 transporta jom\u0101.<\/p>\n<p>T\u0101pat ATD valdes priek\u0161s\u0113d\u0113t\u0101ja amata kandid\u0101tiem pras\u012bta p\u0113d\u0113jos 10 gados ieg\u016bta izpratne par ties\u012bbu aktiem un to sagatavo\u0161anu sabiedrisk\u0101 transporta nozares jom\u0101, pieredze komandu vad\u012bba un sadarb\u012bb\u0101 ar ieinteres\u0113taj\u0101m pus\u0113m, komunik\u0101cijas prasmes, tostarp publisk\u0101s komunik\u0101cijas prasmes komunik\u0101cij\u0101 ar medijiem, publisk\u0101 uzst\u0101\u0161an\u0101s, k\u0101 ar\u012b prasmes iek\u0161\u0113j\u0101 uz\u0146\u0113muma komunik\u0101cij\u0101.<\/p>\n<p>Valdes priek\u0161s\u0113d\u0113t\u0101ja amata kandid\u0101tiem kompetence tiks v\u0113rt\u0113ta komandas vad\u012b\u0161an\u0101, strat\u0113\u0123iskaj\u0101 redz\u0113jum\u0101, pl\u0101no\u0161an\u0101 un organiz\u0113\u0161an\u0101, l\u0113mumu pie\u0146em\u0161an\u0101 un atbild\u012bb\u0101, k\u0101 ar\u012b p\u0101rmai\u0146u vad\u012b\u0161an\u0101.<\/p>\n<p>Savuk\u0101rt ATD valdes locek\u013ca amata kandid\u0101tiem pras\u012bta p\u0113d\u0113jos 10 gados ieg\u016bta pieredze pakalpojumu nodro\u0161in\u0101\u0161an\u0101 autop\u0101rvad\u0101jumu jom\u0101 (izpratne autotransporta komercp\u0101rvad\u0101jumu, licenc\u0113\u0161anas un transporta un lo\u0123istikas jaut\u0101jumos), izpratne un pieredze par ATD klientu atbalsta un apkalpo\u0161anas nodro\u0161in\u0101\u0161anu, izpratne par ties\u012bbu aktiem un to sagatavo\u0161anu autotransporta nozares jom\u0101, pieredze att\u012bst\u012bbas projektu uzraudz\u012bbas un ievie\u0161anas jaut\u0101jumos, zin\u0101\u0161anas Eiropas Savien\u012bbas strukt\u016brfondu projektu \u012bsteno\u0161anas uzraudz\u012bb\u0101 un ievie\u0161anas jaut\u0101jumos, zin\u0101\u0161anas kvalit\u0101tes vad\u012bbas sist\u0113mas uztur\u0113\u0161an\u0101 un risku p\u0101rvald\u012bb\u0101, zin\u0101\u0161anas un izpratne par publisko iepirkumu procesiem, k\u0101 ar\u012b izpratne un pieredze finan\u0161u vad\u012bbas jaut\u0101jumos.<\/p>\n<p>Valdes locek\u013ca amata kandid\u0101tiem kompetence tiks v\u0113rt\u0113ta komandas vad\u012b\u0161an\u0101, strat\u0113\u0123iskaj\u0101 redz\u0113jum\u0101, pl\u0101no\u0161an\u0101 un organiz\u0113\u0161an\u0101, l\u0113mumu pie\u0146em\u0161an\u0101 un atbild\u012bb\u0101, pozit\u012bvu attiec\u012bbu veido\u0161an\u0101 un uztur\u0113\u0161an\u0101, k\u0101 ar\u012b orient\u0101cij\u0101 uz rezult\u0101tu sasnieg\u0161anu.<\/p>\n<p>ATD valdes priek\u0161s\u0113d\u0113t\u0101ja amata kandid\u0101tiem, k\u0101 ar\u012b valdes locek\u013ca amata kandid\u0101tiem pras\u012bta nevainojama reput\u0101cija, valsts valodas prasmes ne zem\u0101kas par C1 l\u012bmeni, ang\u013cu valodas prasmes ne zem\u0101kas par B2 l\u012bmeni atbilsto\u0161i Eiropas kop\u012bgaj\u0101m nost\u0101dn\u0113m valodu apguvei, k\u0101 ar\u012b akad\u0113misk\u0101 augst\u0101k\u0101 vai otr\u0101 l\u012bme\u0146a profesion\u0101l\u0101 augst\u0101k\u0101 izgl\u012bt\u012bba atbilsto\u0161i kompetences jomai uz\u0146\u0113m\u0113jdarb\u012bbas vad\u012bb\u0101, ekonomik\u0101, finans\u0113s, transport\u0101 vai lo\u0123istik\u0101, ties\u012bbzin\u0101tn\u0113 vai cit\u0101 piel\u012bdzin\u0101m\u0101 jom\u0101.<\/p>\n<p>T\u0101pat ATD valdes priek\u0161s\u0113d\u0113t\u0101ja amata kandid\u0101tiem un valdes locek\u013ca amata kandid\u0101tiem pras\u012bta vismaz tr\u012bs gadu pieredze, kas ieg\u016bta p\u0113d\u0113jos 10 gados, vid\u0113j\u0101 vai liel\u0101 uz\u0146\u0113mum\u0101 valdes priek\u0161s\u0113d\u0113t\u0101ja, valdes locek\u013ca, uz\u0146\u0113muma vad\u012bt\u0101ja, strukt\u016brvien\u012bbas vad\u012bt\u0101ja vai cit\u0101 augst\u0101k\u0101 l\u012bme\u0146a vad\u012bbas amat\u0101, kas tie\u0161i atskait\u0101s uz\u0146\u0113muma vai iest\u0101des vad\u012bbai vai valdei, vai valsts iest\u0101des vad\u012bt\u0101ja amat\u0101 vai tam l\u012bdzv\u0113rt\u012bg\u0101 vado\u0161\u0101 amat\u0101 (iest\u0101des vad\u012bt\u0101ja vietnieks vai strukt\u016brvien\u012bbas vad\u012bt\u0101js, kas tie\u0161i atskait\u0101s uz\u0146\u0113muma vai iest\u0101des vad\u012bbai), kas nodro\u0161ina kompetences un zin\u0101\u0161anas, kuras nepiecie\u0161amas, lai profesion\u0101li pild\u012btu valdes priek\u0161s\u0113d\u0113t\u0101ja uzdevumus konkr\u0113taj\u0101 amat\u0101.<\/p>\n<p>Kandid\u0101tiem, kuri tiks virz\u012bti konkursu otrajai k\u0101rtai, b\u016bs j\u0101iesniedz un j\u0101prezent\u0113 l\u012bdz 10 min\u016b\u0161u garu strat\u0113\u0123isko redz\u0113jumu par ATD att\u012bst\u012bbas virzieniem tuv\u0101kajos piecos gados.<\/p>\n<p>Atlases un nov\u0113rt\u0113\u0161anas procesu \u012bstenos nomin\u0101cijas komisija sadarb\u012bb\u0101 ar person\u0101la atlases konsultantu SIA &#8220;Eiroperson\u0101ls&#8221;.<\/p>\n<p>ATD vald\u0113 \u0161obr\u012bd str\u0101d\u0101 tikai valdes priek\u0161s\u0113d\u0113t\u0101js J\u0101nis Lapi\u0146\u0161, kur\u0161 par uz\u0146\u0113muma pagaidu valdes priek\u0161s\u0113d\u0113t\u0101ju tika iecelts p\u0113c tam, kad 2025. gada maija izska\u0146\u0101 ATD valdes priek\u0161s\u0113d\u0113t\u0101ja amatu atst\u0101ja Dins Merirands. Lapi\u0146a pilnvaru termi\u0146\u0161 ir uz vienu gadu &#8211; l\u012bdz 2026. gada 26. maijam.<\/p>\n<p>Savuk\u0101rt ATD valdes loceklis iepriek\u0161 bija Kristaps Kr\u016bmi\u0146\u0161, kur\u0161 2025. gada oktobr\u012b atst\u0101ja amatu p\u0113c pa\u0161a v\u0113l\u0113\u0161an\u0101s.<\/p>\n<p>ATD ir vienotas valsts politikas realiz\u0113t\u0101ja starptautisko p\u0101rvad\u0101jumu jom\u0101, autotransporta komercp\u0101rvad\u0101jumu uz\u0146\u0113m\u0113jdarb\u012bbas licenc\u0113\u0161an\u0101, k\u0101 ar\u012b sabiedrisk\u0101 transporta pl\u0101no\u0161an\u0101.<\/p>\n<p class=\"m-0\">Seko &#8220;Delfi&#8221; ar\u012b  <a target=\"_blank\" href=\"https:\/\/www.instagram.com\/delfi.lv\/\" rel=\"nofollow noopener\">Instagram<\/a>  un <a target=\"_blank\" href=\"https:\/\/www.youtube.com\/channel\/UCw5foWtcJvAbUm64rv7jwUQ\" rel=\"nofollow noopener\">YouTube<\/a>  profil\u0101 \u2013 pievienojies, lai uzzin\u0101tu svar\u012bg\u0101ko un interesant\u0101ko pirmais!<\/p>\n<p>Publik\u0101cijas saturs vai t\u0101s jebk\u0101da apjoma da\u013ca ir aizsarg\u0101ts autorties\u012bbu objekts Autorties\u012bbu likuma izpratn\u0113, un t\u0101 izmanto\u0161ana bez izdev\u0113ja at\u013caujas ir aizliegta. Vair\u0101k lasi  <a target=\"_blank\" href=\"https:\/\/www.delfi.lv\/noteikumi#autortiesibas\" rel=\"nofollow noopener\">\u0161eit<\/a><script async src=\"\/\/www.instagram.com\/embed.js\"><\/script><\/p>\n","protected":false},"excerpt":{"rendered":"Satiksmes ministrija izsludin\u0101jusi konkursu uz Autotransporta direkcijas (ATD) valdes priek\u0161s\u0113d\u0113t\u0101ja amatu un valdes locek\u013ca amatu, liecina publiskot\u0101 inform\u0101cija.&hellip;\n","protected":false},"author":2,"featured_media":82786,"comment_status":"","ping_status":"","sticky":false,"template":"","format":"standard","meta":{"footnotes":""},"categories":[5],"tags":[23,1953,28,29,32,33,22,30,31,35,39,38,36,37,34,40,20,26,27,24,25,21],"class_list":{"0":"post-82785","1":"post","2":"type-post","3":"status-publish","4":"format-standard","5":"has-post-thumbnail","7":"category-aktualitates","8":"tag-aktualitates","9":"tag-autotransporta-direkcija","10":"tag-breaking-news","11":"tag-breakingnews","12":"tag-featured-news","13":"tag-featurednews","14":"tag-headlines","15":"tag-latest-news","16":"tag-latestnews","17":"tag-latvia","18":"tag-latvian","19":"tag-latviesu","20":"tag-latviesu-valoda","21":"tag-latviesuvaloda","22":"tag-latvija","23":"tag-lv","24":"tag-news","25":"tag-popularakas-zinas","26":"tag-popularakaszinas","27":"tag-top-stories","28":"tag-topstories","29":"tag-zinas"},"share_on_mastodon":{"url":"https:\/\/pubeurope.com\/@lv\/115762582295819881","error":""},"_links":{"self":[{"href":"https:\/\/www.europesays.com\/lv\/wp-json\/wp\/v2\/posts\/82785","targetHints":{"allow":["GET"]}}],"collection":[{"href":"https:\/\/www.europesays.com\/lv\/wp-json\/wp\/v2\/posts"}],"about":[{"href":"https:\/\/www.europesays.com\/lv\/wp-json\/wp\/v2\/types\/post"}],"author":[{"embeddable":true,"href":"https:\/\/www.europesays.com\/lv\/wp-json\/wp\/v2\/users\/2"}],"replies":[{"embeddable":true,"href":"https:\/\/www.europesays.com\/lv\/wp-json\/wp\/v2\/comments?post=82785"}],"version-history":[{"count":0,"href":"https:\/\/www.europesays.com\/lv\/wp-json\/wp\/v2\/posts\/82785\/revisions"}],"wp:featuredmedia":[{"embeddable":true,"href":"https:\/\/www.europesays.com\/lv\/wp-json\/wp\/v2\/media\/82786"}],"wp:attachment":[{"href":"https:\/\/www.europesays.com\/lv\/wp-json\/wp\/v2\/media?parent=82785"}],"wp:term":[{"taxonomy":"category","embeddable":true,"href":"https:\/\/www.europesays.com\/lv\/wp-json\/wp\/v2\/categories?post=82785"},{"taxonomy":"post_tag","embeddable":true,"href":"https:\/\/www.europesays.com\/lv\/wp-json\/wp\/v2\/tags?post=82785"}],"curies":[{"name":"wp","href":"https:\/\/api.w.org\/{rel}","templated":true}]}}