{"id":82791,"date":"2025-12-22T09:49:17","date_gmt":"2025-12-22T09:49:17","guid":{"rendered":"https:\/\/www.europesays.com\/lv\/82791\/"},"modified":"2025-12-22T09:49:17","modified_gmt":"2025-12-22T09:49:17","slug":"asv-piekrastes-apsardze-venecuelas-piekraste-aizturejusi-jau-otro-naftas-tankkugi-lente-lv","status":"publish","type":"post","link":"https:\/\/www.europesays.com\/lv\/82791\/","title":{"rendered":"ASV piekrastes apsardze Venecu\u0113las piekrast\u0113 aiztur\u0113jusi jau otro naftas tankku\u0123i\u00a0\u2014\u00a0Lente.lv"},"content":{"rendered":"<p>ASV pastiprina spiedienu uz Venecu\u0113lu ar ku\u0123u konfisk\u0101ciju<\/p>\n<p>ASV ir konfisc\u0113ju\u0161as v\u0113l vienu naftas tankku\u0123i, kas nesen bija atst\u0101jis Venecu\u0113las ostas, k\u0101 to apstiprin\u0101jusi ASV Iek\u0161zemes dro\u0161\u012bbas departaments. \u0160\u012b ir jau otr\u0101 reize nepilna m\u0113ne\u0161a laik\u0101, kad Savienoto Valstu sp\u0113ki veic \u0161\u0101das darb\u012bbas, saasinot spriedzi starp Va\u0161ingtonu un Venecu\u0113las prezidentu Nikolasu Maduro. K\u0101 inform\u0113 telekan\u0101ls EuroNews, \u0161\u012b oper\u0101cija notikusi neilgi p\u0113c tam, kad ASV prezidents Donalds Tramps izdevis pav\u0113li par \u201eblok\u0101di\u201d visiem sankcion\u0113tajiem naftas tankku\u0123iem, kas m\u0113\u0123ina iebraukt vai izbraukt no Venecu\u0113las.<\/p>\n<p>Tankku\u0123is tika aiztur\u0113ts sestdien pie Venecu\u0113las krastiem. \u0160is solis turpina ASV administr\u0101cijas pieaugo\u0161o spiedienu uz Maduro re\u017e\u012bmu. Pirm\u0101 ku\u0123a konfisk\u0101cija notika 10. decembr\u012b. Iek\u0161zemes dro\u0161\u012bbas sekret\u0101re Kristija Noema soci\u0101laj\u0101 t\u012bkl\u0101 X apstiprin\u0101ja, ka ASV Krasta apsardze, sa\u0146emot Atbild\u012bg\u0101s departamenta atbalstu, aptur\u0113jusi ku\u0123i, kas p\u0113d\u0113joreiz bija pietauvots Venecu\u0113l\u0101. Noema public\u0113ja video, kur\u0101 redzams, k\u0101 ASV helikopters nolai\u017eojas uz ku\u0123a ar nosaukumu Centuries.<\/p>\n<p>Ku\u0123a Centuries aiztur\u0113\u0161anas apst\u0101k\u013ci<\/p>\n<p>Saska\u0146\u0101 ar ku\u0123u izseko\u0161anas projektu MarineTraffic, kas izmanto publiski pieejamus datus, panamas karoga ku\u0123is Centuries nesen tika nov\u0113rots net\u0101lu no Venecu\u0113las krastiem. Tom\u0113r nav zin\u0101ms, vai \u0161is konkr\u0113tais ku\u0123is bija pak\u013cauts ASV sankcij\u0101m. Anon\u012bmi avoti ASV administr\u0101cij\u0101 nor\u0101d\u012bja, ka ku\u0123a apkalpe piekritusi p\u0101rbaudei, jo tankku\u0123is pats apst\u0101jies un \u013c\u0101vis ASV sp\u0113kiem uzk\u0101pt uz kl\u0101ja.<\/p>\n<blockquote>\n<p>Balt\u0101 nama p\u0101rst\u0101ve Anna Kellija pazi\u0146oja, ka Centuries bijis \u201eviltus karoga ku\u0123is, kas darbojies k\u0101 da\u013ca no Venecu\u0113las \u0113nu flotes, lai tirgotu nozagtas preces\u201d, un p\u0101rvad\u0101jis sankcion\u0113tu naftu.<\/p>\n<\/blockquote>\n<p>Iemesls Centuries konfisk\u0101cijai ir maz\u0101k skaidrs nek\u0101 pirm\u0101 gad\u012bjuma gad\u012bjum\u0101 ar ku\u0123i Skipper, kur\u0161 nelietoja nek\u0101du valsts karogu un bija da\u013ca no sankcion\u0113tu kravu p\u0101rvad\u0101t\u0101ju \u201e\u0113nu flotes\u201d. J\u016bras v\u0113sturnieks doktors Salvatore Merkogliano atz\u012bm\u0113ja, ka datub\u0101zes liecina par Centuries le\u0123it\u012bmu re\u0123istr\u0101ciju. \u201eViss liecina par to, ka tas ir pareizi re\u0123istr\u0113ts ku\u0123is,\u201d vi\u0146\u0161 sac\u012bja, piebilstot, ka, visticam\u0101k, tas tom\u0113r p\u0101rvad\u0101ja sankcion\u0113tu naftu. Merkogliano \u0161o konfisk\u0101ciju nosauca par \u201eiev\u0113rojamu eskal\u0101ciju\u201d un nor\u0101d\u012bja, ka \u201e\u0161is solis dom\u0101ts, lai iedzistu citas tankku\u0123u komp\u0101nijas\u201d.<\/p>\n<p>Venecu\u0113las reakcija un Trampa blo\u0137\u0101des draudi<\/p>\n<p>Venecu\u0113la \u0161o konfisk\u0101ciju nosod\u012bja k\u0101 \u201ekrimin\u0101lu\u201d un draud\u0113ja, ka t\u0101 netiks atst\u0101ta \u201ebez soda\u201d, tostarp iesniedzot s\u016bdz\u012bbas ANO Dro\u0161\u012bbas padom\u0113. P\u0113c pirm\u0101s tankku\u0123a aiztur\u0113\u0161anas Tramps sol\u012bja Venecu\u0113las blok\u0101di un pastiprin\u0101ja retoriku pret Maduro, br\u012bdinot, ka Venecu\u0113las l\u012bdera dienas ir skait\u0101mas. Vi\u0146\u0161 ar\u012b piepras\u012bja atgriezt ASV naftas uz\u0146\u0113mumiem pirms gadiem konfisc\u0113tos akt\u012bvus, uzsverot: \u201eM\u0113s ne\u013causim nevienam braukt cauri, kam nevajadz\u0113tu braukt cauri&#8230; Vi\u0146i to pa\u0146\u0113ma \u2014 vi\u0146i to pa\u0146\u0113ma neleg\u0101li!\u201d<\/p>\n<p>ASV ir m\u0113r\u0137\u0113ju\u0161as ar\u012b uz ku\u0123iem, kas, p\u0113c to teikt\u0101, kontraband\u0101 p\u0101rvad\u0101 fentanilu un citas narkotisk\u0101s vielas. Kop\u0161 septembra \u0161\u0101d\u0101s oper\u0101cij\u0101s esot nogalin\u0101ti vismaz 104 cilv\u0113ki 28 uzbrukumos. Kriti\u0137i gan nor\u0101da, ka pier\u0101d\u012bjumu tr\u016bkst, un \u0161ie n\u0101ves gad\u012bjumi l\u012bdzin\u0101s \u0101rpusprocesa non\u0101v\u0113\u0161anai.<\/p>\n<blockquote>\n<p>Balt\u0101 nama person\u0101la vad\u012bt\u0101ja S\u016bsija Vailsa pazi\u0146oja, ka Tramps \u201ev\u0113las turpin\u0101t uzspridzin\u0101t ku\u0123us, l\u012bdz Maduro padosies (cries uncle).\u201d<\/p>\n<\/blockquote>\n<p>\u0160ie notikumi iez\u012bm\u0113 turpm\u0101ku ASV \u0101rpolitikas nostiprin\u0101\u0161anos re\u0123ion\u0101 pret valst\u012bm, kas pak\u013cautas sankcij\u0101m, un demonstr\u0113 gatav\u012bbu izmantot milit\u0101ru sp\u0113ku, lai nodro\u0161in\u0101tu noteikumu iev\u0113ro\u0161anu starptautiskajos \u016bde\u0146os.<\/p>\n","protected":false},"excerpt":{"rendered":"ASV pastiprina spiedienu uz Venecu\u0113lu ar ku\u0123u konfisk\u0101ciju ASV ir konfisc\u0113ju\u0161as v\u0113l vienu naftas tankku\u0123i, kas nesen bija&hellip;\n","protected":false},"author":2,"featured_media":82792,"comment_status":"","ping_status":"","sticky":false,"template":"","format":"standard","meta":{"footnotes":""},"categories":[14],"tags":[23,57,9445,28,29,32,33,22,20937,30,31,35,39,38,36,37,34,40,20936,20,5168,26,27,24,25,358,54,55,56,21,58],"class_list":{"0":"post-82791","1":"post","2":"type-post","3":"status-publish","4":"format-standard","5":"has-post-thumbnail","7":"category-zinas-no-arvalstim","8":"tag-aktualitates","9":"tag-arvalstim","10":"tag-asv-sankcijas","11":"tag-breaking-news","12":"tag-breakingnews","13":"tag-featured-news","14":"tag-featurednews","15":"tag-headlines","16":"tag-kuga-konfiskacija","17":"tag-latest-news","18":"tag-latestnews","19":"tag-latvia","20":"tag-latvian","21":"tag-latviesu","22":"tag-latviesu-valoda","23":"tag-latviesuvaloda","24":"tag-latvija","25":"tag-lv","26":"tag-naftas-tankkugis","27":"tag-news","28":"tag-nikolass-maduro","29":"tag-popularakas-zinas","30":"tag-popularakaszinas","31":"tag-top-stories","32":"tag-topstories","33":"tag-venecuela","34":"tag-world","35":"tag-world-news","36":"tag-worldnews","37":"tag-zinas","38":"tag-zinas-no-arvalstim"},"share_on_mastodon":{"url":"https:\/\/pubeurope.com\/@lv\/115762600340671836","error":""},"_links":{"self":[{"href":"https:\/\/www.europesays.com\/lv\/wp-json\/wp\/v2\/posts\/82791","targetHints":{"allow":["GET"]}}],"collection":[{"href":"https:\/\/www.europesays.com\/lv\/wp-json\/wp\/v2\/posts"}],"about":[{"href":"https:\/\/www.europesays.com\/lv\/wp-json\/wp\/v2\/types\/post"}],"author":[{"embeddable":true,"href":"https:\/\/www.europesays.com\/lv\/wp-json\/wp\/v2\/users\/2"}],"replies":[{"embeddable":true,"href":"https:\/\/www.europesays.com\/lv\/wp-json\/wp\/v2\/comments?post=82791"}],"version-history":[{"count":0,"href":"https:\/\/www.europesays.com\/lv\/wp-json\/wp\/v2\/posts\/82791\/revisions"}],"wp:featuredmedia":[{"embeddable":true,"href":"https:\/\/www.europesays.com\/lv\/wp-json\/wp\/v2\/media\/82792"}],"wp:attachment":[{"href":"https:\/\/www.europesays.com\/lv\/wp-json\/wp\/v2\/media?parent=82791"}],"wp:term":[{"taxonomy":"category","embeddable":true,"href":"https:\/\/www.europesays.com\/lv\/wp-json\/wp\/v2\/categories?post=82791"},{"taxonomy":"post_tag","embeddable":true,"href":"https:\/\/www.europesays.com\/lv\/wp-json\/wp\/v2\/tags?post=82791"}],"curies":[{"name":"wp","href":"https:\/\/api.w.org\/{rel}","templated":true}]}}