{"id":82797,"date":"2025-12-22T09:55:08","date_gmt":"2025-12-22T09:55:08","guid":{"rendered":"https:\/\/www.europesays.com\/lv\/82797\/"},"modified":"2025-12-22T09:55:08","modified_gmt":"2025-12-22T09:55:08","slug":"orbans-salidzina-es-vadibu-ar-hitleru-skandalozs-pazinojums","status":"publish","type":"post","link":"https:\/\/www.europesays.com\/lv\/82797\/","title":{"rendered":"Orb\u0101ns sal\u012bdzina ES vad\u012bbu ar Hitleru: skandalozs pazi\u0146ojums"},"content":{"rendered":"<p class=\"descr\">Ung\u0101rijas premjerministrs Viktors Orb\u0101ns aps\u016bdz\u0113jis Eiropas Savien\u012bbas vad\u012bbu centienos nodar\u012bt \u013caunumu Krievijai un sal\u012bdzin\u0101ja to ar nacistisk\u0101s V\u0101cijas iebrukumu PSRS &#8211; \u0161\u0101du pazi\u0146ojumu vi\u0146\u0161 sniedza, uzst\u0101joties m\u012bti\u0146\u0101 Seged\u0101, v\u0113sta Ung\u0101rijas izdevums \u201cIndex\u201d.<\/p>\n<p>P\u0113c Orb\u0101na teikt\u0101, vi\u0146\u0161 uzskata, ka eiropie\u0161i v\u0113las izmantot karu Ukrain\u0101, lai v\u0101jin\u0101tu Krieviju, jo vi\u0146i to uzskata par draudu.<\/p>\n<p>&#8220;Napoleons un <a href=\"https:\/\/nra.lv\/tautaruna\/citi\/501999-arheologi-atrod-skeletus-zem-hitlera-galvenas-mitnes.htm\" data-item-link=\"true\" data-item-id=\"501999\" rel=\"nofollow noopener\" target=\"_blank\">Hitlers<\/a> uzbruka Krievijai. Vi\u0146iem tas neizdev\u0101s, bet ES galven\u0101 diplom\u0101te <a href=\"https:\/\/nra.lv\/pasaule\/508240-policija-veic-kratisanu-kajas-kallasas-vaditaja-eadd-aizturetas-tris-personas.htm\" data-item-link=\"true\" data-item-id=\"508240\" rel=\"nofollow noopener\" target=\"_blank\">Kaja Kallasa<\/a> ac\u012bmredzot to dar\u012bs?! Es br\u012bdinu visus neuzbrukt krieviem,&#8221; sac\u012bja Ung\u0101rijas premjerministrs.<\/p>\n<p>Iepriek\u0161 Ung\u0101rijas premjerministrs piesaist\u012bja sabiedr\u012bbas uzman\u012bbu ar pazi\u0146ojumu, ka vi\u0146am &#8220;nav piln\u012bb\u0101 skaidrs&#8221;, kur\u0161 kuram uzbruka Krievijas un Ukrainas kar\u0101. Vi\u0146\u0161 jo \u012bpa\u0161i izc\u0113la faktu, ka liel\u0101k\u0101 da\u013ca ukrai\u0146u turpina dz\u012bvot mier\u012bgu dz\u012bvi, un pati Ukraina nav maza valsts.<\/p>\n<p>Ukrainas \u0101rlietu ministrs Andrijs Sibiha atbild\u0113ja. &#8220;Tas ir tikpat &#8220;nesaprotami&#8221;, k\u0101 tas bija Ung\u0101rijas vad\u012bbai 1939. gad\u0101, Orb\u0101na kungs,&#8221; vi\u0146\u0161 rakst\u012bja soci\u0101lajos t\u012bklos.<\/p>\n<p>\t\t\t\t\t\tinfo<\/p>\n<p>Uzzini pirmais<br \/>kas interesants noticis Latvij\u0101 un pasaul\u0113,<br \/>pievienojoties mums <a href=\"https:\/\/t.me\/neatkariga\" rel=\"nofollow\">Telegram<\/a> vai <a href=\"https:\/\/whatsapp.com\/channel\/0029VaMLFUH5K3zLU5s4wm3y\" rel=\"nofollow noopener\" target=\"_blank\">Whatsapp<\/a> kan\u0101l\u0101<\/p>\n","protected":false},"excerpt":{"rendered":"Ung\u0101rijas premjerministrs Viktors Orb\u0101ns aps\u016bdz\u0113jis Eiropas Savien\u012bbas vad\u012bbu centienos nodar\u012bt \u013caunumu Krievijai un sal\u012bdzin\u0101ja to ar nacistisk\u0101s V\u0101cijas&hellip;\n","protected":false},"author":2,"featured_media":82798,"comment_status":"","ping_status":"","sticky":false,"template":"","format":"standard","meta":{"footnotes":""},"categories":[14],"tags":[23,57,28,29,32,33,22,30,31,35,39,38,36,37,34,40,20,26,27,24,25,54,55,56,21,58],"class_list":{"0":"post-82797","1":"post","2":"type-post","3":"status-publish","4":"format-standard","5":"has-post-thumbnail","7":"category-zinas-no-arvalstim","8":"tag-aktualitates","9":"tag-arvalstim","10":"tag-breaking-news","11":"tag-breakingnews","12":"tag-featured-news","13":"tag-featurednews","14":"tag-headlines","15":"tag-latest-news","16":"tag-latestnews","17":"tag-latvia","18":"tag-latvian","19":"tag-latviesu","20":"tag-latviesu-valoda","21":"tag-latviesuvaloda","22":"tag-latvija","23":"tag-lv","24":"tag-news","25":"tag-popularakas-zinas","26":"tag-popularakaszinas","27":"tag-top-stories","28":"tag-topstories","29":"tag-world","30":"tag-world-news","31":"tag-worldnews","32":"tag-zinas","33":"tag-zinas-no-arvalstim"},"share_on_mastodon":{"url":"https:\/\/pubeurope.com\/@lv\/115762621627906312","error":""},"_links":{"self":[{"href":"https:\/\/www.europesays.com\/lv\/wp-json\/wp\/v2\/posts\/82797","targetHints":{"allow":["GET"]}}],"collection":[{"href":"https:\/\/www.europesays.com\/lv\/wp-json\/wp\/v2\/posts"}],"about":[{"href":"https:\/\/www.europesays.com\/lv\/wp-json\/wp\/v2\/types\/post"}],"author":[{"embeddable":true,"href":"https:\/\/www.europesays.com\/lv\/wp-json\/wp\/v2\/users\/2"}],"replies":[{"embeddable":true,"href":"https:\/\/www.europesays.com\/lv\/wp-json\/wp\/v2\/comments?post=82797"}],"version-history":[{"count":0,"href":"https:\/\/www.europesays.com\/lv\/wp-json\/wp\/v2\/posts\/82797\/revisions"}],"wp:featuredmedia":[{"embeddable":true,"href":"https:\/\/www.europesays.com\/lv\/wp-json\/wp\/v2\/media\/82798"}],"wp:attachment":[{"href":"https:\/\/www.europesays.com\/lv\/wp-json\/wp\/v2\/media?parent=82797"}],"wp:term":[{"taxonomy":"category","embeddable":true,"href":"https:\/\/www.europesays.com\/lv\/wp-json\/wp\/v2\/categories?post=82797"},{"taxonomy":"post_tag","embeddable":true,"href":"https:\/\/www.europesays.com\/lv\/wp-json\/wp\/v2\/tags?post=82797"}],"curies":[{"name":"wp","href":"https:\/\/api.w.org\/{rel}","templated":true}]}}