{"id":82827,"date":"2025-12-22T10:25:08","date_gmt":"2025-12-22T10:25:08","guid":{"rendered":"https:\/\/www.europesays.com\/lv\/82827\/"},"modified":"2025-12-22T10:25:08","modified_gmt":"2025-12-22T10:25:08","slug":"foto-%e2%9f%a9-masveida-avarija-polija-iesaistiti-18-auto","status":"publish","type":"post","link":"https:\/\/www.europesays.com\/lv\/82827\/","title":{"rendered":"FOTO \u27e9 Masveida av\u0101rija Polij\u0101: iesaist\u012bti 18 auto"},"content":{"rendered":"<p>Satiksme sestdienas r\u012bt\u0101 tika atjaunota, pazi\u0146oja Polijas gl\u0101b\u0161anas dienesti.<\/p>\n<p>&#8220;Uz S19 automa\u0123istr\u0101les \u017de\u0161ovas virzien\u0101 notika 18 automa\u0161\u012bnu <a href=\"https:\/\/www.apollo.lv\/term\/568731\/avarija\" class=\"topicLink\" target=\"_blank\" rel=\"nofollow noopener\">av\u0101rija<\/a> (&#8230;),&#8221; port\u0101lam &#8220;tvn24.pl&#8221; past\u0101st\u012bja \u013bub\u013cinas policijas inspektora vietnieks. Vi\u0146\u0161 paskaidroja, ka negad\u012bjum\u0101 bija iesaist\u012btas 13 viegl\u0101s automa\u0161\u012bnas, divas kravas automa\u0161\u012bnas un tr\u012bs mikroautobusi.<\/p>\n<p>&#8220;Asto\u0146\u0101m automa\u0161\u012bn\u0101m izdev\u0101s laikus apst\u0101ties un nobremz\u0113t, t\u0101p\u0113c t\u0101s nesad\u016br\u0101s ar cit\u0101m automa\u0161\u012bn\u0101m,&#8221; vi\u0146\u0161 paskaidroja. Policija iepriek\u0161 bija pazi\u0146ojusi, ka negad\u012bjum\u0101 iesaist\u012btas 26 automa\u0161\u012bnas.<\/p>\n<p>Saska\u0146\u0101 ar \u013bub\u013cinas policijas sniegto inform\u0101ciju, boj\u0101g\u0101ju\u0161o nav.<\/p>\n<p>&#8220;Divpadsmit cilv\u0113kiem bija nepiecie\u0161ama medic\u012bnisk\u0101 pal\u012bdz\u012bba, devi\u0146i cilv\u0113ki joproj\u0101m atrodas slimn\u012bc\u0101. Tom\u0113r, cik mums zin\u0101ms, vi\u0146u g\u016bt\u0101s traumas nav dz\u012bv\u012bbai b\u012bstamas,&#8221; sac\u012bja Polijas policija.<\/p>\n<p>Negad\u012bjumu, visticam\u0101k, izrais\u012bja sare\u017e\u0123\u012bti ce\u013ca apst\u0101k\u013ci. &#8220;Ir migla un slidenas ce\u013ca virsmas,&#8221; sac\u012bja Polijas policijas p\u0101rst\u0101ve.<\/p>\n","protected":false},"excerpt":{"rendered":"Satiksme sestdienas r\u012bt\u0101 tika atjaunota, pazi\u0146oja Polijas gl\u0101b\u0161anas dienesti. &#8220;Uz S19 automa\u0123istr\u0101les \u017de\u0161ovas virzien\u0101 notika 18 automa\u0161\u012bnu av\u0101rija&hellip;\n","protected":false},"author":2,"featured_media":82828,"comment_status":"","ping_status":"","sticky":false,"template":"","format":"standard","meta":{"footnotes":""},"categories":[14],"tags":[23,57,2109,1465,2849,28,29,4940,32,33,22,30,31,35,39,38,36,37,34,40,20,72,26,27,24,25,54,55,56,21,58],"class_list":{"0":"post-82827","1":"post","2":"type-post","3":"status-publish","4":"format-standard","5":"has-post-thumbnail","7":"category-zinas-no-arvalstim","8":"tag-aktualitates","9":"tag-arvalstim","10":"tag-autoavarija","11":"tag-autoavarijas","12":"tag-avarija","13":"tag-breaking-news","14":"tag-breakingnews","15":"tag-cela-hronika","16":"tag-featured-news","17":"tag-featurednews","18":"tag-headlines","19":"tag-latest-news","20":"tag-latestnews","21":"tag-latvia","22":"tag-latvian","23":"tag-latviesu","24":"tag-latviesu-valoda","25":"tag-latviesuvaloda","26":"tag-latvija","27":"tag-lv","28":"tag-news","29":"tag-polija","30":"tag-popularakas-zinas","31":"tag-popularakaszinas","32":"tag-top-stories","33":"tag-topstories","34":"tag-world","35":"tag-world-news","36":"tag-worldnews","37":"tag-zinas","38":"tag-zinas-no-arvalstim"},"share_on_mastodon":{"url":"https:\/\/pubeurope.com\/@lv\/115762739587240738","error":""},"_links":{"self":[{"href":"https:\/\/www.europesays.com\/lv\/wp-json\/wp\/v2\/posts\/82827","targetHints":{"allow":["GET"]}}],"collection":[{"href":"https:\/\/www.europesays.com\/lv\/wp-json\/wp\/v2\/posts"}],"about":[{"href":"https:\/\/www.europesays.com\/lv\/wp-json\/wp\/v2\/types\/post"}],"author":[{"embeddable":true,"href":"https:\/\/www.europesays.com\/lv\/wp-json\/wp\/v2\/users\/2"}],"replies":[{"embeddable":true,"href":"https:\/\/www.europesays.com\/lv\/wp-json\/wp\/v2\/comments?post=82827"}],"version-history":[{"count":0,"href":"https:\/\/www.europesays.com\/lv\/wp-json\/wp\/v2\/posts\/82827\/revisions"}],"wp:featuredmedia":[{"embeddable":true,"href":"https:\/\/www.europesays.com\/lv\/wp-json\/wp\/v2\/media\/82828"}],"wp:attachment":[{"href":"https:\/\/www.europesays.com\/lv\/wp-json\/wp\/v2\/media?parent=82827"}],"wp:term":[{"taxonomy":"category","embeddable":true,"href":"https:\/\/www.europesays.com\/lv\/wp-json\/wp\/v2\/categories?post=82827"},{"taxonomy":"post_tag","embeddable":true,"href":"https:\/\/www.europesays.com\/lv\/wp-json\/wp\/v2\/tags?post=82827"}],"curies":[{"name":"wp","href":"https:\/\/api.w.org\/{rel}","templated":true}]}}