{"id":82839,"date":"2025-12-22T10:32:11","date_gmt":"2025-12-22T10:32:11","guid":{"rendered":"https:\/\/www.europesays.com\/lv\/82839\/"},"modified":"2025-12-22T10:32:11","modified_gmt":"2025-12-22T10:32:11","slug":"latvijas-uznemumi-velas-mi-uzticet-ambiciozakus-uzdevumus-ipasi-personala-vadiba-lente-lv","status":"publish","type":"post","link":"https:\/\/www.europesays.com\/lv\/82839\/","title":{"rendered":"Latvijas uz\u0146\u0113mumi v\u0113las MI uztic\u0113t ambicioz\u0101kus uzdevumus, \u012bpa\u0161i person\u0101la vad\u012bb\u0101\u00a0\u2014\u00a0Lente.lv"},"content":{"rendered":"<p>MI integr\u0101cija biznes\u0101: No teksta \u0123ener\u0113\u0161anas l\u012bdz atbild\u012bgiem uzdevumiem<\/p>\n<p>Tr\u012bs gadu laik\u0101 kop\u0161 m\u0101ksl\u012bg\u0101 intelekta (MI) mode\u013ci k\u013cuva pla\u0161i pieejami, tie ir ie\u0146\u0113mu\u0161i noz\u012bm\u012bgu vietu uz\u0146\u0113mumu ikdienas darb\u012bb\u0101. Lai gan l\u012bdz \u0161im visbie\u017e\u0101k izmantoti ir biju\u0161i teksta \u0123eneratori, jaun\u0101k\u0101 p\u0113t\u012bjuma rezult\u0101ti atkl\u0101j, ka biznesa lietot\u0101ju amb\u012bcijas attiec\u012bb\u0101 uz MI pielietojumu ir iev\u0113rojami pla\u0161\u0101kas. Uz\u0146\u0113mumi gatavi uztic\u0113t viedaj\u0101m sist\u0113m\u0101m daudz atbild\u012bg\u0101kus pien\u0101kumus, tostarp person\u0101la resursu pl\u0101no\u0161anu un ofici\u0101lu dokumentu sagatavo\u0161anu.<\/p>\n<p>Person\u0101la resursu p\u0101rvald\u012bba \u2013 galvenais MI intere\u0161u fokuss<\/p>\n<p>P\u0113t\u012bjum\u0101 \u201cVad\u012bt\u0101ja digit\u0101lais portrets 2025\u201d apkopotie Latvijas uz\u0146\u0113mumu dati liecina, ka visliel\u0101k\u0101 interese par MI piesaisti saist\u012bta ar person\u0101la vad\u012bbas (HR) departamenta funkcij\u0101m. Konkr\u0113ti, 46,2% no visiem respondentiem v\u0113l\u0113tos uztic\u0113t MI instrumentiem darbinieku noslodzes pl\u0101no\u0161anu un darba grafiku sast\u0101d\u012b\u0161anu.<\/p>\n<p>\u0160\u012b tendence ir v\u0113l izteikt\u0101ka augst\u0101k\u0101 un vid\u0113j\u0101 l\u012bme\u0146a vad\u012bt\u0101ju vid\u016b \u2013 49% aptauj\u0101to \u0161\u0101du iesp\u0113ju jau apsver. Tiek uzskat\u012bts, ka pl\u0101no\u0161ana, kas liel\u0101 m\u0113r\u0101 ir matem\u0101tisks uzdevums, ir joma, kur\u0101 MI r\u012bks var\u0113tu sevi apliecin\u0101t \u013coti efekt\u012bvi. Paredzams, ka MI sp\u0113tu nodro\u0161in\u0101t vienm\u0113r\u012bgu darba slodzes sadal\u012bjumu un prec\u012bzi pl\u0101not pietiekami ilgus atp\u016btas periodus.<\/p>\n<p>Juridisko un lietved\u012bbas dokumentu sagatavo\u0161ana \u2013 n\u0101kamais solis<\/p>\n<p>Otr\u0101 popul\u0101r\u0101k\u0101 v\u0113lme, ko izsaka uz\u0146\u0113m\u0113ji, ir MI uztic\u0113t jurista vai lietved\u012bbas darba pal\u012bga pien\u0101kumus. Lai gan \u0123enerat\u012bvos \u010datbotus jau \u0161obr\u012bd intens\u012bvi izmanto vienk\u0101r\u0161u e-pastu un iesniegumu sast\u0101d\u012b\u0161anai, uz\u0146\u0113m\u0113jdarb\u012bbas p\u0101rst\u0101vji v\u0113las pa\u013cauties uz \u0161\u012bm tehnolo\u0123ij\u0101m ar\u012b da\u017e\u0101du l\u012bgumu, r\u012bkojumu un citu lietved\u012bbas dokumentu sagatavo\u0161an\u0101.<\/p>\n<p>Interesanti, ka \u0161aj\u0101 jom\u0101 vad\u012bt\u0101ju interese par MI ir v\u0113l j\u016btam\u0101ka nek\u0101 darbinieku vid\u016b. Ja virtu\u0101los pal\u012bgus sav\u0101 komand\u0101 v\u0113l\u0113tos redz\u0113t 48% vad\u012bt\u0101ju, tad darbinieku grup\u0101 \u0161is r\u0101d\u012bt\u0101js ir zem\u0101ks \u2013 37,1%.<\/p>\n<p>Nosac\u012bjums \u2013 uztic\u0113\u0161an\u0101s precizit\u0101tei<\/p>\n<p>Kopum\u0101, ja biznesa vid\u0113 past\u0101v\u0113tu p\u0101rliec\u012bba, ka MI nepie\u013caus k\u013c\u016bdas, \u0161\u0101du speci\u0101listu pakalpojumus izmantotu 42,8% no visiem aptauj\u0101tajiem. \u0160is nosac\u012bjums \u2013 nepiecie\u0161am\u012bba p\u0113c garant\u0113tas precizit\u0101tes \u2013 ir b\u016btisks faktors, kas \u0161obr\u012bd ierobe\u017eo pla\u0161\u0101ku MI ievie\u0161anu tie\u0161i atbild\u012bgo dokumentu izstr\u0101d\u0113, kur k\u013c\u016bdas var rad\u012bt juridiskas sekas.<\/p>\n","protected":false},"excerpt":{"rendered":"MI integr\u0101cija biznes\u0101: No teksta \u0123ener\u0113\u0161anas l\u012bdz atbild\u012bgiem uzdevumiem Tr\u012bs gadu laik\u0101 kop\u0161 m\u0101ksl\u012bg\u0101 intelekta (MI) mode\u013ci k\u013cuva&hellip;\n","protected":false},"author":2,"featured_media":82840,"comment_status":"","ping_status":"","sticky":false,"template":"","format":"standard","meta":{"footnotes":""},"categories":[12],"tags":[23,28,29,20958,32,33,22,30,31,35,39,38,36,37,34,40,87,20956,20,20957,26,27,24,25,793,21],"class_list":{"0":"post-82839","1":"post","2":"type-post","3":"status-publish","4":"format-standard","5":"has-post-thumbnail","7":"category-latvija","8":"tag-aktualitates","9":"tag-breaking-news","10":"tag-breakingnews","11":"tag-digitalizacija","12":"tag-featured-news","13":"tag-featurednews","14":"tag-headlines","15":"tag-latest-news","16":"tag-latestnews","17":"tag-latvia","18":"tag-latvian","19":"tag-latviesu","20":"tag-latviesu-valoda","21":"tag-latviesuvaloda","22":"tag-latvija","23":"tag-lv","24":"tag-maksligais-intelekts","25":"tag-mi-latvija","26":"tag-news","27":"tag-personala-vadiba","28":"tag-popularakas-zinas","29":"tag-popularakaszinas","30":"tag-top-stories","31":"tag-topstories","32":"tag-uznemejdarbiba","33":"tag-zinas"},"share_on_mastodon":{"url":"https:\/\/pubeurope.com\/@lv\/115762767268143533","error":""},"_links":{"self":[{"href":"https:\/\/www.europesays.com\/lv\/wp-json\/wp\/v2\/posts\/82839","targetHints":{"allow":["GET"]}}],"collection":[{"href":"https:\/\/www.europesays.com\/lv\/wp-json\/wp\/v2\/posts"}],"about":[{"href":"https:\/\/www.europesays.com\/lv\/wp-json\/wp\/v2\/types\/post"}],"author":[{"embeddable":true,"href":"https:\/\/www.europesays.com\/lv\/wp-json\/wp\/v2\/users\/2"}],"replies":[{"embeddable":true,"href":"https:\/\/www.europesays.com\/lv\/wp-json\/wp\/v2\/comments?post=82839"}],"version-history":[{"count":0,"href":"https:\/\/www.europesays.com\/lv\/wp-json\/wp\/v2\/posts\/82839\/revisions"}],"wp:featuredmedia":[{"embeddable":true,"href":"https:\/\/www.europesays.com\/lv\/wp-json\/wp\/v2\/media\/82840"}],"wp:attachment":[{"href":"https:\/\/www.europesays.com\/lv\/wp-json\/wp\/v2\/media?parent=82839"}],"wp:term":[{"taxonomy":"category","embeddable":true,"href":"https:\/\/www.europesays.com\/lv\/wp-json\/wp\/v2\/categories?post=82839"},{"taxonomy":"post_tag","embeddable":true,"href":"https:\/\/www.europesays.com\/lv\/wp-json\/wp\/v2\/tags?post=82839"}],"curies":[{"name":"wp","href":"https:\/\/api.w.org\/{rel}","templated":true}]}}