{"id":82847,"date":"2025-12-22T10:37:11","date_gmt":"2025-12-22T10:37:11","guid":{"rendered":"https:\/\/www.europesays.com\/lv\/82847\/"},"modified":"2025-12-22T10:37:11","modified_gmt":"2025-12-22T10:37:11","slug":"no-tieslietu-departamenta-vietnes-pazudusi-16-dzefrija-epstina-faili-tostarp-foto-ar-donaldu-trampu-lente-lv-2","status":"publish","type":"post","link":"https:\/\/www.europesays.com\/lv\/82847\/","title":{"rendered":"No Tieslietu departamenta vietnes pazudu\u0161i 16 D\u017eefrija Epst\u012bna faili, tostarp foto ar Donaldu Trampu\u00a0\u2014\u00a0Lente.lv"},"content":{"rendered":"<p>Izpau\u0161ana un pazu\u0161ana<\/p>\n<p>ASV Tieslietu departamenta (DOJ) publiskaj\u0101 t\u012bmek\u013ca vietn\u0113, kur tika izvietoti ar b\u0113d\u012bgi slaven\u0101 finansista un noties\u0101t\u0101 pedofila D\u017eefrija Epst\u012bna saist\u012btie dokumenti, p\u0113c to public\u0113\u0161anas piektdien ir konstat\u0113ta 16 failu pazu\u0161ana. K\u0101 inform\u0113 port\u0101ls jauns.lv, \u0161is pazi\u0146ojums rad\u012bjis jaunu rezonansi sabiedr\u012bb\u0101 un politiskaj\u0101s aprind\u0101s. Starp pazudu\u0161ajiem materi\u0101liem ir ar\u012b fotogr\u0101fija, kur\u0101 redzams ASV prezidents Donalds Tramps, liecina \u0101rzemju mediju zi\u0146ojumi.<\/p>\n<p>Pazudu\u0161ie dokumenti, kas piektdien v\u0113l bija pieejami, sestdien vairs nebija atrodamami, un par \u0161o faktu vald\u012bba nav sniegusi nek\u0101dus ofici\u0101lus paskaidrojumus vai pazi\u0146ojumus sabiedr\u012bbai. \u0160\u012b negaid\u012bt\u0101 inform\u0101cijas iz\u0146em\u0161ana no publisk\u0101s pieejam\u012bbas, neinform\u0113jot apmekl\u0113t\u0101jus, ir pastiprin\u0101jusi sabiedr\u012bbas ba\u017eas un spekul\u0101cijas par to, kas tie\u0161i tika dz\u0113sts un k\u0101diem m\u0113r\u0137iem tas tika dar\u012bts, iedzi\u013cinoties ilgsto\u0161aj\u0101 intriga ap Epst\u012bnu un ietekm\u012bgaj\u0101m person\u0101m, kas vi\u0146u iad\u0101rtoja.<\/p>\n<p>Trampa foto un citi dz\u0113stie materi\u0101li<\/p>\n<p>Viena no visvair\u0101k uzman\u012bbu piesaisto\u0161aj\u0101m deta\u013c\u0101m ir konkr\u0113t\u0101s fotogr\u0101fijas pazu\u0161ana. Tiek zi\u0146ots, ka \u0161aj\u0101 att\u0113l\u0101, kas atradies atvilktn\u0113 starp citiem foto, redzams Donalds Tramps kop\u0101 ar pa\u0161u D\u017eefriju Epst\u012bnu, vi\u0146a sievu Mel\u0101niju Trampu un Epst\u012bna ilggad\u0113jo asoci\u0113to biedru, D\u017eisl\u0113nu Maksvelu.<\/p>\n<p>Papildus \u0161im politiski jut\u012bgajam att\u0113lam, pazudu\u0161o failu vid\u016b biju\u0161i ar\u012b citi materi\u0101li, tostarp fotogr\u0101fijas, kas att\u0113lo gleznas ar kail\u0101m sieviet\u0113m, k\u0101 ar\u012b att\u0113li, kas fiks\u0113 fotogr\u0101fiju s\u0113riju uz konsoles un atvilktn\u0113s. \u0160\u012bs deta\u013cas v\u0113l vair\u0101k kurina jaut\u0101jumus par pazu\u0161anas iemesliem.<\/p>\n<p>Tieslietu departamenta reakcija un aizst\u0101v\u012bba<\/p>\n<p>Saskaroties ar kritiku, Tieslietu departaments (DOJ) ir m\u0113\u0123in\u0101jis attaisnot dokumentu dz\u0113\u0161anu. Viens no departamenta p\u0101rst\u0101vjiem, vietnieks \u0123ener\u0101lprokurors Tods Blan\u0161s, sv\u0113tdien aizst\u0101v\u0113ja l\u0113mumu no m\u0101jaslapas no\u0146emt da\u013cu failu. Vi\u0146\u0161 nor\u0101d\u012bja, ka dokumenti tika iz\u0146emti, jo tie \u201ct\u0101pat par\u0101d\u012bja Epst\u012bna upurus\u201d.<\/p>\n<blockquote><p>P\u0113c vi\u0146a teikt\u0101, Trampa fotoatt\u0113ls un citi no\u0146emtie dokumenti tiks atk\u0101rtoti public\u0113ti, tikl\u012bdz tajos tiks veikti nepiecie\u0161amie labojumi jeb redakcijas, lai pasarg\u0101tu izdz\u012bvoju\u0161os. \u201cTam nav nek\u0101da sakara ar prezidentu Trampu,\u201d Blan\u0161s apgalvoja.<\/p><\/blockquote>\n<p>Neskatoties uz \u0161o paskaidrojumu, ir izskan\u0113ju\u0161as ar\u012b kritiskas balsis. Demokr\u0101tu p\u0101rst\u0101vji P\u0101rst\u0101vju pal\u0101tas Uzraudz\u012bbas komitej\u0101 publiski uzdevu\u0161i jaut\u0101jumu: \u201cKas v\u0113l tiek sl\u0113pts? Sabiedr\u012bbai ir ties\u012bbas zin\u0101t paties\u012bbu.\u201d Vi\u0146i uzsver, ka jebkura redakcija likum\u0101 noteiktajos ietvaros ir j\u0101pamato rakstiski.<\/p>\n<p>Pla\u0161\u0101ks konteksts un likumdo\u0161ana<\/p>\n<p>\u0160\u012b publisko\u0161anas f\u0101ze notiek p\u0113c Sen\u0101ta un P\u0101rst\u0101vju pal\u0101tas ar gandr\u012bz vienbals\u012bgu atbalstu pie\u0146emt\u0101 likuma, ko parakst\u012bja prezidents Tramps. \u0160is likums piepras\u012bja, lai Tieslietu ministrija 30 dienu laik\u0101 nodro\u0161in\u0101tu br\u012bvu pieeju visai neklasific\u0113tajai inform\u0101cijai, kas saist\u012bta ar Epst\u012bna un vi\u0146a l\u012bdzdal\u012bbnieces D\u017eisl\u0113nas Maksvelas liet\u0101m. Maksvela \u0161obr\u012bd izcie\u0161 sodu par piedal\u012b\u0161anos cilv\u0113ktirdzniec\u012bb\u0101.<\/p>\n<p>Iepriek\u0161\u0113j\u0101s dokumentu partij\u0101s, kas tika public\u0113tas, jau par\u0101d\u012bj\u0101s \u0161ok\u0113jo\u0161as liec\u012bbas, tostarp atkl\u0101jumi par Epst\u012bna pied\u0101v\u0101jumiem verv\u0113t\u0101j\u0101m, k\u0101 ar\u012b bildes, kur\u0101s redzami t\u0101di paz\u012bstami cilv\u0113ki k\u0101 biju\u0161ais ASV prezidents Bils Klintons un citi. Pats Tramps iepriek\u0161 bija Epst\u012bna pazi\u0146a, ta\u010du noliedz, ka b\u016btu zin\u0101jis par vi\u0146a noziedz\u012bgo darb\u012bbu m\u0113rogu pirms vi\u0146a pirm\u0101s aiztur\u0113\u0161anas.<\/p>\n<p>Sabiedr\u012bbas reakcija un n\u0101kamie so\u013ci<\/p>\n<p>P\u0113d\u0113jo gadu laik\u0101 ir publiskoti vair\u0101ki Epst\u012bna lietas dokumenti, ta\u010du katra jauna k\u0101rta vienm\u0113r izsauc pla\u0161u rezonansi. L\u012bdz ar 16 failu pazu\u0161anu, daudzas no cietu\u0161aj\u0101m person\u0101m, piem\u0113ram, Marina La\u0161erda, kura tika seksu\u0101li izmantota jau 14 gadu vecum\u0101, paudusi vil\u0161anos par tiesu sist\u0113mas darb\u012bbu.<\/p>\n<p>Nav prec\u012bzi zin\u0101ms, vai \u0161ie 16 faili tiks atjaunoti ierastaj\u0101 form\u0101t\u0101, vai ar\u012b tie tiks iek\u013cauti n\u0101kamaj\u0101s revid\u0113taj\u0101s pieg\u0101d\u0113s. DOJ ir nor\u0101d\u012bjis, ka dokumnetu p\u0101rskat\u012b\u0161ana un redi\u0123\u0113\u0161ana notiks konsekventi ar likumu, lai pasarg\u0101tu upuru identit\u0101ti, un ka tiek pl\u0101nots publiskot v\u0113l papildu materi\u0101lus tuv\u0101ko ned\u0113\u013cu laik\u0101. Sabiedr\u012bba gaida skaidrojumu par konkr\u0113ti \u0161o failu iz\u0146em\u0161anas iemesliem un prec\u012bzu datumu, kad tie var\u0113tu atgriezties tie\u0161saist\u0113.<\/p>\n","protected":false},"excerpt":{"rendered":"Izpau\u0161ana un pazu\u0161ana ASV Tieslietu departamenta (DOJ) publiskaj\u0101 t\u012bmek\u013ca vietn\u0113, kur tika izvietoti ar b\u0113d\u012bgi slaven\u0101 finansista un&hellip;\n","protected":false},"author":2,"featured_media":82816,"comment_status":"","ping_status":"","sticky":false,"template":"","format":"standard","meta":{"footnotes":""},"categories":[14],"tags":[23,57,28,29,542,20946,20945,20943,32,33,22,30,31,35,39,38,36,37,34,40,20,26,27,20944,24,25,54,55,56,21,58],"class_list":{"0":"post-82847","1":"post","2":"type-post","3":"status-publish","4":"format-standard","5":"has-post-thumbnail","7":"category-zinas-no-arvalstim","8":"tag-aktualitates","9":"tag-arvalstim","10":"tag-breaking-news","11":"tag-breakingnews","12":"tag-donalds-tramps","13":"tag-dzislena-maksvela","14":"tag-epstina-faili","15":"tag-epstins","16":"tag-featured-news","17":"tag-featurednews","18":"tag-headlines","19":"tag-latest-news","20":"tag-latestnews","21":"tag-latvia","22":"tag-latvian","23":"tag-latviesu","24":"tag-latviesu-valoda","25":"tag-latviesuvaloda","26":"tag-latvija","27":"tag-lv","28":"tag-news","29":"tag-popularakas-zinas","30":"tag-popularakaszinas","31":"tag-tieslietu-departaments","32":"tag-top-stories","33":"tag-topstories","34":"tag-world","35":"tag-world-news","36":"tag-worldnews","37":"tag-zinas","38":"tag-zinas-no-arvalstim"},"share_on_mastodon":{"url":"","error":"Validation failed: Text character limit of 500 exceeded"},"_links":{"self":[{"href":"https:\/\/www.europesays.com\/lv\/wp-json\/wp\/v2\/posts\/82847","targetHints":{"allow":["GET"]}}],"collection":[{"href":"https:\/\/www.europesays.com\/lv\/wp-json\/wp\/v2\/posts"}],"about":[{"href":"https:\/\/www.europesays.com\/lv\/wp-json\/wp\/v2\/types\/post"}],"author":[{"embeddable":true,"href":"https:\/\/www.europesays.com\/lv\/wp-json\/wp\/v2\/users\/2"}],"replies":[{"embeddable":true,"href":"https:\/\/www.europesays.com\/lv\/wp-json\/wp\/v2\/comments?post=82847"}],"version-history":[{"count":0,"href":"https:\/\/www.europesays.com\/lv\/wp-json\/wp\/v2\/posts\/82847\/revisions"}],"wp:featuredmedia":[{"embeddable":true,"href":"https:\/\/www.europesays.com\/lv\/wp-json\/wp\/v2\/media\/82816"}],"wp:attachment":[{"href":"https:\/\/www.europesays.com\/lv\/wp-json\/wp\/v2\/media?parent=82847"}],"wp:term":[{"taxonomy":"category","embeddable":true,"href":"https:\/\/www.europesays.com\/lv\/wp-json\/wp\/v2\/categories?post=82847"},{"taxonomy":"post_tag","embeddable":true,"href":"https:\/\/www.europesays.com\/lv\/wp-json\/wp\/v2\/tags?post=82847"}],"curies":[{"name":"wp","href":"https:\/\/api.w.org\/{rel}","templated":true}]}}