{"id":82850,"date":"2025-12-22T10:40:10","date_gmt":"2025-12-22T10:40:10","guid":{"rendered":"https:\/\/www.europesays.com\/lv\/82850\/"},"modified":"2025-12-22T10:40:10","modified_gmt":"2025-12-22T10:40:10","slug":"sveices-operzvaigzne-regula-milemane-liepajas-koncertzale-izdziedas-skaistakas-kleopatras-arijas","status":"publish","type":"post","link":"https:\/\/www.europesays.com\/lv\/82850\/","title":{"rendered":"\u0160veices operzvaigzne Regula M\u012blemane Liep\u0101jas koncertz\u0101l\u0113 izdzied\u0101s skaist\u0101k\u0101s Kleopatras \u0101rijas"},"content":{"rendered":"<p><img decoding=\"async\" class=\"figure__image\" onclick=\"triggerEvent('articleImageClick', { id: 17354873, focus: 'single-image', focusIndex: '17354873' })\" onkeydown=\"if (event.key === 'Enter') {&#10;        triggerEvent('articleImageClick', { id: 17354873, focus: 'single-image', focusIndex: '17354873' })&#10;        }\" role=\"button\" tabindex=\"0\" data-focus-from=\"single-image\" data-focus-index=\"17354873\" src=\"https:\/\/www.europesays.com\/lv\/wp-content\/uploads\/2025\/12\/17354873t1hf381.jpg\"  onload=\"this.parentElement.classList.remove('figure__image-loading')\" alt=\"\u0160veicie\u0161u sopr\u0101ns Regula M\u012blemane.\"\/>\u0160veicie\u0161u sopr\u0101ns Regula M\u012blemane. Foto: Rolando Villazon<\/p>\n<p>\u0160veices sopr\u0101ns Regula M\u012blemane ir viena no spilgt\u0101kaj\u0101m savas paaudzes operas un koncertm\u0101ksliniec\u0113m, pla\u0161i atz\u012bta par savu krist\u0101ldzidro balsi un juteklisko interpret\u0101ciju. Klaus\u012bt\u0101ji un kriti\u0137i vi\u0146u augstu nov\u0113rt\u0113ju\u0161i par lom\u0101m V\u012bnes un Berl\u012bnes Valstu oper\u0101s, \u201cTeatro alla Scala\u201d, un Zalcburgas festiv\u0101l\u0101. 2024.\/2025. gada sezon\u0101 vi\u0146a uzst\u0101j\u0101s kop\u0101 ar t\u0101diem kolekt\u012bviem k\u0101 B\u0101zeles kameror\u0137estris, V\u012bnes simfoniskais or\u0137estris, Be\u013c\u0123ijas Nacion\u0101lais or\u0137estris, \u201cUtopia\u201d or\u0137estris Teodora Kurendzisa vad\u012bb\u0101 un \u201cBalthasar Neumann\u201d or\u0137estris, ar ko operdzied\u0101t\u0101ja debit\u0113 B\u0113thovena \u201cMissa Solemnis\u201d un turpina uzst\u0101ties ar \u0160trausa un M\u0101lera darbiem Eiropas presti\u017e\u0101kaj\u0101s z\u0101l\u0113s. Regula M\u012blemane ir \u201cSony Classical\u201d ekskluz\u012bv\u0101 m\u0101ksliniece, un vi\u0146as ieraksti \u2013 tostarp \u201cCleopatra\u201d, \u201cMozart II\u201d un \u201cFairy Tales\u201d \u2013 sa\u0146\u0113mu\u0161i vair\u0101kas \u201cOpus Klassik\u201d balvas.<\/p>\n<p><img decoding=\"async\" class=\"figure__image\" onclick=\"triggerEvent('articleImageClick', { id: 17354867, focus: 'single-image', focusIndex: '17354867' })\" onkeydown=\"if (event.key === 'Enter') {&#10;        triggerEvent('articleImageClick', { id: 17354867, focus: 'single-image', focusIndex: '17354867' })&#10;        }\" role=\"button\" tabindex=\"0\" data-focus-from=\"single-image\" data-focus-index=\"17354867\" src=\"https:\/\/www.europesays.com\/lv\/wp-content\/uploads\/2025\/12\/17354867t1h02e1.jpg\"  onload=\"this.parentElement.classList.remove('figure__image-loading')\" alt=\"Or\u0137estris &quot;La Folia Barockorchester&quot;.\"\/>Or\u0137estris &#8220;La Folia Barockorchester&#8221;. Foto: Martin F\u00f6rster<\/p>\n<p>Kop\u0161 dibin\u0101\u0161anas 2007. gad\u0101 \u201cLa Folia Barockorchester\u201d baroka m\u016bzikai liek jaunu kreativit\u0101tes lati\u0146u, pie\u0161\u0137irot tai me\u017eon\u012bgumu un vit\u0101las kr\u0101sas. Taj\u0101 pa\u0161\u0101 laik\u0101 or\u0137estra interpret\u0101cij\u0101s v\u0113rojama dzi\u013ca cie\u0146a pret v\u0113sturisko materi\u0101lu un v\u0113lme atkl\u0101t baroka laikmeta emocijas m\u016bsdienu klaus\u012bt\u0101jam. Or\u0137estris regul\u0101ri uzst\u0101jas presti\u017e\u0101s koncertz\u0101l\u0113s, tostarp Berl\u012bnes un \u0136elnes filharmonij\u0101, V\u012bnes \u201cMusikverein\u201d, starptautiskos festiv\u0101los, k\u0101 ar\u012b sadarbojas ar iev\u0113rojamiem solistiem, piem\u0113ram, Regulu M\u012blemani, Annu Proh\u0101sku, Bed\u017eunu Mehtu u. c. Or\u0137estra ieska\u0146ojumi m\u016bzikas ierakstu nama Deutsche Harmonia Mundi\/Sony pasp\u0101rn\u0113 guvu\u0161i augstu atzin\u012bbu, tostarp \u201cOpus Klassik\u201d balvu.<\/p>\n<p>\u00a0<\/p>\n<p>Koncertu \u201cKleopatra. Valdniece baroka gaism\u0101\u201d organiz\u0113 SIA \u201cLielais Dzintars\u201d. Tas tiek \u012bstenots ar Liep\u0101jas valstspils\u0113tas pa\u0161vald\u012bbas un Valsts kult\u016brkapit\u0101la fonda atbalstu. Bi\u013cetes pieejamas \u201cBi\u013ce\u0161u parad\u012bzes\u201d t\u012bkla kas\u0113s vis\u0101 Latvij\u0101, interneta vietn\u0113 <a target=\"_blank\" rel=\"noopener noreferrer nofollow\" href=\"https:\/\/www.bilesuparadize.lv\/lv\/event\/154607\">www.bilesuparadize.lv<\/a> un koncertz\u0101les inform\u0101cijas centr\u0101.<\/p>\n","protected":false},"excerpt":{"rendered":"\u0160veicie\u0161u sopr\u0101ns Regula M\u012blemane. Foto: Rolando Villazon \u0160veices sopr\u0101ns Regula M\u012blemane ir viena no spilgt\u0101kaj\u0101m savas paaudzes operas&hellip;\n","protected":false},"author":2,"featured_media":82851,"comment_status":"","ping_status":"","sticky":false,"template":"","format":"standard","meta":{"footnotes":""},"categories":[19],"tags":[677,896,89,90,35,39,38,36,37,34,444,40,7239],"class_list":{"0":"post-82850","1":"post","2":"type-post","3":"status-publish","4":"format-standard","5":"has-post-thumbnail","7":"category-izklaide","8":"tag-lielais-dzintars","9":"tag-baroka-muzika","10":"tag-entertainment","11":"tag-izklaide","12":"tag-latvia","13":"tag-latvian","14":"tag-latviesu","15":"tag-latviesu-valoda","16":"tag-latviesuvaloda","17":"tag-latvija","18":"tag-liepaja","19":"tag-lv","20":"tag-sveice"},"share_on_mastodon":{"url":"https:\/\/pubeurope.com\/@lv\/115762798764954071","error":""},"_links":{"self":[{"href":"https:\/\/www.europesays.com\/lv\/wp-json\/wp\/v2\/posts\/82850","targetHints":{"allow":["GET"]}}],"collection":[{"href":"https:\/\/www.europesays.com\/lv\/wp-json\/wp\/v2\/posts"}],"about":[{"href":"https:\/\/www.europesays.com\/lv\/wp-json\/wp\/v2\/types\/post"}],"author":[{"embeddable":true,"href":"https:\/\/www.europesays.com\/lv\/wp-json\/wp\/v2\/users\/2"}],"replies":[{"embeddable":true,"href":"https:\/\/www.europesays.com\/lv\/wp-json\/wp\/v2\/comments?post=82850"}],"version-history":[{"count":0,"href":"https:\/\/www.europesays.com\/lv\/wp-json\/wp\/v2\/posts\/82850\/revisions"}],"wp:featuredmedia":[{"embeddable":true,"href":"https:\/\/www.europesays.com\/lv\/wp-json\/wp\/v2\/media\/82851"}],"wp:attachment":[{"href":"https:\/\/www.europesays.com\/lv\/wp-json\/wp\/v2\/media?parent=82850"}],"wp:term":[{"taxonomy":"category","embeddable":true,"href":"https:\/\/www.europesays.com\/lv\/wp-json\/wp\/v2\/categories?post=82850"},{"taxonomy":"post_tag","embeddable":true,"href":"https:\/\/www.europesays.com\/lv\/wp-json\/wp\/v2\/tags?post=82850"}],"curies":[{"name":"wp","href":"https:\/\/api.w.org\/{rel}","templated":true}]}}