{"id":82854,"date":"2025-12-22T10:43:07","date_gmt":"2025-12-22T10:43:07","guid":{"rendered":"https:\/\/www.europesays.com\/lv\/82854\/"},"modified":"2025-12-22T10:43:07","modified_gmt":"2025-12-22T10:43:07","slug":"100-miljonu-dolaru-zaudejums-krievijai-lipecka-aizdedzinatas-divas-iznicinatajlidmasinas-jauns-lv","status":"publish","type":"post","link":"https:\/\/www.europesays.com\/lv\/82854\/","title":{"rendered":"100 miljonu dol\u0101ru zaud\u0113jums Krievijai &#8211; \u013bipeck\u0101 aizdedzin\u0101tas divas izn\u012bcin\u0101t\u0101jlidma\u0161\u012bnas &#8211; Jauns.lv"},"content":{"rendered":"<ol>\n<li><a href=\"https:\/\/news.google.com\/rss\/articles\/CBMixgFBVV95cUxOdlZZZFQ0VnRwSVBWMWc4dTNLVjdfcGgxMGJmWmk2dzNrci1hdU1aTUZwYTZQdXQwaVNDYU1hY2FQcS1IVlAwVDRaS0xNSGplU2tTTnRxcU1QX1ZKTmdVbUExcTlRQ2s0Q2lORElwVllFb3ZwVVdnTDh6R2x5YjM0U2RMUDNMX3FvTHdqZDNhcWhoUmNJVFR6ZVN1N3F6LVd0OFp2ZzNaT0hWUWVDTjE0X1IyV2ZLTmJWNW9odVZnRzYwY19jY1E?oc=5\" target=\"_blank\" rel=\"nofollow noopener\">100 miljonu dol\u0101ru zaud\u0113jums Krievijai &#8211; \u013bipeck\u0101 aizdedzin\u0101tas divas izn\u012bcin\u0101t\u0101jlidma\u0161\u012bnas<\/a>&nbsp;&nbsp;Jauns.lv<\/li>\n<li><a href=\"https:\/\/news.google.com\/rss\/articles\/CBMiywFBVV95cUxOcXlCclJNVzk5Z3ltdmExS2dJVFc0SjBZeTFYTlotR1hEcUV4SzlQU1oyeDJ3Y0NFZ3FKSXo2OEVBdWdEaGd1SG5aVkZubUNxcEd3Uy1vNjZTR1Q2ZkYyNFBrazdvdGRNdkhpcWY2UVZFY3RZNkUzeHc4MEhsWVR4cXhva29weExOSmtRNnBRQ3g0RENnUl9zQVRJel9jbTRla284SnVYNl9mNUMxaEFvSU94TGVmQlpBOVl4TjVjR0Ixekxsa2Z6R3ZWcw?oc=5\" target=\"_blank\" rel=\"nofollow noopener\">Ukrainas dronu triecien\u0101 Belbekas lidlaukam izn\u012bcin\u0101tas divas kara lidma\u0161\u012bnas Su-27<\/a>&nbsp;&nbsp;Delfi<\/li>\n<li><a href=\"https:\/\/news.google.com\/rss\/articles\/CBMihgFBVV95cUxOOTZxZ19qa1pyYkZESGQ1TUpnSWJFOGthczV2dzlWVkpiVGZhdUp5QTZ0VVdzNzBGS2lqRFl5cHZVeWV4ZHJFZVRyRDFKUkhaWUNUR2NCbTJpSjU3WUFwU2V0a2ZSMFNFaG5OM09nU0h1eThndUJBRlF2SFRld1J4S3JWRGxtZw?oc=5\" target=\"_blank\" rel=\"nofollow noopener\">Ukrainas droni devu\u0161i triecienu Belbekas lidlaukam<\/a>&nbsp;&nbsp;TVNET<\/li>\n<li><a href=\"https:\/\/news.google.com\/rss\/articles\/CBMi3wFBVV95cUxQUWtqWGI0U3VoWFR4X2dBZkJoZmtyNGJZQmxXSVQ3VGNpdU50ZW44allDUi1KSkQ1T3pRSC1IQ2duN1BpZlRkVFJqNlZkRC12a1R2cEtjR1UydVNUVC1NR1QybHZsc1pZN3JiUmhEbjhYRTdNaXRJY1o4SjlpVnEzVWdjNndOd2Y1eHhKeUEycG51RjJuWkhGb0RNODA3SGQtMERUNjdpZDhyNnNOelVYcm9sb1ViSzFDSTBpQk5GLW90VHJZWklOUU9hc0luMGRLSUxCR1JmNjhoRkJzOGZv0gHkAUFVX3lxTE1PYjluN0ZfRFJRaHRMQVNoaW96R3VkczdkcUUyazFfUTA2aC0zRlZqZ0tRU3AxbF9pZGtWT2pVbFdYdEFaS3hyejNqWFMzX2RuellzZGVub1pkaE9MWlJrZWRmVDJ0N2RQaWR5NmwzMFRiVi1FYllQbkhiTWtCYUZmYWZBVmNkM2lQa0NJay1iNFNyMU9FQkFmU0d2TkdWTktqbHpLeFpfMXZQdDJLWThraklzdHZJcmVnZHN3cTYyS0xMbFk5cTdSdXcwN284NmFmQmR0azk2TUpvdWRXcUpUSm0zcQ?oc=5\" target=\"_blank\" rel=\"nofollow noopener\">Ukrainas dzi\u013cie triecieni pret Krieviju ir fotog\u0113ni, ta\u010du nodar\u012bju\u0161i niec\u012bgu kait\u0113jumu \u2014 \u017eurn\u0101lists<\/a>&nbsp;&nbsp;bb.lv<\/li>\n<li><a href=\"https:\/\/news.google.com\/rss\/articles\/CBMi0wFBVV95cUxNZU9jd29VaXFkQ2JPZEhyc0JWRE9xcVRheDVManEyZFFEU0V1d3dGOHlYUEcxZnhQNy1UZGJ4WE1PdVV5SzBldHBBQkQ1elU4OGFFYlQ4Q0Z1dDRmWXhrd0ptdWRLOXRnSmRqY21wVGo0WU5oZHB5UmozN0xieWpHTllYZTk2ZUg1UVdIaHJOcDdFMWZyX1Yxdk1tbkxPeHRqbTJJdUZvdWljeWJXTDNEc080bFhnNlVUUV91NmJHbHo4MHVQc1JxRXVNQ2s5VGY5N01J?oc=5\" target=\"_blank\" rel=\"nofollow noopener\">Ukrainas sp\u0113ki Savas\u013cejkas lidlauk\u0101 tr\u0101pa MiG-31K un Kin\u017ealu nes\u0113j\u0101m; atsisti simtiem gaisa m\u0113r\u0137u<\/a>&nbsp;&nbsp;Lente.lv<\/li>\n<\/ol>\n","protected":false},"excerpt":{"rendered":"100 miljonu dol\u0101ru zaud\u0113jums Krievijai &#8211; \u013bipeck\u0101 aizdedzin\u0101tas divas izn\u012bcin\u0101t\u0101jlidma\u0161\u012bnas&nbsp;&nbsp;Jauns.lv Ukrainas dronu triecien\u0101 Belbekas lidlaukam izn\u012bcin\u0101tas divas kara&hellip;\n","protected":false},"author":2,"featured_media":82855,"comment_status":"","ping_status":"","sticky":false,"template":"","format":"standard","meta":{"footnotes":""},"categories":[14],"tags":[23,57,28,29,32,33,22,30,31,35,39,38,36,37,34,40,20,26,27,24,25,54,55,56,21,58],"class_list":{"0":"post-82854","1":"post","2":"type-post","3":"status-publish","4":"format-standard","5":"has-post-thumbnail","7":"category-zinas-no-arvalstim","8":"tag-aktualitates","9":"tag-arvalstim","10":"tag-breaking-news","11":"tag-breakingnews","12":"tag-featured-news","13":"tag-featurednews","14":"tag-headlines","15":"tag-latest-news","16":"tag-latestnews","17":"tag-latvia","18":"tag-latvian","19":"tag-latviesu","20":"tag-latviesu-valoda","21":"tag-latviesuvaloda","22":"tag-latvija","23":"tag-lv","24":"tag-news","25":"tag-popularakas-zinas","26":"tag-popularakaszinas","27":"tag-top-stories","28":"tag-topstories","29":"tag-world","30":"tag-world-news","31":"tag-worldnews","32":"tag-zinas","33":"tag-zinas-no-arvalstim"},"share_on_mastodon":{"url":"https:\/\/pubeurope.com\/@lv\/115762810398833356","error":""},"_links":{"self":[{"href":"https:\/\/www.europesays.com\/lv\/wp-json\/wp\/v2\/posts\/82854","targetHints":{"allow":["GET"]}}],"collection":[{"href":"https:\/\/www.europesays.com\/lv\/wp-json\/wp\/v2\/posts"}],"about":[{"href":"https:\/\/www.europesays.com\/lv\/wp-json\/wp\/v2\/types\/post"}],"author":[{"embeddable":true,"href":"https:\/\/www.europesays.com\/lv\/wp-json\/wp\/v2\/users\/2"}],"replies":[{"embeddable":true,"href":"https:\/\/www.europesays.com\/lv\/wp-json\/wp\/v2\/comments?post=82854"}],"version-history":[{"count":0,"href":"https:\/\/www.europesays.com\/lv\/wp-json\/wp\/v2\/posts\/82854\/revisions"}],"wp:featuredmedia":[{"embeddable":true,"href":"https:\/\/www.europesays.com\/lv\/wp-json\/wp\/v2\/media\/82855"}],"wp:attachment":[{"href":"https:\/\/www.europesays.com\/lv\/wp-json\/wp\/v2\/media?parent=82854"}],"wp:term":[{"taxonomy":"category","embeddable":true,"href":"https:\/\/www.europesays.com\/lv\/wp-json\/wp\/v2\/categories?post=82854"},{"taxonomy":"post_tag","embeddable":true,"href":"https:\/\/www.europesays.com\/lv\/wp-json\/wp\/v2\/tags?post=82854"}],"curies":[{"name":"wp","href":"https:\/\/api.w.org\/{rel}","templated":true}]}}