{"id":82856,"date":"2025-12-22T10:44:24","date_gmt":"2025-12-22T10:44:24","guid":{"rendered":"https:\/\/www.europesays.com\/lv\/82856\/"},"modified":"2025-12-22T10:44:24","modified_gmt":"2025-12-22T10:44:24","slug":"tas-izradijas-velti-vai-rezisors-met-plinti-krumos-pec-es-ranga-publiskas-apstiprinasanas-lente-lv","status":"publish","type":"post","link":"https:\/\/www.europesays.com\/lv\/82856\/","title":{"rendered":"\u00abTas izr\u0101d\u012bj\u0101s velti\u00bb \u2013 Vai re\u017eisors met plinti kr\u016bmos p\u0113c ES ranga publiskas apstiprin\u0101\u0161anas?\u00a0\u2014\u00a0Lente.lv"},"content":{"rendered":"<p>Re\u017eisora Pesimistiskais Ieraksts un ES Dati<\/p>\n<p>Izcilais latvie\u0161u te\u0101tra re\u017eisors Alvis Hermanis, sabiedr\u012bb\u0101 paz\u012bstams ar saviem skarbiem viedok\u013ciem par valsts att\u012bst\u012bbu, atkal ir uzgriezis uzman\u012bbu, soci\u0101lajos t\u012bklos public\u0113jot p\u0101rdomas, kas liecina par dzi\u013cu vil\u0161anos valsts virzien\u0101. K\u0101 zi\u0146o Latvijas Av\u012bze, vi\u0146a jaun\u0101kais ieraksts s\u0101kas ar neiepriecino\u0161u atsauci uz nesen publiskotiem datiem: \u201cP\u0113cv\u0101rds. Vakar Eurostat apstiprin\u0101ja, ka Latvija nu pavisam ofici\u0101li ir p\u0113d\u0113j\u0101 viet\u0101 Eiropas Savien\u012bb\u0101. Ne\u0161aubos, ka tauta atkal sapulc\u0113sies Doma laukum\u0101, lai izr\u0101d\u012btu savu nosod\u012bjumu un izteiktu savu attieksmi pret valdo\u0161ajiem. Vai varb\u016bt esmu p\u0101r\u0101k naivs?\u201d. \u0160is emocion\u0101lais uzs\u0101ktums netie\u0161i nor\u0101da uz iesp\u0113jamu atteik\u0161anos no t\u0101l\u0101kiem centieniem, kas v\u0113rsti uz p\u0101rmai\u0146\u0101m valst\u012b.<\/p>\n<p>Lai gan kontekst\u0101 nav preciz\u0113ts, par kuru tie\u0161i statistisko r\u0101d\u012bt\u0101ju run\u0101 Hermanis k\u0101 par p\u0113d\u0113jo vietu ES, nesen publiskotie Eiropas Dzimumu L\u012bdzties\u012bbas indeksa rezult\u0101ti 2025. gad\u0101 atkl\u0101j, ka tie\u0161i zin\u0101\u0161anu jom\u0101 Latvija ie\u0146em p\u0113d\u0113jo, 27. vietu starp ES dal\u012bbvalst\u012bm. \u0160is r\u0101d\u012bt\u0101js, ko 2. decembr\u012b public\u0113ja Eiropas Dzimumu l\u012bdzties\u012bbas instit\u016bts (EIGE), Latvijai kopum\u0101 noz\u012bm\u0113ja 24. vietu, kas ir par piec\u0101m poz\u012bcij\u0101m zem\u0101k nek\u0101 iepriek\u0161\u0113j\u0101 gad\u0101. \u0160\u012b rezonanse ar ofici\u0101li apstiprin\u0101tu statistiku, kur\u0101 Latvija ir p\u0113d\u0113j\u0101, rada sp\u0113c\u012bgu iespaidu, ka re\u017eisora pesimisms ir pamatots un balst\u012bts uz aktu\u0101lajiem datiem.<\/p>\n<p>V\u0113l\u0113\u0161anu Sist\u0113mas Mai\u0146as Kust\u012bbas Sabrukums<\/p>\n<p>Re\u017eisora jaut\u0101jums par Doma laukuma pulc\u0113\u0161anos un attieksmi pret valdo\u0161ajiem korel\u0113 ar vi\u0146a publisko aktivit\u0101ti p\u0113d\u0113jos m\u0113ne\u0161os. Iepriek\u0161 Hermanis bija akt\u012bvi iesaist\u012bts biedr\u012bb\u0101 \u201cBez partij\u0101m\u201d, kas cent\u0101s pan\u0101kt v\u0113l\u0113\u0161anu sist\u0113mas mai\u0146u Latvij\u0101. Tom\u0113r, k\u0101 v\u0113sta zi\u0146u port\u0101li, \u0161is projekts sask\u0101ries ar b\u016btisk\u0101m gr\u016bt\u012bb\u0101m un nesagaid\u012bjis pietiekamu sabiedr\u012bbas atbalstu. \u0160\u012b nesekme, visticam\u0101k, ir viens no galvenajiem iemesliem re\u017eisora \u0161\u0137ietamajai atk\u0101p\u0161an\u0101s receptei.<\/p>\n<p>Publisk\u0101 izteik\u0161an\u0101s par \u0161o t\u0113mu, kas dat\u0113ta ar 2025. gada decembra vidusda\u013cu, atkl\u0101j dzi\u013cu vil\u0161anos. Hermanis paudis, ka vairs neuzticas \u0161ai sabiedr\u012bbai, raksturojot to k\u0101 \u201cbezcer\u012bgu\u201d, un pazi\u0146ojis par izst\u0101\u0161anos no biedr\u012bbas. Galvenais \u0161\u0137\u0113rslis esot bijis tas, ka, lai gan daudzi atbalst\u012bju\u0161i ideju priv\u0101ti, praktiski neviens ietekm\u012bgs sabiedr\u012bbas p\u0101rst\u0101vis nav bijis gatavs sniegt atkl\u0101tu publisku atbalstu. Vi\u0146\u0161 uzsv\u0113ra, ka bez \u0161\u0101da publisk\u0101 atbalsta, vi\u0146a loma \u201ckarognes\u0113ja\u201d nevar b\u016bt efekt\u012bva, jo biedr\u012bbas kodolam s\u0101ku\u0161i pievienoties cilv\u0113ki, kas simboliz\u0113 tie\u0161i to sist\u0113mu, pret kuru kust\u012bba iebilda. Rezult\u0101t\u0101 vi\u0146\u0161 secina: \u201cJa nav kazai piena, tad nav.\u201d<\/p>\n<blockquote><p>\u201c\u0160ai sabiedr\u012bbai es vairs neticu. T\u0101 ir bezcer\u012bga,\u201d ar \u0161\u0101diem v\u0101rdiem re\u017eisors Alvis Hermanis nosl\u0113dzis v\u0113st\u012bjumu soci\u0101l\u0101s sazi\u0146as vietn\u0113 &#8220;Facebook\u201d.<\/p><\/blockquote>\n<p>Ekonomiskais Fons un Re\u017eisora Viedok\u013ca Pretruna<\/p>\n<p>Alvja Herma\u0146a pesimisms par valsts st\u0101vokli at\u0161\u0137iras no ofici\u0101laj\u0101m makroekonomiskaj\u0101m prognoz\u0113m, kas, lai gan piesardz\u012bgas, nor\u0101da uz pak\u0101penisku atg\u016b\u0161anos p\u0113c stagn\u0101cijas gadiem. 2025. gada rudens prognozes no Eiropas Komisijas (EK) paredz Latvijai 1% IKP izaugsmi, kas ir nedaudz lab\u0101ks rezult\u0101ts nek\u0101 tika prognoz\u0113ts pavasar\u012b. \u0160o atg\u016b\u0161anos veicina priv\u0101tais pat\u0113ri\u0146\u0161, kas rea\u0123\u0113 uz algu pieaugumu, un ES fondu iepl\u016bde. Tiek prognoz\u0113ts, ka 2026. gad\u0101 izaugsme pa\u0101trin\u0101sies l\u012bdz 1,7%.<\/p>\n<p>Ekonomikas ministrija (EM) ar\u012b apstiprina \u0161o pozit\u012bvo dinamiku, nor\u0101dot, ka 2025. gad\u0101 ekonomik\u0101 v\u0113rojams aktivit\u0101tes pieaugums, kas apliecina, ka tautsaimniec\u012bba sp\u0113j atg\u016bties no iepriek\u0161\u0113jo gadu stagn\u0101cijas. Tom\u0113r, skatoties uz re\u0123ion\u0101lo sal\u012bdzin\u0101jumu, t\u0101das nozares k\u0101 darbasp\u0113ka izmaksas un ra\u017e\u012bgums joproj\u0101m rada jaut\u0101jumus. Lai gan Latvijas darbasp\u0113ka izmaksas (15,1 eiro stund\u0101 2024. gad\u0101, p\u0113c Eurostat datiem) bija zem\u0101kas nek\u0101 Lietuv\u0101 (16,3 eiro) un Igaunij\u0101 (19,6 eiro), ra\u017e\u012bguma l\u012bmenis Latvij\u0101 \u0161obr\u012bd iet \u201cnopaka\u013c\u201d kaimi\u0146valst\u012bm.<\/p>\n<p>Dzi\u013c\u0101ki Izgl\u012bt\u012bbas un Segreg\u0101cijas Jaut\u0101jumi<\/p>\n<p>Fakts, ka Latvija Eiropas Dzimumu L\u012bdzties\u012bbas indeks\u0101 ie\u0146em p\u0113d\u0113jo vietu tie\u0161i zin\u0101\u0161anu dom\u0113n\u0101, nor\u0101da uz dzi\u013c\u0101k\u0101m struktur\u0101l\u0101m probl\u0113m\u0101m. K\u0101 viens no noz\u012bm\u012bg\u0101kajiem faktoriem, kas velk \u0161o r\u0101d\u012bt\u0101ju uz leju, ir segreg\u0101cija izgl\u012bt\u012bbas jom\u0101s, kur\u0101 Latvija ie\u0146em p\u0113d\u0113jo vietu vis\u0101 ES. \u0160\u012b probl\u0113ma ir \u012bpa\u0161i krasa, analiz\u0113jot izgl\u012bt\u012bbas sasniegumus pa dzimumiem \u2013 piem\u0113ram, augst\u0101ko izgl\u012bt\u012bbu vecuma grup\u0101 30\u201334 gadi ir ieguvu\u0161as 57% sievie\u0161u, bet tikai 32% v\u012brie\u0161u. \u0160ie dati ilustr\u0113 nevienl\u012bdz\u012bgu pieeju un rezult\u0101tus, kas, iesp\u0113jams, pastiprina re\u017eisora kritisko skat\u012bjumu uz valsts sp\u0113ju nodro\u0161in\u0101t vienl\u012bdz\u012bgu un kvalitat\u012bvu att\u012bst\u012bbu vis\u0101m sabiedr\u012bbas da\u013c\u0101m.<\/p>\n<p>K\u0101 atz\u012bst pa\u0161i eksperti, kas koment\u0113 EIGE rezult\u0101tus, lai gan zin\u0101\u0161anu jom\u0101 kop\u0161 2020. gada ir fiks\u0113ts uzlabojums, tas nav pietiekams, lai main\u012btu kop\u0113jo poz\u012bciju ES kontekst\u0101. \u0160\u012b stagn\u0101cija, neskatoties uz da\u017eiem pozit\u012bviem so\u013ciem, var\u0113tu b\u016bt pamats Herma\u0146a p\u0101rliec\u012bbai, ka sist\u0113misk\u0101s probl\u0113mas ir p\u0101r\u0101k dzi\u013cas, lai t\u0101s vienk\u0101r\u0161i p\u0101rvar\u0113tu ar sabiedr\u012bbas entuziasmu vai politisk\u0101m deklar\u0101cij\u0101m.<\/p>\n<p>N\u0101kotnes Perspekt\u012bva: Vai Re\u017eisora Atk\u0101p\u0161an\u0101s ir Sign\u0101ls Sabiedr\u012bbai?<\/p>\n<p>Alvis Hermanis, kur\u0161 p\u0113d\u0113jos gados sevi pieteicis ne tikai k\u0101 izcilu m\u0101kslinieku Jaunaj\u0101 R\u012bgas te\u0101tr\u012b, bet ar\u012b k\u0101 akt\u012bvu pilsonisk\u0101s sabiedr\u012bbas dal\u012bbnieku, tagad \u0161\u0137ietami izv\u0113las poz\u012bciju, kur\u0101 vairs neiegulda savu politisko ener\u0123iju. Vi\u0146a pazi\u0146ojums par netic\u012bbu sabiedr\u012bbai un ba\u017eas par eso\u0161\u0101s varas un jauno iniciat\u012bvu savij\u0161anos rada jaut\u0101jumu par iesp\u0113jamo sabiedrisk\u0101s aktivit\u0101tes kritumu visp\u0101r.<\/p>\n<p>Re\u017eisora kredo, ka tautas balss ir \u201csupreme lex\u201d (augst\u0101kais likums), \u0161\u0137ietami saduras ar re\u0101lo situ\u0101ciju, kur\u0101 tautas atbalsts neizpau\u017eas publisk\u0101 mobiliz\u0101cij\u0101, bet paliek priv\u0101tu atzin\u012bbu l\u012bmen\u012b. Ja pat t\u0101d\u0101 autorit\u0101tei k\u0101 Hermanis neizdodas mobiliz\u0113t noz\u012bm\u012bgu atbalstu v\u0113l\u0113\u0161anu sist\u0113mas mai\u0146ai, tas var\u0113tu noz\u012bm\u0113t, ka daudzi iedz\u012bvot\u0101ji, kuri nav apmierin\u0101ti ar eso\u0161o st\u0101vokli, ir non\u0101ku\u0161i ap\u0101tij\u0101 vai uzskata, ka politisk\u0101s sp\u0113les nav iesp\u0113jams main\u012bt no apak\u0161as. T\u0101d\u0113j\u0101di re\u017eisora ironiskais retorisks jaut\u0101jums par to, vai tauta sapulc\u0113sies Doma laukum\u0101, \u0161\u0137iet, ir pies\u0101tin\u0101ts ar skumju p\u0101rliec\u012bbu, ka \u201ctas izr\u0101d\u012bj\u0101s velti\u201d, un atbilde uz vi\u0146a pa\u0161a uzdoto jaut\u0101jumu \u2013 \u201cVai varb\u016bt esmu p\u0101r\u0101k naivs?\u201d \u2013 jau ir sniegta ar sarkastisku atbildi: n\u0113, naivs neesmu, bet cer\u012bbas biju\u0161as neattaisnotas.<\/p>\n","protected":false},"excerpt":{"rendered":"Re\u017eisora Pesimistiskais Ieraksts un ES Dati Izcilais latvie\u0161u te\u0101tra re\u017eisors Alvis Hermanis, sabiedr\u012bb\u0101 paz\u012bstams ar saviem skarbiem viedok\u013ciem&hellip;\n","protected":false},"author":2,"featured_media":82857,"comment_status":"","ping_status":"","sticky":false,"template":"","format":"standard","meta":{"footnotes":""},"categories":[12],"tags":[23,5992,20965,28,29,20966,13502,32,33,22,30,31,35,39,38,36,37,34,9449,40,20,26,27,24,25,21],"class_list":{"0":"post-82856","1":"post","2":"type-post","3":"status-publish","4":"format-standard","5":"has-post-thumbnail","7":"category-latvija","8":"tag-aktualitates","9":"tag-alvis-hermanis","10":"tag-biedriba-bez-partijam","11":"tag-breaking-news","12":"tag-breakingnews","13":"tag-dzimumu-lidztiesibas-indekss","14":"tag-eurostat-dati","15":"tag-featured-news","16":"tag-featurednews","17":"tag-headlines","18":"tag-latest-news","19":"tag-latestnews","20":"tag-latvia","21":"tag-latvian","22":"tag-latviesu","23":"tag-latviesu-valoda","24":"tag-latviesuvaloda","25":"tag-latvija","26":"tag-latvijas-sabiedriba","27":"tag-lv","28":"tag-news","29":"tag-popularakas-zinas","30":"tag-popularakaszinas","31":"tag-top-stories","32":"tag-topstories","33":"tag-zinas"},"share_on_mastodon":{"url":"https:\/\/pubeurope.com\/@lv\/115762814268336273","error":""},"_links":{"self":[{"href":"https:\/\/www.europesays.com\/lv\/wp-json\/wp\/v2\/posts\/82856","targetHints":{"allow":["GET"]}}],"collection":[{"href":"https:\/\/www.europesays.com\/lv\/wp-json\/wp\/v2\/posts"}],"about":[{"href":"https:\/\/www.europesays.com\/lv\/wp-json\/wp\/v2\/types\/post"}],"author":[{"embeddable":true,"href":"https:\/\/www.europesays.com\/lv\/wp-json\/wp\/v2\/users\/2"}],"replies":[{"embeddable":true,"href":"https:\/\/www.europesays.com\/lv\/wp-json\/wp\/v2\/comments?post=82856"}],"version-history":[{"count":0,"href":"https:\/\/www.europesays.com\/lv\/wp-json\/wp\/v2\/posts\/82856\/revisions"}],"wp:featuredmedia":[{"embeddable":true,"href":"https:\/\/www.europesays.com\/lv\/wp-json\/wp\/v2\/media\/82857"}],"wp:attachment":[{"href":"https:\/\/www.europesays.com\/lv\/wp-json\/wp\/v2\/media?parent=82856"}],"wp:term":[{"taxonomy":"category","embeddable":true,"href":"https:\/\/www.europesays.com\/lv\/wp-json\/wp\/v2\/categories?post=82856"},{"taxonomy":"post_tag","embeddable":true,"href":"https:\/\/www.europesays.com\/lv\/wp-json\/wp\/v2\/tags?post=82856"}],"curies":[{"name":"wp","href":"https:\/\/api.w.org\/{rel}","templated":true}]}}