{"id":82858,"date":"2025-12-22T10:45:10","date_gmt":"2025-12-22T10:45:10","guid":{"rendered":"https:\/\/www.europesays.com\/lv\/82858\/"},"modified":"2025-12-22T10:45:10","modified_gmt":"2025-12-22T10:45:10","slug":"razmam-pasaules-cempionata-agra-cina-pret-vel-vienu-debitantu-citi-sporta-veidi-sportacentrs-com","status":"publish","type":"post","link":"https:\/\/www.europesays.com\/lv\/82858\/","title":{"rendered":"Razmam pasaules \u010dempion\u0101t\u0101 agr\u0101 c\u012b\u0146a pret v\u0113l vienu debitantu \u2013 Citi sporta veidi \u2013 Sportacentrs.com"},"content":{"rendered":"<p>Razma pirmo k\u0101rtu aizvad\u012bja pasaules \u010dempion\u0101ta pirmaj\u0101 dien\u0101 \u2013 p\u0113c Latvijas laika jau nakt\u012b uz 12. decembri. 37 gadus vecais latvietis, kur\u0161 pasaules rang\u0101 ie\u0146em 46. vietu, demonstr\u0113ja diezgan viduv\u0113ju sniegumu, ta\u010du ar to bija gana, lai piev\u0101r\u0113tu 22 gadus veco n\u012bderlandie\u0161u debitantu D\u017eamaju van den Heriku, kur\u0161 rang\u0101 ir 115.<\/p>\n<p>Razma uzvar\u0113ja \u010detros setos (3-1), ta\u010du legos bija p\u0101r\u0101ks tikai ar 11-8, guva vid\u0113ji 89.07 punktus (pretiniekam 81.33) tr\u012bs \u0161autri\u0146u pieg\u0101jien\u0101 un tr\u0101p\u012bja 31% nosl\u0113guma dubulto \u0161autri\u0146u (11\/35, pretiniekam 8\/22 jeb 36%). Starp visiem 64 pirm\u0101s k\u0101rtas uzvar\u0113t\u0101jiem Razmam bija 49. vid\u0113j\u0101 punktu summa \u2013 lab\u0101kais ar vid\u0113ji 102.36 punktiem bija \u012brs Viljams O&#8217;Konors, apsteidzot ar\u012b pasaules \u010dempionu L\u016bku Litleru (101.54), bet v\u0101j\u0101kais uzvar\u0113t\u0101js ar vid\u0113ji 80.78 punktiem bija kenijietis Deivids Munjua, kur\u0161 ar\u012b \u0161odien sacent\u012bsies agraj\u0101 sesij\u0101.<\/p>\n<p>Savuk\u0101rt 33 gadus vecais skots Beverid\u017es, kur\u0161 pasaules rang\u0101 ie\u0146em 75. vietu, debit\u0113ja \u013coti p\u0101rliecino\u0161i, ar 3-0 setos un 9-1 legos sakaujot ar 23. numuru izlikto be\u013c\u0123i Dimitr\u012b van den Bergu, kur\u0161 pirms trim gadiem sp\u0113l\u0113ja pusfin\u0101l\u0101 un pret Beverid\u017eu tr\u0101p\u012bja tikai 1\/17 nosl\u0113guma \u0161autru (6%). Beverid\u017es tr\u0101p\u012bja 47% nosl\u0113guma metienu (9\/19) un pieg\u0101jienos guva vid\u0113ji 91.62 punktus \u2013 pret s\u0101ncen\u0161a 80.64.<\/p>\n<p>Razma PDC pasaules \u010dempion\u0101t\u0101 piedal\u0101s sept\u012bto gadu p\u0113c k\u0101rtas un iepriek\u0161\u0113jos divos gados sasniedza tre\u0161o k\u0101rtu, kas ir vi\u0146a lab\u0101kais sasniegums. Bukmeikeri Razmas un Beverid\u017ea izredzes v\u0113rt\u0113 \u013coti l\u012bdzv\u0113rt\u012bgi \u2013 s\u0101kotn\u0113ji minim\u0101la favor\u012bta loma tika atv\u0113l\u0113ta latvietim, bet \u0161or\u012bt tirgus svaru kausus jau nedaudz nosv\u0113ris par labu skotam. Due\u013ca uzvar\u0113t\u0101js tre\u0161aj\u0101 k\u0101rt\u0101 tiksies vai nu ar n\u012bderlandieti D\u017eanu van V\u0113nu, kur\u0161 izlikts ar 10. numuru, vai ar\u012b skotu Elanu S\u016bteru.<\/p>\n<p>Par otr\u0101s k\u0101rtas sasnieg\u0161anu Razma jau ir garant\u0113jis 25 t\u016bksto\u0161us sterli\u0146u m\u0101rci\u0146u (28.5 t\u016bksto\u0161us eiro), bet \u0161odienas sp\u0113les cena ir v\u0113l 10 t\u016bksto\u0161i (11.4 t\u016bksto\u0161i eiro). Pasaules \u010dempions sa\u0146ems miljonu m\u0101rci\u0146u (1.14 miljonus eiro), kop\u0113jais balvu fonds ir pieci miljoni m\u0101rci\u0146u (5.7 miljoni eiro) \u2013 liel\u0101kais organiz\u0101cijas v\u0113stur\u0113. Ar\u012b otraj\u0101 k\u0101rt\u0101 uzvar\u0113t\u0101js tiek noskaidrots l\u012bdz trim uzvar\u0113tiem setiem.<\/p>\n<p>PDC Pasaules \u010dempion\u0101ts \u0161autri\u0146\u0101s, 2. k\u0101rta<\/p>\n<tr>SesijaSp\u0113leLaiks<\/tr>\n<tr class=\"even\">\n<td>Agr\u0101<\/td>\n<td>Derens Beverid\u017es (Skotija) \u2013 Madars Razma (Latvija)<\/td>\n<td>Ap 14.40<\/td>\n<\/tr>\n<tr class=\"odd\">\n<td\/>\n<td>[31] Vesels Neimans (N\u012bderlande) \u2013 Gabriels Klemenss (V\u0101cija)<\/td>\n<td>Ap 15.40<\/td>\n<\/tr>\n<tr class=\"even\">\n<td\/>\n<td>[q] Deivids Munjua (Kenija) \u2013 Kevins D\u016btss (N\u012bderlande)<\/td>\n<td>Ap 16.40<\/td>\n<\/tr>\n<tr class=\"odd\">\n<td\/>\n<td>[7] D\u017eeimss Veids (Anglija) \u2013 Rikijs Evanss (Anglija)<\/td>\n<td>Ap 17.40<\/td>\n<\/tr>\n<tr class=\"even\">\n<td>V\u0113l\u0101<\/td>\n<td>[10] D\u017eans van V\u0113ns (N\u012bderlande) \u2013 Elans S\u016btars (Skotija)<\/td>\n<td>Ap 21.10<\/td>\n<\/tr>\n<tr class=\"odd\">\n<td\/>\n<td>[15] Neitans Aspinals (Anglija) \u2013 [q] Lenards Geitss (ASV)<\/td>\n<td>Ap 22.10<\/td>\n<\/tr>\n<tr class=\"even\">\n<td\/>\n<td>[2] L\u016bks Hamfr\u012bzs (Anglija) \u2013 [q] Pols Lims (Singap\u016bra)<\/td>\n<td>Ap 23.10<\/td>\n<\/tr>\n<tr class=\"odd\">\n<td\/>\n<td>[q] \u010c\u0101rlijs Menbijs (Anglija) \u2013 [q] Edams Sevada (ASV)<\/td>\n<td>Ap 0.10<\/td>\n<\/tr>\n<p>Skaties PDC pasaules \u010dempion\u0101tu \u0161autri\u0146u me\u0161an\u0101 un citus sporta notikumus <a href=\"https:\/\/go3.lv\/sports\" target=\"_blank\" rel=\"nofollow noopener\">&#8220;Go3 Sport&#8221; kan\u0101los un Go3 telev\u012bzij\u0101<\/a>!<\/p>\n","protected":false},"excerpt":{"rendered":"Razma pirmo k\u0101rtu aizvad\u012bja pasaules \u010dempion\u0101ta pirmaj\u0101 dien\u0101 \u2013 p\u0113c Latvijas laika jau nakt\u012b uz 12. decembri. 37&hellip;\n","protected":false},"author":2,"featured_media":82859,"comment_status":"","ping_status":"","sticky":false,"template":"","format":"standard","meta":{"footnotes":""},"categories":[5],"tags":[23,28,29,1303,32,33,22,30,31,35,39,38,36,37,34,40,20,26,27,24,25,21],"class_list":{"0":"post-82858","1":"post","2":"type-post","3":"status-publish","4":"format-standard","5":"has-post-thumbnail","7":"category-aktualitates","8":"tag-aktualitates","9":"tag-breaking-news","10":"tag-breakingnews","11":"tag-citi-sporta-veidi","12":"tag-featured-news","13":"tag-featurednews","14":"tag-headlines","15":"tag-latest-news","16":"tag-latestnews","17":"tag-latvia","18":"tag-latvian","19":"tag-latviesu","20":"tag-latviesu-valoda","21":"tag-latviesuvaloda","22":"tag-latvija","23":"tag-lv","24":"tag-news","25":"tag-popularakas-zinas","26":"tag-popularakaszinas","27":"tag-top-stories","28":"tag-topstories","29":"tag-zinas"},"share_on_mastodon":{"url":"https:\/\/pubeurope.com\/@lv\/115762818178727611","error":""},"_links":{"self":[{"href":"https:\/\/www.europesays.com\/lv\/wp-json\/wp\/v2\/posts\/82858","targetHints":{"allow":["GET"]}}],"collection":[{"href":"https:\/\/www.europesays.com\/lv\/wp-json\/wp\/v2\/posts"}],"about":[{"href":"https:\/\/www.europesays.com\/lv\/wp-json\/wp\/v2\/types\/post"}],"author":[{"embeddable":true,"href":"https:\/\/www.europesays.com\/lv\/wp-json\/wp\/v2\/users\/2"}],"replies":[{"embeddable":true,"href":"https:\/\/www.europesays.com\/lv\/wp-json\/wp\/v2\/comments?post=82858"}],"version-history":[{"count":0,"href":"https:\/\/www.europesays.com\/lv\/wp-json\/wp\/v2\/posts\/82858\/revisions"}],"wp:featuredmedia":[{"embeddable":true,"href":"https:\/\/www.europesays.com\/lv\/wp-json\/wp\/v2\/media\/82859"}],"wp:attachment":[{"href":"https:\/\/www.europesays.com\/lv\/wp-json\/wp\/v2\/media?parent=82858"}],"wp:term":[{"taxonomy":"category","embeddable":true,"href":"https:\/\/www.europesays.com\/lv\/wp-json\/wp\/v2\/categories?post=82858"},{"taxonomy":"post_tag","embeddable":true,"href":"https:\/\/www.europesays.com\/lv\/wp-json\/wp\/v2\/tags?post=82858"}],"curies":[{"name":"wp","href":"https:\/\/api.w.org\/{rel}","templated":true}]}}