{"id":82882,"date":"2025-12-22T11:03:07","date_gmt":"2025-12-22T11:03:07","guid":{"rendered":"https:\/\/www.europesays.com\/lv\/82882\/"},"modified":"2025-12-22T11:03:07","modified_gmt":"2025-12-22T11:03:07","slug":"lipecka-aizdedzinati-divi-krievijas-iznicinataji","status":"publish","type":"post","link":"https:\/\/www.europesays.com\/lv\/82882\/","title":{"rendered":"\u013bipeck\u0101 aizdedzin\u0101ti divi Krievijas izn\u012bcin\u0101t\u0101ji"},"content":{"rendered":"<p>&#8220;Nakt\u012b no 20. uz 21. decembri Krievijas milit\u0101raj\u0101 lidlauk\u0101 net\u0101lu no \u013bipeckas izc\u0113l\u0101s ugunsgr\u0113ks &#8211; dega divi d\u0101rgi ienaidnieka izn\u012bcin\u0101t\u0101ji Su-30 un Su-27,&#8221; teikts pazi\u0146ojum\u0101.<\/p>\n<p>&#8220;Ukrainas Aizsardz\u012bbas ministrijas HUR oper\u0101cij\u0101, ko \u012bstenoja p\u0101rst\u0101vis no preto\u0161an\u0101s kust\u012bbas pret noziedz\u012bgo Krievijas re\u017e\u012bmu, abas agresora milit\u0101r\u0101s lidma\u0161\u012bnas tika izsistas no ierindas,&#8221; nor\u0101d\u012bja HUR.<\/p>\n<p>Lidma\u0161\u012bnu aptuven\u0101 kop\u0113j\u0101 v\u0113rt\u012bba ir 100 miljoni ASV dol\u0101ru.<\/p>\n<p>&#8220;Su-27 un Su-30 ar numuriem &#8220;12&#8221; un &#8220;82&#8221; izdev\u0101s sadedzin\u0101t, pateicoties r\u016bp\u012bgam sagatavo\u0161an\u0101s darbam, aukstasin\u012bbai un profesionalit\u0101tei,&#8221; teikts pazi\u0146ojum\u0101.<\/p>\n<p>Oper\u0101cijas pl\u0101no\u0161ana ilga divas ned\u0113\u013cas.<\/p>\n<p>&#8220;Pateicoties tam, ka bija izp\u0113t\u012bts patrul\u0113\u0161anas mar\u0161ruts un sardzes mai\u0146as grafiks, bija iesp\u0113jams nepaman\u012bti iek\u013c\u016bt agresorvalsts milit\u0101raj\u0101 objekt\u0101, veikt triecienu Krievijas lidma\u0161\u012bn\u0101m &#8220;Su&#8221; tie\u0161i avi\u0101cijas aizsargang\u0101r\u0101 un p\u0113c tam &#8211; netrauc\u0113ti atst\u0101t lidlauku,&#8221; nor\u0101d\u012bja izl\u016bkdienests.<\/p>\n","protected":false},"excerpt":{"rendered":"&#8220;Nakt\u012b no 20. uz 21. decembri Krievijas milit\u0101raj\u0101 lidlauk\u0101 net\u0101lu no \u013bipeckas izc\u0113l\u0101s ugunsgr\u0113ks &#8211; dega divi d\u0101rgi&hellip;\n","protected":false},"author":2,"featured_media":82883,"comment_status":"","ping_status":"","sticky":false,"template":"","format":"standard","meta":{"footnotes":""},"categories":[5],"tags":[23,28,29,32,33,22,234,74,30,31,35,39,38,36,37,34,40,20,26,27,24,25,276,21],"class_list":{"0":"post-82882","1":"post","2":"type-post","3":"status-publish","4":"format-standard","5":"has-post-thumbnail","7":"category-aktualitates","8":"tag-aktualitates","9":"tag-breaking-news","10":"tag-breakingnews","11":"tag-featured-news","12":"tag-featurednews","13":"tag-headlines","14":"tag-krievija","15":"tag-krievijas-iebrukums-ukraina","16":"tag-latest-news","17":"tag-latestnews","18":"tag-latvia","19":"tag-latvian","20":"tag-latviesu","21":"tag-latviesu-valoda","22":"tag-latviesuvaloda","23":"tag-latvija","24":"tag-lv","25":"tag-news","26":"tag-popularakas-zinas","27":"tag-popularakaszinas","28":"tag-top-stories","29":"tag-topstories","30":"tag-ukraina","31":"tag-zinas"},"share_on_mastodon":{"url":"https:\/\/pubeurope.com\/@lv\/115762889074237077","error":""},"_links":{"self":[{"href":"https:\/\/www.europesays.com\/lv\/wp-json\/wp\/v2\/posts\/82882","targetHints":{"allow":["GET"]}}],"collection":[{"href":"https:\/\/www.europesays.com\/lv\/wp-json\/wp\/v2\/posts"}],"about":[{"href":"https:\/\/www.europesays.com\/lv\/wp-json\/wp\/v2\/types\/post"}],"author":[{"embeddable":true,"href":"https:\/\/www.europesays.com\/lv\/wp-json\/wp\/v2\/users\/2"}],"replies":[{"embeddable":true,"href":"https:\/\/www.europesays.com\/lv\/wp-json\/wp\/v2\/comments?post=82882"}],"version-history":[{"count":0,"href":"https:\/\/www.europesays.com\/lv\/wp-json\/wp\/v2\/posts\/82882\/revisions"}],"wp:featuredmedia":[{"embeddable":true,"href":"https:\/\/www.europesays.com\/lv\/wp-json\/wp\/v2\/media\/82883"}],"wp:attachment":[{"href":"https:\/\/www.europesays.com\/lv\/wp-json\/wp\/v2\/media?parent=82882"}],"wp:term":[{"taxonomy":"category","embeddable":true,"href":"https:\/\/www.europesays.com\/lv\/wp-json\/wp\/v2\/categories?post=82882"},{"taxonomy":"post_tag","embeddable":true,"href":"https:\/\/www.europesays.com\/lv\/wp-json\/wp\/v2\/tags?post=82882"}],"curies":[{"name":"wp","href":"https:\/\/api.w.org\/{rel}","templated":true}]}}