{"id":82892,"date":"2025-12-22T11:08:22","date_gmt":"2025-12-22T11:08:22","guid":{"rendered":"https:\/\/www.europesays.com\/lv\/82892\/"},"modified":"2025-12-22T11:08:22","modified_gmt":"2025-12-22T11:08:22","slug":"danijas-pasts-partrauks-400-gadu-senu-tradiciju-piegadat-vestules","status":"publish","type":"post","link":"https:\/\/www.europesays.com\/lv\/82892\/","title":{"rendered":"D\u0101nijas pasts p\u0101rtrauks 400 gadu senu trad\u012bciju \u2013 pieg\u0101d\u0101t v\u0113stules"},"content":{"rendered":"<p>D\u0101nijas pasta dienests &#8220;PostNord&#8221; 30. decembr\u012b pieg\u0101d\u0101s p\u0113d\u0113jo v\u0113stuli, t\u0101d\u0113j\u0101di izbeidzot vair\u0101k nek\u0101 400 gadus senu darb\u012bbu, raksta &#8220;The Guardian&#8221;.<\/p>\n<p>\u0160ogad pazi\u0146ojot par l\u0113mumu p\u0101rtraukt v\u0113stu\u013cu pieg\u0101di, &#8220;PostNord&#8221;, kas tika izveidots 2009. gad\u0101, apvienojoties Zviedrijas un D\u0101nijas pasta dienestiem, pazi\u0146oja, ka D\u0101nij\u0101 samazin\u0101s 1500 darbavietu un likvid\u0113s 1500 rakstur\u012bgo sarkano pastkast\u012b\u0161u, \u0146emot v\u0113r\u0101 D\u0101nijas sabiedr\u012bbas pieaugo\u0161o digitaliz\u0101ciju.<\/p>\n<p class=\"m-0\">Seko &#8220;Delfi&#8221; ar\u012b  <a target=\"_blank\" href=\"https:\/\/www.instagram.com\/delfi.lv\/\" rel=\"nofollow noopener\">Instagram<\/a>  un <a target=\"_blank\" href=\"https:\/\/www.youtube.com\/channel\/UCw5foWtcJvAbUm64rv7jwUQ\" rel=\"nofollow noopener\">YouTube<\/a>  profil\u0101 \u2013 pievienojies, lai uzzin\u0101tu svar\u012bg\u0101ko un interesant\u0101ko pirmais!<\/p>\n<p>Publik\u0101cijas saturs vai t\u0101s jebk\u0101da apjoma da\u013ca ir aizsarg\u0101ts autorties\u012bbu objekts Autorties\u012bbu likuma izpratn\u0113, un t\u0101 izmanto\u0161ana bez izdev\u0113ja at\u013caujas ir aizliegta. Vair\u0101k lasi  <a target=\"_blank\" href=\"https:\/\/www.delfi.lv\/noteikumi#autortiesibas\" rel=\"nofollow noopener\">\u0161eit<\/a><script async src=\"\/\/www.instagram.com\/embed.js\"><\/script><\/p>\n","protected":false},"excerpt":{"rendered":"D\u0101nijas pasta dienests &#8220;PostNord&#8221; 30. decembr\u012b pieg\u0101d\u0101s p\u0113d\u0113jo v\u0113stuli, t\u0101d\u0113j\u0101di izbeidzot vair\u0101k nek\u0101 400 gadus senu darb\u012bbu, raksta&hellip;\n","protected":false},"author":2,"featured_media":82893,"comment_status":"","ping_status":"","sticky":false,"template":"","format":"standard","meta":{"footnotes":""},"categories":[12],"tags":[23,28,29,32,33,22,30,31,35,39,38,36,37,34,40,20,5967,26,27,24,25,21],"class_list":{"0":"post-82892","1":"post","2":"type-post","3":"status-publish","4":"format-standard","5":"has-post-thumbnail","7":"category-latvija","8":"tag-aktualitates","9":"tag-breaking-news","10":"tag-breakingnews","11":"tag-featured-news","12":"tag-featurednews","13":"tag-headlines","14":"tag-latest-news","15":"tag-latestnews","16":"tag-latvia","17":"tag-latvian","18":"tag-latviesu","19":"tag-latviesu-valoda","20":"tag-latviesuvaloda","21":"tag-latvija","22":"tag-lv","23":"tag-news","24":"tag-pasts","25":"tag-popularakas-zinas","26":"tag-popularakaszinas","27":"tag-top-stories","28":"tag-topstories","29":"tag-zinas"},"share_on_mastodon":{"url":"https:\/\/pubeurope.com\/@lv\/115762908866134789","error":""},"_links":{"self":[{"href":"https:\/\/www.europesays.com\/lv\/wp-json\/wp\/v2\/posts\/82892","targetHints":{"allow":["GET"]}}],"collection":[{"href":"https:\/\/www.europesays.com\/lv\/wp-json\/wp\/v2\/posts"}],"about":[{"href":"https:\/\/www.europesays.com\/lv\/wp-json\/wp\/v2\/types\/post"}],"author":[{"embeddable":true,"href":"https:\/\/www.europesays.com\/lv\/wp-json\/wp\/v2\/users\/2"}],"replies":[{"embeddable":true,"href":"https:\/\/www.europesays.com\/lv\/wp-json\/wp\/v2\/comments?post=82892"}],"version-history":[{"count":0,"href":"https:\/\/www.europesays.com\/lv\/wp-json\/wp\/v2\/posts\/82892\/revisions"}],"wp:featuredmedia":[{"embeddable":true,"href":"https:\/\/www.europesays.com\/lv\/wp-json\/wp\/v2\/media\/82893"}],"wp:attachment":[{"href":"https:\/\/www.europesays.com\/lv\/wp-json\/wp\/v2\/media?parent=82892"}],"wp:term":[{"taxonomy":"category","embeddable":true,"href":"https:\/\/www.europesays.com\/lv\/wp-json\/wp\/v2\/categories?post=82892"},{"taxonomy":"post_tag","embeddable":true,"href":"https:\/\/www.europesays.com\/lv\/wp-json\/wp\/v2\/tags?post=82892"}],"curies":[{"name":"wp","href":"https:\/\/api.w.org\/{rel}","templated":true}]}}