{"id":82896,"date":"2025-12-22T11:10:09","date_gmt":"2025-12-22T11:10:09","guid":{"rendered":"https:\/\/www.europesays.com\/lv\/82896\/"},"modified":"2025-12-22T11:10:09","modified_gmt":"2025-12-22T11:10:09","slug":"vai-asa-sizeta-filma-cietais-rieksts-ir-ziemassvetku-kino-klasika-lente-lv","status":"publish","type":"post","link":"https:\/\/www.europesays.com\/lv\/82896\/","title":{"rendered":"Vai asa si\u017eeta filma \u201cCietais rieksts\u201d ir Ziemassv\u0113tku kino klasika?\u00a0\u2014\u00a0Lente.lv"},"content":{"rendered":"<p>Gadu desmitiem ilgi str\u012bd\u0113tais jaut\u0101jums<\/p>\n<p>Vai Br\u016bsa Vilisa (Bruce Willis) 1988. gada asa si\u017eeta filma \u201cCietais rieksts\u201d (Die Hard) paties\u012bb\u0101 ir Ziemassv\u0113tku filma? \u0160is jaut\u0101jums jau gadiem ilgi izraisa karstas diskusijas gan starp kinom\u012b\u013ciem, gan kriti\u0137iem. Lai gan pats galven\u0101s lomas atveidot\u0101js Viliss iepriek\u0161 paudis nost\u0101ju, ka \u0161o filmu neuzskata par sv\u0113tku repertu\u0101ra da\u013cu, \u0161\u0137iet, ka skat\u012bt\u0101ju m\u0113rogs nu ir nosv\u0113rts jaun\u0101 pus\u0113. K\u0101 inform\u0113 port\u0101ls jauns.lv, p\u0113d\u0113j\u0101 laik\u0101 veikt\u0101s aptaujas tom\u0113r liecina par p\u0101rmai\u0146\u0101m \u0161aj\u0101 sabiedriskaj\u0101 viedokl\u012b.<\/p>\n<p>Jaun\u0101k\u0101s aptaujas rezult\u0101ti: Kura puse uzvar?<\/p>\n<p>Neskatoties uz Vilisa apgalvojumiem un filmu, kas ir pilna ar spriedzi un \u0161au\u0161anu, sabiedr\u012bbas atbalsts \u201cCiet\u0101 rieksta\u201d iek\u013cau\u0161anai Ziemassv\u0113tku kanon\u0101 ir audzis. Jaun\u0101kie dati liecina par zin\u0101mu sa\u0161\u0137elt\u012bbu, tom\u0113r tendence ir paman\u0101ma. Aptauj\u0101s, kur\u0101s piedal\u012bj\u0101s iedz\u012bvot\u0101ji, par to, ka filma ir Ziemassv\u0113tku filma, balsoju\u0161i aptuveni 38% respondentu. Tiesa, v\u0113l joproj\u0101m iev\u0113rojams skaits \u2013 44% \u2013 uzskata, ka, lai gan darb\u012bba notiek 24. decembr\u012b, t\u0101 tom\u0113r pieder pie asa si\u017eeta \u017eanra, nevis sv\u0113tku kino. Aptuveni 5% pat atzinu\u0161i, ka \u201cCietais rieksts\u201d ir vi\u0146u oblig\u0101t\u0101 Ziemassv\u0113tku filma, kas demonstr\u0113 filmas dzi\u013co iesak\u0146o\u0161anos sv\u0113tku kult\u016br\u0101.<\/p>\n<p>Argumenti par un pret<\/p>\n<p>Debates centr\u0101 parasti non\u0101k filmas norises laiks un atmosf\u0113ra. \u201cCiet\u0101 rieksta\u201d notikumi risin\u0101s tie\u0161i Ziemassv\u0113tku vakar\u0101, kad policists D\u017eons Makleins ierodas Losand\u017eelos\u0101, lai apmekl\u0113tu savas sievas Holijas organiz\u0113to korporat\u012bvo Ziemassv\u0113tku balli, ko p\u0101rtrauc teroristu iebrukums Nakatomi Plaza \u0113k\u0101. Atbalst\u012bt\u0101ji nor\u0101da uz bie\u017ei atska\u0146oto Ziemassv\u0113tku m\u016bziku un faktu, ka bez Ziemassv\u0113tku iegansta Makleinam neb\u016btu iemesla b\u016bt konkr\u0113taj\u0101 viet\u0101 un laik\u0101, lai satiktos ar sievu. Turkl\u0101t, piem\u0113ram, m\u016bzika \u201cLet It Snow\u201d vai \u201cJingle Bells\u201d daudzk\u0101rt caurau\u017e filmu.<\/p>\n<blockquote><p>Filma \u201cCietais rieksts\u201d paties\u012bb\u0101 ir Ziemassv\u0113tku filma, jo bez sv\u0113tku laika D\u017eons Makleins neb\u016btu devies uz Rietumkrastu, lai apmekl\u0113tu sievas Ziemassv\u0113tku balli.<\/p><\/blockquote>\n<p>Skeptici savuk\u0101rt uzsver, ka filmas galvenais fokuss ir teroristu neitraliz\u0113\u0161ana un izdz\u012bvo\u0161ana, kas nav rakstur\u012bgi tradicion\u0101lajam sv\u0113tku saturam, kur\u0101 domin\u0113 sirsn\u012bba, miers vai kom\u0113dija. Vi\u0146i nor\u0101da, ka \u0161\u0101da veida notikumi var\u0113tu risin\u0101ties jebkur\u0101 gadalaik\u0101, ja vien neb\u016btu Ziemassv\u0113tku mot\u012bvu.<\/p>\n<p>Latvijas konteksts un klasikas sal\u012bdzin\u0101jums<\/p>\n<p>Latvijas auditorijas kino izv\u0113les nereti saskan ar pasaules tendenc\u0113m. Lai gan tradicion\u0101lie saraksti bie\u017ei vien min t\u0101das filmas k\u0101 \u201cViens pats m\u0101j\u0101s\u201d (kas aptauj\u0101s ieguvusi \u012bpa\u0161u popularit\u0101ti) vai \u201cReiz Ziemassv\u0113tkos\u201d, \u201cCietais rieksts\u201d jau sen ir k\u013cuvis par sv\u0113tku maratona sast\u0101vda\u013cu ar\u012b Latvij\u0101, \u012bpa\u0161i tiem, kuri dod priek\u0161roku nestandarta \u017eanriem.<\/p>\n<p>Galu gal\u0101, kam\u0113r da\u013ca auditorijas priek\u0161roku dod mier\u012bg\u0101kai est\u0113tikai, citi bauda pretstatu \u2013 action kom\u0113diju ar sv\u0113tku fonu. Lai gan ofici\u0101la l\u0113muma nav, \u0161\u0137iet, ka skat\u012bt\u0101ji pa\u0161i ir rad\u012bju\u0161i jaunu Ziemassv\u0113tku kino trad\u012bciju, kur\u0101 ietilpst ar\u012b Makleina c\u012b\u0146a Nakatomi Plaza. \u0160is turpiniet\u0101kais kult\u016bras fenomens atg\u0101dina, ka Ziemassv\u0113tku filmas defin\u012bcija laika gait\u0101 var main\u012bties, atkar\u012bb\u0101 no skat\u012bt\u0101ja person\u012bg\u0101s pieredzes un gaumes.<\/p>\n","protected":false},"excerpt":{"rendered":"Gadu desmitiem ilgi str\u012bd\u0113tais jaut\u0101jums Vai Br\u016bsa Vilisa (Bruce Willis) 1988. gada asa si\u017eeta filma \u201cCietais rieksts\u201d (Die&hellip;\n","protected":false},"author":2,"featured_media":82897,"comment_status":"","ping_status":"","sticky":false,"template":"","format":"standard","meta":{"footnotes":""},"categories":[19],"tags":[20982,20981,20984,89,90,20983,35,39,38,36,37,34,40,16205],"class_list":{"0":"post-82896","1":"post","2":"type-post","3":"status-publish","4":"format-standard","5":"has-post-thumbnail","7":"category-izklaide","8":"tag-bruce-willis","9":"tag-cietais-rieksts","10":"tag-die-hard","11":"tag-entertainment","12":"tag-izklaide","13":"tag-kino-debates","14":"tag-latvia","15":"tag-latvian","16":"tag-latviesu","17":"tag-latviesu-valoda","18":"tag-latviesuvaloda","19":"tag-latvija","20":"tag-lv","21":"tag-ziemassvetku-filma"},"share_on_mastodon":{"url":"https:\/\/pubeurope.com\/@lv\/115762916751441456","error":""},"_links":{"self":[{"href":"https:\/\/www.europesays.com\/lv\/wp-json\/wp\/v2\/posts\/82896","targetHints":{"allow":["GET"]}}],"collection":[{"href":"https:\/\/www.europesays.com\/lv\/wp-json\/wp\/v2\/posts"}],"about":[{"href":"https:\/\/www.europesays.com\/lv\/wp-json\/wp\/v2\/types\/post"}],"author":[{"embeddable":true,"href":"https:\/\/www.europesays.com\/lv\/wp-json\/wp\/v2\/users\/2"}],"replies":[{"embeddable":true,"href":"https:\/\/www.europesays.com\/lv\/wp-json\/wp\/v2\/comments?post=82896"}],"version-history":[{"count":0,"href":"https:\/\/www.europesays.com\/lv\/wp-json\/wp\/v2\/posts\/82896\/revisions"}],"wp:featuredmedia":[{"embeddable":true,"href":"https:\/\/www.europesays.com\/lv\/wp-json\/wp\/v2\/media\/82897"}],"wp:attachment":[{"href":"https:\/\/www.europesays.com\/lv\/wp-json\/wp\/v2\/media?parent=82896"}],"wp:term":[{"taxonomy":"category","embeddable":true,"href":"https:\/\/www.europesays.com\/lv\/wp-json\/wp\/v2\/categories?post=82896"},{"taxonomy":"post_tag","embeddable":true,"href":"https:\/\/www.europesays.com\/lv\/wp-json\/wp\/v2\/tags?post=82896"}],"curies":[{"name":"wp","href":"https:\/\/api.w.org\/{rel}","templated":true}]}}