{"id":82900,"date":"2025-12-22T11:13:18","date_gmt":"2025-12-22T11:13:18","guid":{"rendered":"https:\/\/www.europesays.com\/lv\/82900\/"},"modified":"2025-12-22T11:13:18","modified_gmt":"2025-12-22T11:13:18","slug":"svetku-sacensiba-karaliskaja-gimene-megana-markla-publisko-jaunu-gimenes-foto-dazas-stundas-pec-keitas-ziemassvetku-kartites-lente-lv","status":"publish","type":"post","link":"https:\/\/www.europesays.com\/lv\/82900\/","title":{"rendered":"Sv\u0113tku sacens\u012bba karaliskaj\u0101 \u0123imen\u0113? Megana M\u0101rkla publisko jaunu \u0123imenes foto da\u017eas stundas p\u0113c Keitas Ziemassv\u0113tku kart\u012btes &#8211; Lente.lv"},"content":{"rendered":"<ol>\n<li><a href=\"https:\/\/news.google.com\/rss\/articles\/CBMi_AFBVV95cUxPdGdJVUxNM0VVak5pUndTWkRkQlNZMHBERzNURkhtYUI3dERSOEpHU1dJRl9JZExIODA1RHp0b0ZpV1RoT0xBaklCN1IwalRLU3VTNE94VlU3WEo3X19zNmJPelRpTUJ0QVlPejN2MkpwSEFFNlQ2c3VWMS1PQTJ2VzFjLTFLUGs0MUwwcHpNd0JXV19PN01BTC1PNzhGSnE0Y2I3d2JOb2RJWjE0Q2xMa3dBVUZlZUdjNFZhV1ItYVA3NmtqMjQ5V0FPQnpSUU83dzJmbGw3QUlaU2puWHFIMkc4SFR0STVnT0M3dGlzWVZHYVBNMTN4OFlhZG8?oc=5\" target=\"_blank\" rel=\"nofollow noopener\">Sv\u0113tku sacens\u012bba karaliskaj\u0101 \u0123imen\u0113? Megana M\u0101rkla publisko jaunu \u0123imenes foto da\u017eas stundas p\u0113c Keitas Ziemassv\u0113tku kart\u012btes<\/a>&nbsp;&nbsp;Lente.lv<\/li>\n<li><a href=\"https:\/\/news.google.com\/rss\/articles\/CBMizAFBVV95cUxPajk1VFFnbGM5TUtmZ3pscEFKcXVHSEJKWS1wSFlDM3FRWHVYUXJJQndvYm1ZLTNrWmN4UVRmZnBBWE45MmdyQzJ2TFRkci1haFdIemVMT2g2cG1WUjg2Qi1LdW5zX09YbmdsT0QtUHktcHF4RGhDejhKM2V2aVJXN2hITzd1ZU1EazNLVjIxRnJQSmVhcEFrZHlwQTA2WlZrMjhHYnQ3bVUwQkNKSUdDb292X3NZMUczYnRUM1Z4Sy1CTGhZOG5DbnhHWDc?oc=5\" target=\"_blank\" rel=\"nofollow noopener\">Sirsn\u012bgs sv\u0113tku mirklis: Keita Midltone un princis Viljams dal\u0101s ar Ziemassv\u0113tku \u0123imenes foto<\/a>&nbsp;&nbsp;Jauns.lv<\/li>\n<li><a href=\"https:\/\/news.google.com\/rss\/articles\/CBMixgFBVV95cUxPc0FaMzh5SEt2NHozbDRlaHEwT3B2Q0xCdmhubTV2YnB1ZHktMFliTzl4T1F5QWhUdGpmZy1sdjlURzh1QVpwMHN1c25rblpIcm1odE5vaHZNNGRKd1JiTXRkSEpGRy1wRTRPTldNQTNKVmpQQlBGU0tzQXVCa3ZIWHBvc1FNRFhfMDhnQ2ktMzk1a3V0dHVMSThETGU5cmpqZG5YWXJrc2NwVHdwd1BCeXlhUFZvWWs5RjVwX3h5TnZONUxnbUE?oc=5\" target=\"_blank\" rel=\"nofollow noopener\">J\u0101, \u0161ogad \u0161\u0101di! Velsas princese Keita \u0161ogad Ziemassv\u0113tkos pasauli sveic ar pavisam neparastu \u0123imenes atkl\u0101tn\u012bti<\/a>&nbsp;&nbsp;LA.LV<\/li>\n<li><a href=\"https:\/\/news.google.com\/rss\/articles\/CBMixgFBVV95cUxNd1ZKS0FvV09idlltTHpjYXhYTEhKSEVqd2ZDZFRaeWhMTFhYRGlpbGN0bDVUQUhFTmhZZmdvQ1FfZHk3Wm5zZkdKZldTSEVvWHZySkF4SDhCOXZqMHBJblptSzZ5QUhLeWEwdUhDcFo4LS1tcndEbG40MmR3aUJLZGdxSmZkclY0TzZsSU9vVElqbUpzaEtJWWJ1TVRIZjFhN0lKYlgzdlZCWHdiNVVUMS05UnBaakxlbmNCOW9KV0tyWTB6T2c?oc=5\" target=\"_blank\" rel=\"nofollow noopener\">Eksperti skaidro, k\u0101ds zemteksts ir Ketr\u012bnas un Viljama \u0123imenes Ziemassv\u0113tku apsveikumam<\/a>&nbsp;&nbsp;Jauns.lv<\/li>\n<li><a href=\"https:\/\/news.google.com\/rss\/articles\/CBMi-wFBVV95cUxQV0JHNURFUTBBM1JDZTk5YnFJNl9LWWs5dTFmWGktZDdBaGdTcUExNVVNbzBWMHlXWm9RUExZaV9zcTlDUDNiN3VQNlJvRDhucG5YTzZVSkRhbnZObWl3dGFCUjI1OXppenpvS0ZxazRjazhSNVgzQUQ0U2JYcFBhZm03Q2xwbm9sYWtmTzM4alNudWtNYkhhNFFQY3o5Zm5kOEYtZndxTHZjOE1xZmJ5NEJUQnlqcVBuS3d2cFFtRmFWRldwTDk1bU1XZ1FiUmRxX25DOUljQ21VRk1xYmVrMExpdXg3WTR0Mml4Z3VLTXljRHl3Z3lURVRaZw?oc=5\" target=\"_blank\" rel=\"nofollow noopener\">Ned\u0113\u013ca \u0160ovbiznes\u0101: Prin\u010da Viljama un Ketr\u012bnas sirsn\u012bgais foto, Harija un Meganas izol\u0101cija, Nemo atsak\u0101s no \u00abEirov\u012bzijas\u00bb balvas<\/a>&nbsp;&nbsp;Lente.lv<\/li>\n<\/ol>\n","protected":false},"excerpt":{"rendered":"Sv\u0113tku sacens\u012bba karaliskaj\u0101 \u0123imen\u0113? Megana M\u0101rkla publisko jaunu \u0123imenes foto da\u017eas stundas p\u0113c Keitas Ziemassv\u0113tku kart\u012btes&nbsp;&nbsp;Lente.lv Sirsn\u012bgs sv\u0113tku&hellip;\n","protected":false},"author":2,"featured_media":80292,"comment_status":"","ping_status":"","sticky":false,"template":"","format":"standard","meta":{"footnotes":""},"categories":[14],"tags":[23,57,28,29,32,33,22,30,31,35,39,38,36,37,34,40,20,26,27,24,25,54,55,56,21,58],"class_list":{"0":"post-82900","1":"post","2":"type-post","3":"status-publish","4":"format-standard","5":"has-post-thumbnail","7":"category-zinas-no-arvalstim","8":"tag-aktualitates","9":"tag-arvalstim","10":"tag-breaking-news","11":"tag-breakingnews","12":"tag-featured-news","13":"tag-featurednews","14":"tag-headlines","15":"tag-latest-news","16":"tag-latestnews","17":"tag-latvia","18":"tag-latvian","19":"tag-latviesu","20":"tag-latviesu-valoda","21":"tag-latviesuvaloda","22":"tag-latvija","23":"tag-lv","24":"tag-news","25":"tag-popularakas-zinas","26":"tag-popularakaszinas","27":"tag-top-stories","28":"tag-topstories","29":"tag-world","30":"tag-world-news","31":"tag-worldnews","32":"tag-zinas","33":"tag-zinas-no-arvalstim"},"share_on_mastodon":{"url":"https:\/\/pubeurope.com\/@lv\/115762928364248798","error":""},"_links":{"self":[{"href":"https:\/\/www.europesays.com\/lv\/wp-json\/wp\/v2\/posts\/82900","targetHints":{"allow":["GET"]}}],"collection":[{"href":"https:\/\/www.europesays.com\/lv\/wp-json\/wp\/v2\/posts"}],"about":[{"href":"https:\/\/www.europesays.com\/lv\/wp-json\/wp\/v2\/types\/post"}],"author":[{"embeddable":true,"href":"https:\/\/www.europesays.com\/lv\/wp-json\/wp\/v2\/users\/2"}],"replies":[{"embeddable":true,"href":"https:\/\/www.europesays.com\/lv\/wp-json\/wp\/v2\/comments?post=82900"}],"version-history":[{"count":0,"href":"https:\/\/www.europesays.com\/lv\/wp-json\/wp\/v2\/posts\/82900\/revisions"}],"wp:featuredmedia":[{"embeddable":true,"href":"https:\/\/www.europesays.com\/lv\/wp-json\/wp\/v2\/media\/80292"}],"wp:attachment":[{"href":"https:\/\/www.europesays.com\/lv\/wp-json\/wp\/v2\/media?parent=82900"}],"wp:term":[{"taxonomy":"category","embeddable":true,"href":"https:\/\/www.europesays.com\/lv\/wp-json\/wp\/v2\/categories?post=82900"},{"taxonomy":"post_tag","embeddable":true,"href":"https:\/\/www.europesays.com\/lv\/wp-json\/wp\/v2\/tags?post=82900"}],"curies":[{"name":"wp","href":"https:\/\/api.w.org\/{rel}","templated":true}]}}