{"id":82903,"date":"2025-12-22T11:15:11","date_gmt":"2025-12-22T11:15:11","guid":{"rendered":"https:\/\/www.europesays.com\/lv\/82903\/"},"modified":"2025-12-22T11:15:11","modified_gmt":"2025-12-22T11:15:11","slug":"salaspils-socialas-aprupes-centrs-atzime-pirmo-darbibas-gadu","status":"publish","type":"post","link":"https:\/\/www.europesays.com\/lv\/82903\/","title":{"rendered":"Salaspils soci\u0101l\u0101s apr\u016bpes centrs atz\u012bm\u0113 pirmo darb\u012bbas gadu"},"content":{"rendered":"<p>10.decembr\u012b aprit\u0113ja viens gads, kop\u0161 Salaspil\u012b, Ceru iel\u0101\u00a01 k-1, durvis v\u0113ra jaunais un m\u016bsdien\u012bgais Salaspils ilgsto\u0161as soci\u0101l\u0101s apr\u016bpes un soci\u0101l\u0101s rehabilit\u0101cijas centrs. Tas izveidots ar m\u0113r\u0137i sniegt dro\u0161u, profesion\u0101lu un cilv\u0113c\u012bgu apr\u016bpi cilv\u0113kiem, kuri vecuma vai vesel\u012bbas st\u0101vok\u013ca d\u0113\u013c pa\u0161i vairs nesp\u0113j pilnv\u0113rt\u012bgi par\u016bp\u0113ties par savu ikdienu.<\/p>\n<p>Centrs izvietots piecu st\u0101vu \u0113k\u0101 un pied\u0101v\u0101 m\u0101j\u012bgas, \u0113rtas dz\u012bvesvietas 88\u00a0 klientiem. SIA \u201cSalaspils vesel\u012bbas un soci\u0101l\u0101s apr\u016bpes centrs\u201d nodro\u0161ina individu\u0101li piel\u0101gotu apr\u016bpi, vesel\u012bbas apr\u016bpes pakalpojumus un iesp\u0113jas akt\u012bvai soci\u0101lajai dz\u012bvei. Dz\u012bvo\u0161ana pils\u0113tas centr\u0101 \u013cauj senioriem saglab\u0101t saikni ar sabiedr\u012bbu, b\u016bt tuv\u0101k radiniekiem, pakalpojumiem un ikdienas pils\u0113tas dz\u012bvei, k\u0101 ar\u012b veicina da\u017e\u0101du paaud\u017eu mijiedarb\u012bbu.<\/p>\n<p>\u0112ka ir piln\u012bb\u0101 piel\u0101gota vides pieejam\u012bbas pras\u012bb\u0101m\u00a0 \u2013 taj\u0101 ir pla\u0161i lifti, tie\u0161a piek\u013cuve ieejai, moderni apr\u012bkotas dz\u012bvojam\u0101s telpas, koplieto\u0161anas un atp\u016btas zonas, k\u0101 ar\u012b pas\u0101kumu z\u0101le. Klientiem pieejams ar\u012b vesel\u012bbas apr\u016bpes kabinets un baseins. Pacientu dro\u0161\u012bbu un nep\u0101rtrauktu uzraudz\u012bbu nodro\u0161ina m\u016bsdien\u012bga uzraudz\u012bbas sist\u0113ma. Savuk\u0101rt atra\u0161an\u0101s Salaspils Vesel\u012bbas centra tuvum\u0101 \u013cauj operat\u012bvi nodro\u0161in\u0101t papildu medic\u012bniskos pakalpojumus.<\/p>\n<p>Pirm\u0101s jubilejas svin\u012bbas aizvad\u012btas pateic\u012bbas piln\u0101 gaisotn\u0113. Centra iem\u012btnieki tika sveikti ar m\u012b\u013ciem v\u0101rdiem un pa\u0161cept\u0101m pipark\u016bk\u0101m, radot \u0123imenisku noska\u0146u. Savuk\u0101rt dienu v\u0113l\u0101k notika jubilejas pas\u0101kums darbiniekiem un viesiem, kuru vid\u016b bija Salaspils novada pa\u0161vald\u012bbas vad\u012bba un soci\u0101l\u0101s jomas p\u0101rst\u0101vji. Pas\u0101kuma laik\u0101 tika izteikta pateic\u012bba apr\u016bpes centra komandai par ieguld\u012bto darbu, r\u016bp\u0113m un cilv\u0113c\u012bbu, kas ik dienu tiek sniegta centra iem\u012btniekiem.<\/p>\n<p>Aizvad\u012btais gads apliecina, ka Salaspils soci\u0101l\u0101s apr\u016bpes centrs ir k\u013cuvis par \u012bst\u0101m m\u0101j\u0101m daudziem senioriem\u00a0\u2013 vietu, kur valda dro\u0161\u012bba, sapratne un sirds siltums.<\/p>\n","protected":false},"excerpt":{"rendered":"10.decembr\u012b aprit\u0113ja viens gads, kop\u0161 Salaspil\u012b, Ceru iel\u0101\u00a01 k-1, durvis v\u0113ra jaunais un m\u016bsdien\u012bgais Salaspils ilgsto\u0161as soci\u0101l\u0101s apr\u016bpes&hellip;\n","protected":false},"author":2,"featured_media":82904,"comment_status":"","ping_status":"","sticky":false,"template":"","format":"standard","meta":{"footnotes":""},"categories":[5],"tags":[23,28,29,47,32,33,22,381,64,30,31,35,39,38,36,37,34,40,20,385,26,27,172,382,384,383,24,25,21],"class_list":{"0":"post-82903","1":"post","2":"type-post","3":"status-publish","4":"format-standard","5":"has-post-thumbnail","7":"category-aktualitates","8":"tag-aktualitates","9":"tag-breaking-news","10":"tag-breakingnews","11":"tag-ekonomika","12":"tag-featured-news","13":"tag-featurednews","14":"tag-headlines","15":"tag-jaunumi","16":"tag-kultura","17":"tag-latest-news","18":"tag-latestnews","19":"tag-latvia","20":"tag-latvian","21":"tag-latviesu","22":"tag-latviesu-valoda","23":"tag-latviesuvaloda","24":"tag-latvija","25":"tag-lv","26":"tag-news","27":"tag-pieriga","28":"tag-popularakas-zinas","29":"tag-popularakaszinas","30":"tag-riga","31":"tag-sabiedriba","32":"tag-sludinajumi","33":"tag-sports-afisa","34":"tag-top-stories","35":"tag-topstories","36":"tag-zinas"},"share_on_mastodon":{"url":"https:\/\/pubeurope.com\/@lv\/115762936061036508","error":""},"_links":{"self":[{"href":"https:\/\/www.europesays.com\/lv\/wp-json\/wp\/v2\/posts\/82903","targetHints":{"allow":["GET"]}}],"collection":[{"href":"https:\/\/www.europesays.com\/lv\/wp-json\/wp\/v2\/posts"}],"about":[{"href":"https:\/\/www.europesays.com\/lv\/wp-json\/wp\/v2\/types\/post"}],"author":[{"embeddable":true,"href":"https:\/\/www.europesays.com\/lv\/wp-json\/wp\/v2\/users\/2"}],"replies":[{"embeddable":true,"href":"https:\/\/www.europesays.com\/lv\/wp-json\/wp\/v2\/comments?post=82903"}],"version-history":[{"count":0,"href":"https:\/\/www.europesays.com\/lv\/wp-json\/wp\/v2\/posts\/82903\/revisions"}],"wp:featuredmedia":[{"embeddable":true,"href":"https:\/\/www.europesays.com\/lv\/wp-json\/wp\/v2\/media\/82904"}],"wp:attachment":[{"href":"https:\/\/www.europesays.com\/lv\/wp-json\/wp\/v2\/media?parent=82903"}],"wp:term":[{"taxonomy":"category","embeddable":true,"href":"https:\/\/www.europesays.com\/lv\/wp-json\/wp\/v2\/categories?post=82903"},{"taxonomy":"post_tag","embeddable":true,"href":"https:\/\/www.europesays.com\/lv\/wp-json\/wp\/v2\/tags?post=82903"}],"curies":[{"name":"wp","href":"https:\/\/api.w.org\/{rel}","templated":true}]}}