{"id":82934,"date":"2025-12-22T11:44:09","date_gmt":"2025-12-22T11:44:09","guid":{"rendered":"https:\/\/www.europesays.com\/lv\/82934\/"},"modified":"2025-12-22T11:44:09","modified_gmt":"2025-12-22T11:44:09","slug":"andreju-grisinu-iecel-nodoklu-un-muitas-policijas-prieksnieka-amata-raksts","status":"publish","type":"post","link":"https:\/\/www.europesays.com\/lv\/82934\/","title":{"rendered":"Andreju Gri\u0161inu iece\u013c Nodok\u013cu un muitas policijas priek\u0161nieka amat\u0101 \/ Raksts"},"content":{"rendered":"<p>Nodok\u013cu un muitas policijas (NMP) priek\u0161nieka amat\u0101 iecelts l\u012bdz\u0161in\u0113jais Valsts policijas priek\u0161nieka vietnieks, Galven\u0101s krimin\u0101lpolicijas p\u0101rvaldes priek\u0161nieks Andrejs Gri\u0161ins. To paredz pirmdienas, 22. decembra, vald\u012bbas l\u0113mums.\u00a0<\/p>\n<p>Gri\u0161ins Latvijas Policijas akad\u0113mij\u0101 ieguvis profesion\u0101lo ma\u0123istra gr\u0101du ties\u012bbu zin\u0101tn\u0113, savuk\u0101rt pirms tam Latvijas Universit\u0101t\u0113 ieguvis bakalaura gr\u0101du ties\u012bbu zin\u0101tn\u0113 un jurista kvalifik\u0101ciju.\u00a0<\/p>\n<p>Gri\u0161ins Valsts policijas priek\u0161nieka vietnieka, Galven\u0101s krimin\u0101lpolicijas p\u0101rvaldes priek\u0161nieka amatu ie\u0146em jau vair\u0101k nek\u0101 12 gadus. Pirms tam Gri\u0161ins bijis da\u017e\u0101dos amatos\u00a0Valsts policijas R\u012bgas re\u0123iona p\u0101rvald\u0113, tostarp pild\u012bjis priek\u0161nieka pien\u0101kumus, k\u0101 ar\u012b ie\u0146\u0113mis da\u017e\u0101dus amatus R\u012bgas pils\u0113tas Galven\u0101s policijas p\u0101rvaldes krimin\u0101lpolicijas p\u0101rvald\u0113. Gri\u0161ins savu karjeru policij\u0101 s\u0101cis 1991. gad\u0101.\u00a0<\/p>\n<p>Gri\u0161inam pie\u0161\u0137irti t\u0101di valsts apbalvojumi k\u0101 Viestura orde\u0146a III \u0161\u0137ira un Ministru kabineta Atzin\u012bbas raksts.<\/p>\n<p>L\u012bdz \u0161im Nodok\u013cu un muitas policija ir finan\u0161u ministra p\u0101rraudz\u012bb\u0101 eso\u0161a tie\u0161\u0101s p\u0101rvaldes iest\u0101de, bet no 2026. gada\u00a0Nodok\u013cu un muitas policija <a href=\"https:\/\/www.lsm.lv\/raksts\/zinas\/latvija\/13.10.2025-nodoklu-un-muitas-policiju-nodos-iekslietu-ministra-paklautiba.a618141\" class=\"lsm-link\" data-type=\"article\" data-id=\"618141\" rel=\"nofollow noopener\" target=\"_blank\">b\u016bs\u00a0iek\u0161lietu ministra p\u0101rraudz\u012bb\u0101<\/a>.\u00a0<\/p>\n<p>Gri\u0161ins amata pien\u0101kumus s\u0101ks pild\u012bt no 1. janv\u0101ra.\u00a0<\/p>\n<p>Nodok\u013cu un muitas policijas priek\u0161niekam m\u0113ne\u0161alga pirms nodok\u013cu nomaksas paredz\u0113ta no 4400 l\u012bdz 5900 eiro.<\/p>\n<p>Konkurs\u0101 uz Nodok\u013cu un muitas policijas vad\u012bt\u0101ja amatu pieteic\u0101s se\u0161i pretendenti, no kuriem otraj\u0101 k\u0101rt\u0101 virz\u012bja piecus, bet tre\u0161aj\u0101 k\u0101rt\u0101\u00a0\u2013 divus. P\u0113c visaugst\u0101k\u0101 nov\u0113rt\u0113juma sa\u0146em\u0161anas Gri\u0161ina kandidat\u016bru <a href=\"https:\/\/www.lsm.lv\/raksts\/zinas\/latvija\/16.12.2025-nodoklu-un-muitas-policijas-prieksnieka-amatam-izraudzits-kriminalpolicijas-vaditajs-grisins.a626628\/\" class=\"lsm-link\" data-type=\"article\" data-id=\"626628\" rel=\"nofollow noopener\" target=\"_blank\">virz\u012bja\u00a0apstiprin\u0101\u0161anai vald\u012bbas s\u0113d\u0113<\/a>.\u00a0<\/p>\n<p>Konkursa pretendentu v\u0113rt\u0113\u0161anas komisiju vad\u012bja\u00a0Valsts kancelejas direktors Raivis Kronbergs. Komisijas sast\u0101v\u0101 bija Iek\u0161lietu ministrijas valsts sekret\u0101ra vietnieks J\u0101nis Bekmanis, Latvijas Republikas \u0122ener\u0101lprokurat\u016bras Krimin\u0101ltiesisk\u0101 departamenta virsprokurors Arv\u012bds Kalni\u0146\u0161, Korupcijas nov\u0113r\u0161anas un apkaro\u0161anas biroja priek\u0161nieks J\u0113kabs Straume, k\u0101 ar\u012b Finan\u0161u ministrijas valsts sekret\u0101ra vietnieks nodok\u013cu, muitas un gr\u0101matved\u012bbas jaut\u0101jumos Ilm\u0101rs \u0160\u0146ucins. Par pretendentu nov\u0113rt\u0113\u0161anas procesa neatkar\u012bgo nov\u0113rot\u0101ju bija uzaicin\u0101ts Latvijas Darba dev\u0113ju konfeder\u0101cijas \u0123ener\u0101ldirektors Kaspars Gork\u0161s.<\/p>\n<p>KONTEKSTS:<\/p>\n<p>No 2026. gada 1. janv\u0101ra\u00a0tiks izveidota jauna tie\u0161\u0101s p\u0101rvaldes iest\u0101de \u2013 Nodok\u013cu un muitas policija. T\u0101 p\u0101r\u0146ems l\u012bdz\u0161in\u0113j\u0101s Valsts ie\u0146\u0113mumu dienesta (VID) Nodok\u013cu un muitas policijas p\u0101rvaldes funkcijas un uzdevumus. Likum\u0101 noteikts, ka jaun\u0101 iest\u0101de darbosies finan\u0161u ministra p\u0101rraudz\u012bb\u0101, un \u0161o p\u0101rraudz\u012bbu \u012bstenos FM.\u00a0<\/p>\n<p>Saeima 2025. gada 3. decembra s\u0113d\u0113 pie\u0146\u0113ma groz\u012bjumus Nodok\u013cu un muitas policijas likum\u0101, kuri paredz, ka no 2026. gada 1. janv\u0101ra Nodok\u013cu un muitas policija <a href=\"https:\/\/www.lsm.lv\/raksts\/zinas\/latvija\/13.10.2025-nodoklu-un-muitas-policiju-nodos-iekslietu-ministra-paklautiba.a618141\/?utm_source=lsm&amp;utm_medium=theme&amp;utm_campaign=theme\" class=\"lsm-link\" data-type=\"article\" data-id=\"618141\" rel=\"nofollow noopener\" target=\"_blank\">b\u016bs iek\u0161lietu ministra p\u0101rraudz\u012bb\u0101<\/a>.<\/p>\n<p>\u0160ogad mart\u0101 Finan\u0161u ministrija sagatavoja un iesniedza vald\u012bb\u0101 Ministru kabineta r\u012bkojuma projektu par VID\u00a0Nodok\u013cu un muitas policijas p\u0101rvaldes vad\u012bt\u0101ja Aigara Prusaka p\u0101rcel\u0161anu Nodok\u013cu un muitas policijas priek\u0161nieka amat\u0101, tom\u0113r \u0161\u012b iecere netika \u012bstenota.<\/p>\n<p>VID \u0123ener\u0101ldirektore Baiba \u0160mite-Ro\u0137e iepriek\u0161 inform\u0113ja, ka p\u0113c dienesta p\u0101rbaudes saist\u012bb\u0101 ar <a href=\"https:\/\/www.lsm.lv\/raksts\/zinas\/latvija\/31.08.2025-par-garam-palaisto-heroina-kravu-deviniem-vid-darbiniekiem-piemero-disciplinarsodus.a612472\/?utm_source=lsm&amp;utm_medium=theme&amp;utm_campaign=theme\" class=\"lsm-link\" data-type=\"article\" data-id=\"612472\" rel=\"nofollow noopener\" target=\"_blank\">Latvij\u0101 gar\u0101m palaisto hero\u012bna lielo kravu <\/a>nolemts s\u0101kt disciplin\u0101rlietas pret vair\u0101k\u0101m amatperson\u0101m. Disciplin\u0101rlietas s\u0101ktas pret div\u0101m muitas amatperson\u0101m par nekvalitat\u012bvu amata pien\u0101kumu veik\u0161anu, k\u0101 ar\u012b septi\u0146\u0101m Nodok\u013cu un muitas policijas p\u0101rvaldes amatperson\u0101m par bezdarb\u012bbu. Savuk\u0101rt Latvijas Telev\u012bzija zi\u0146oja, ka <a href=\"https:\/\/www.lsm.lv\/raksts\/zinas\/latvija\/18.05.2025-prusaka-iecelsana-par-jaunas-nodoklu-policijas-prieksnieku-vairs-nav-tik-drosa.a599523\/?utm_source=lsm&amp;utm_medium=theme&amp;utm_campaign=theme\" class=\"lsm-link\" data-type=\"article\" data-id=\"599523\" rel=\"nofollow noopener\" target=\"_blank\">Prusaks var\u0113tu b\u016bt viena no amatperson\u0101m<\/a>, pret kuru <a href=\"https:\/\/www.lsm.lv\/raksts\/zinas\/latvija\/23.03.2025-prusaka-iecelsanu-par-jaunas-nodoklu-policijas-prieksnieku-piebremze-dienesta-parbaude.a592636\/?utm_source=lsm&amp;utm_medium=theme&amp;utm_campaign=theme\" class=\"lsm-link\" data-type=\"article\" data-id=\"592636\" rel=\"nofollow noopener\" target=\"_blank\">s\u0101kta disciplin\u0101rlieta<\/a>.<\/p>\n<p>\u0160\u012b gada maija beig\u0101s VID Reformas uzraudz\u012bbas padome vienoj\u0101s, ka Nodok\u013cu un muitas policijas priek\u0161nieks tom\u0113r tiks mekl\u0113ts atkl\u0101t\u0101 konkurs\u0101.<\/p>\n<p>                    Valodas k\u013c\u016bda rakst\u0101?<\/p>\n<p class=\"d-none d-md-block\">Iez\u012bm\u0113jiet tekstu un spiediet Ctrl+Enter, lai nos\u016bt\u012btu labojamo teksta fragmentu redaktoram! Par faktu k\u013c\u016bd\u0101m l\u016bdzam zi\u0146ot e-past\u0101 <a href=\"https:\/\/www.lsm.lv\/cdn-cgi\/l\/email-protection\" class=\"__cf_email__\" data-cfemail=\"25574041444e464c4f44654956480b4953\" rel=\"nofollow noopener\" target=\"_blank\">[email\u00a0protected]<\/a>.<\/p>\n<p class=\"d-md-none\">Iez\u012bm\u0113jiet tekstu un spiediet uz Zi\u0146ot par k\u013c\u016bdu pogas, lai nos\u016bt\u012btu labojamo teksta fragmentu redaktoram!<\/p>\n<p>\n                    Zi\u0146ot par k\u013c\u016bdu\n                <\/p>\n","protected":false},"excerpt":{"rendered":"Nodok\u013cu un muitas policijas (NMP) priek\u0161nieka amat\u0101 iecelts l\u012bdz\u0161in\u0113jais Valsts policijas priek\u0161nieka vietnieks, Galven\u0101s krimin\u0101lpolicijas p\u0101rvaldes priek\u0161nieks Andrejs&hellip;\n","protected":false},"author":2,"featured_media":82935,"comment_status":"","ping_status":"","sticky":false,"template":"","format":"standard","meta":{"footnotes":""},"categories":[12],"tags":[23,28,29,32,33,22,30,31,35,39,38,36,37,34,40,20,26,27,24,25,21],"class_list":{"0":"post-82934","1":"post","2":"type-post","3":"status-publish","4":"format-standard","5":"has-post-thumbnail","7":"category-latvija","8":"tag-aktualitates","9":"tag-breaking-news","10":"tag-breakingnews","11":"tag-featured-news","12":"tag-featurednews","13":"tag-headlines","14":"tag-latest-news","15":"tag-latestnews","16":"tag-latvia","17":"tag-latvian","18":"tag-latviesu","19":"tag-latviesu-valoda","20":"tag-latviesuvaloda","21":"tag-latvija","22":"tag-lv","23":"tag-news","24":"tag-popularakas-zinas","25":"tag-popularakaszinas","26":"tag-top-stories","27":"tag-topstories","28":"tag-zinas"},"share_on_mastodon":{"url":"https:\/\/pubeurope.com\/@lv\/115763050210124849","error":""},"_links":{"self":[{"href":"https:\/\/www.europesays.com\/lv\/wp-json\/wp\/v2\/posts\/82934","targetHints":{"allow":["GET"]}}],"collection":[{"href":"https:\/\/www.europesays.com\/lv\/wp-json\/wp\/v2\/posts"}],"about":[{"href":"https:\/\/www.europesays.com\/lv\/wp-json\/wp\/v2\/types\/post"}],"author":[{"embeddable":true,"href":"https:\/\/www.europesays.com\/lv\/wp-json\/wp\/v2\/users\/2"}],"replies":[{"embeddable":true,"href":"https:\/\/www.europesays.com\/lv\/wp-json\/wp\/v2\/comments?post=82934"}],"version-history":[{"count":0,"href":"https:\/\/www.europesays.com\/lv\/wp-json\/wp\/v2\/posts\/82934\/revisions"}],"wp:featuredmedia":[{"embeddable":true,"href":"https:\/\/www.europesays.com\/lv\/wp-json\/wp\/v2\/media\/82935"}],"wp:attachment":[{"href":"https:\/\/www.europesays.com\/lv\/wp-json\/wp\/v2\/media?parent=82934"}],"wp:term":[{"taxonomy":"category","embeddable":true,"href":"https:\/\/www.europesays.com\/lv\/wp-json\/wp\/v2\/categories?post=82934"},{"taxonomy":"post_tag","embeddable":true,"href":"https:\/\/www.europesays.com\/lv\/wp-json\/wp\/v2\/tags?post=82934"}],"curies":[{"name":"wp","href":"https:\/\/api.w.org\/{rel}","templated":true}]}}