{"id":82938,"date":"2025-12-22T11:46:09","date_gmt":"2025-12-22T11:46:09","guid":{"rendered":"https:\/\/www.europesays.com\/lv\/82938\/"},"modified":"2025-12-22T11:46:09","modified_gmt":"2025-12-22T11:46:09","slug":"italijas-arodbiedriba-aicina-boikotet-eiroviziju-2026-izraelas-dalibas-del-lente-lv","status":"publish","type":"post","link":"https:\/\/www.europesays.com\/lv\/82938\/","title":{"rendered":"It\u0101lijas arodbiedr\u012bba aicina boikot\u0113t &#8220;Eirov\u012bziju 2026&#8221; Izra\u0113las dal\u012bbas d\u0113\u013c\u00a0\u2014\u00a0Lente.lv"},"content":{"rendered":"<p>Aicin\u0101jums boikot\u0113t un pet\u012bcijas uzs\u0101k\u0161ana<\/p>\n<p>It\u0101lijas sabiedrisk\u0101 raidorganiz\u0101cijas RAI arodbiedr\u012bba USB ir s\u0101kusi v\u0101kt parakstus pet\u012bcij\u0101, aicinot It\u0101liju boikot\u0113t 2026. gada Eirov\u012bzijas dziesmu konkursu sakar\u0101 ar Izra\u0113las dal\u012bbu. USB cen\u0161as sav\u0101kt aptuveni 3000 parakstu un mudina RAI sekot piecu citu valstu piem\u0113ram, kuras jau pazi\u0146oju\u0161as par izst\u0101\u0161anos no dziesmu konkursa. K\u0101 inform\u0113 telekan\u0101ls EuroNews, \u0161\u012b kust\u012bba n\u0101k no USB &#8211; RAI koordin\u0101cijas, kas ir sal\u012bdzino\u0161i jauna arodbiedr\u012bbas da\u013ca, dibin\u0101ta pirms diviem gadiem un apvieno ap 50 locek\u013cu valsts raidorganiz\u0101cij\u0101.<\/p>\n<p>USB pazi\u0146ojum\u0101 nor\u0101d\u012bts:<\/p>\n<blockquote><p>&#8220;Sp\u0101nija, \u012arija, Slov\u0113nija un N\u012bderlande ir pie\u0146\u0113mu\u0161as drosm\u012bgu l\u0113mumu: t\u0101s nepiedal\u012bsies 70. Eirov\u012bzijas dziesmu konkursa izdevum\u0101, kas notiks V\u012bn\u0113 2026. gada maij\u0101. \u0160\u012bs valstis ar\u012b nol\u0113mu\u0161as neizraid\u012bt fin\u0101lu savos nacion\u0101lajos telev\u012bzijas kan\u0101los: to l\u0113mums pie\u0146emts p\u0113c EBU (Eiropas Raidorganiz\u0101ciju savien\u012bbas) apstiprin\u0101t\u0101s Izra\u0113las dal\u012bbas.&#8221;<\/p><\/blockquote>\n<p>Arodbiedr\u012bba uzskata, ka ar It\u0101lijas izst\u0101\u0161anos un pas\u0101kuma neizraid\u012b\u0161anu RAI ne tikai ie\u0146emtu \u0113tikas un emp\u0101tijas pamatotu nost\u0101ju, bet ar\u012b kalpotu par mor\u0101lu l\u012bderi starptautiskaj\u0101 ar\u0113n\u0101. P\u0113c vi\u0146u dom\u0101m, \u0161\u0101ds solis demonstr\u0113tu It\u0101lijas dzi\u013co r\u016bp\u0113\u0161anos par cilv\u0113ka cie\u0146as, vienl\u012bdz\u012bbas un taisn\u012bguma v\u0113rt\u012bb\u0101m vis\u0101m taut\u0101m, un It\u0101lijas balss pasaul\u0113 rezon\u0113tu, apliecinot, ka t\u0101 nepaliekot aci nepamanot netaisn\u012bbu.<\/p>\n<p>Pet\u012bcijas m\u0113r\u0137i un citu valstu so\u013ci<\/p>\n<p>Claudio Ciccone no USB &#8211; RAI koordin\u0101cijas skaidro, ka m\u0113r\u0137is ir iev\u0113rojami p\u0101rsniegt jau sav\u0101ktos aptuveni 3000 parakstu un ilgtermi\u0146\u0101 iesaist\u012bt \u0161aj\u0101 kampa\u0146\u0101 ar\u012b iev\u0113rojamas person\u012bbas, lai pet\u012bcijai pie\u0161\u0137irtu liel\u0101ku rezonansi. N\u0101kamaj\u0101 Sanremo festiv\u0101l\u0101 tiks izlemts, kur\u0161 m\u0101kslinieks p\u0101rst\u0101v\u0113s It\u0101liju Eirov\u012bzij\u0101. Ned\u0113\u013cas laik\u0101 no \u0161\u012b pazi\u0146ojuma ar\u012b Islande ir izst\u0101jusies no konkursa, un past\u0101v risks, ka neierad\u012bsies ar\u012b Portug\u0101le, jo vair\u0101ki m\u0101kslinieki kop\u012bg\u0101 pazi\u0146ojum\u0101 nor\u0101d\u012bju\u0161i, ka Izra\u0113las kl\u0101tb\u016btnes d\u0113\u013c uz V\u012bni nedosies.<\/p>\n<p>Tikm\u0113r RAI 5. decembr\u012b apstiprin\u0101ja It\u0101lijas dal\u012bbu, kas ir viena no konkursa dibin\u0101t\u0101jvalst\u012bm. A\u0123ent\u016bra uzsv\u0113ra, ka It\u0101lija k\u0101 viena no \u201cLiel\u0101 piecinieka\u201d dal\u012bbniec\u0113m (kop\u0101 ar Franciju, V\u0101ciju, Sp\u0101niju un Lielbrit\u0101niju) vienm\u0113r ir bijusi iesaist\u012bta un ieguld\u012bjusi Eirov\u012bzij\u0101, finansi\u0101li sekm\u0113jot t\u0101s att\u012bst\u012bbu un starptautiskos pan\u0101kumus. RAI pazi\u0146ojum\u0101 teikts, ka \u0161\u012b iesaiste apliecina ap\u0146em\u0161anos stiprin\u0101t It\u0101lijas lomu m\u016bzikas, kult\u016bras un izklaides veicin\u0101\u0161an\u0101 pasaules l\u012bmen\u012b.<\/p>\n<p>Spiediens uz RAI vad\u012bbu un argumenti par dubultajiem standartiem<\/p>\n<p>Ciccone atkl\u0101j, ka jau iepriek\u0161 pausts aicin\u0101jums It\u0101lijai izst\u0101ties, ja Izra\u0113la apstiprin\u0101s dal\u012bbu, to saistot ar lielo ielas protestu 22. septembr\u012b. Vi\u0146\u0161 uzsver, ka m\u0113r\u0137is ir rad\u012bt spiedienu uz RAI valdes locek\u013ciem, lai tie atsauktu It\u0101lijas deleg\u0101ciju. Ja tas noved\u012bs pie Izra\u0113las dal\u012bbas p\u0101rv\u0113rt\u0113\u0161anas, tas b\u016bs n\u0101kamais solis.<\/p>\n<blockquote><p>&#8220;M\u0113s varam rad\u012bt spiedienu uz valdi, izmantojot pet\u012bciju un demonstr\u0113jot pie RAI galven\u0101s m\u012btnes, k\u0101 ar\u012b pieprasot tik\u0161anos ar valdi,&#8221; skaidro Ciccone.<\/p><\/blockquote>\n<p>Arodbiedr\u012bbas p\u0101rst\u0101vis piebilst, ka boikota ideja ir saist\u012bta ar\u012b ar protestu pret EBU dubultajiem standartiem. Vi\u0146\u0161 nor\u0101da, ka 2022. gad\u0101 EBU izsl\u0113dza Krieviju p\u0113c Ukrainas iebrukuma, bet gadu iepriek\u0161 \u2013 Baltkrieviju p\u0113c ki\u010d\u012bgiem prezidenta v\u0113l\u0113\u0161anu rezult\u0101tiem. Ciccone nedom\u0101 sal\u012bdzin\u0101t \u0161os gad\u012bjumus, lai atbalst\u012btu vienu vai otru, bet uzskata, ka, ja past\u0101v visp\u0101r\u012bga l\u012bnija politisku p\u0101rk\u0101pumu gad\u012bjumos, t\u0101 ir j\u0101piem\u0113ro vis\u0101s situ\u0101cij\u0101s, cit\u0101di tas ir dubulto standartu piem\u0113rs.<\/p>\n<p>Vi\u0146\u0161 turpina, atsaucoties uz Starptautisko Tiesu:<\/p>\n<blockquote><p>&#8220;Izra\u0113las premjerministrs iesniedza apel\u0101ciju Starptautiskaj\u0101 Ties\u0101; apel\u0101cija tika noraid\u012bta, un t\u0101d\u0113j\u0101di, saska\u0146\u0101 ar pa\u0161u Tiesa, m\u0113s saskaramies ar vald\u012bbu, kas ir pastr\u0101d\u0101jusi genoc\u012bdu.&#8221;<\/p><\/blockquote>\n<p>Publiskais atbalsts un finansi\u0101lie ieguvumi<\/p>\n<p>Ciccone pau\u017e ba\u017eas ar\u012b par konkursa noz\u012bmi institucion\u0101l\u0101 l\u012bmen\u012b un valsts t\u0113la veido\u0161an\u0101 pasaul\u0113. Lai gan Eirov\u012bzija ir liels dziesmu \u0161ovs, t\u0101 vienlaikus kalpo k\u0101 starptautisk\u0101s valid\u0101cijas funkcija un ir \u0101rk\u0101rt\u012bgi noz\u012bm\u012bgs notikums.<\/p>\n<p>Jaut\u0101ts par to, vai It\u0101lijas iedz\u012bvot\u0101ji, kas izmanto sabiedriskos medijus, atbalsta \u0161o iniciat\u012bvu, Ciccone ir p\u0101rliecin\u0101ts par pozit\u012bvu noska\u0146ojumu. Vi\u0146\u0161 min, ka p\u0113d\u0113jo m\u0113ne\u0161u ielas protesti un aptaujas skaidri par\u0101d\u012bju\u0161as It\u0101lijas nost\u0101ju attiec\u012bb\u0101 uz Palest\u012bnas tautas genoc\u012bdu. Run\u0101jot par pa\u0161a raidorganiz\u0101cijas poz\u012bciju, vi\u0146\u0161 atz\u012bst, ka It\u0101lijas izst\u0101\u0161an\u0101s no Eirov\u012bzijas, visticam\u0101k, rad\u012btu iev\u0113rojamus finansi\u0101lus zaud\u0113jumus. Savuk\u0101rt ierakstu komp\u0101nij\u0101m ir liela interese piedal\u012bties un tikt paman\u012bt\u0101m vien\u0101 no pasaules liel\u0101kajiem notikumiem.<\/p>\n","protected":false},"excerpt":{"rendered":"Aicin\u0101jums boikot\u0113t un pet\u012bcijas uzs\u0101k\u0161ana It\u0101lijas sabiedrisk\u0101 raidorganiz\u0101cijas RAI arodbiedr\u012bba USB ir s\u0101kusi v\u0101kt parakstus pet\u012bcij\u0101, aicinot It\u0101liju&hellip;\n","protected":false},"author":2,"featured_media":82939,"comment_status":"","ping_status":"","sticky":false,"template":"","format":"standard","meta":{"footnotes":""},"categories":[19],"tags":[17310,89,20994,90,7010,35,39,38,36,37,34,40,20995,20996],"class_list":{"0":"post-82938","1":"post","2":"type-post","3":"status-publish","4":"format-standard","5":"has-post-thumbnail","7":"category-izklaide","8":"tag-eirovizija-2026","9":"tag-entertainment","10":"tag-italija-boikots","11":"tag-izklaide","12":"tag-izraelas-daliba","13":"tag-latvia","14":"tag-latvian","15":"tag-latviesu","16":"tag-latviesu-valoda","17":"tag-latviesuvaloda","18":"tag-latvija","19":"tag-lv","20":"tag-rai","21":"tag-usb-arodbiedriba"},"share_on_mastodon":{"url":"https:\/\/pubeurope.com\/@lv\/115763058018359167","error":""},"_links":{"self":[{"href":"https:\/\/www.europesays.com\/lv\/wp-json\/wp\/v2\/posts\/82938","targetHints":{"allow":["GET"]}}],"collection":[{"href":"https:\/\/www.europesays.com\/lv\/wp-json\/wp\/v2\/posts"}],"about":[{"href":"https:\/\/www.europesays.com\/lv\/wp-json\/wp\/v2\/types\/post"}],"author":[{"embeddable":true,"href":"https:\/\/www.europesays.com\/lv\/wp-json\/wp\/v2\/users\/2"}],"replies":[{"embeddable":true,"href":"https:\/\/www.europesays.com\/lv\/wp-json\/wp\/v2\/comments?post=82938"}],"version-history":[{"count":0,"href":"https:\/\/www.europesays.com\/lv\/wp-json\/wp\/v2\/posts\/82938\/revisions"}],"wp:featuredmedia":[{"embeddable":true,"href":"https:\/\/www.europesays.com\/lv\/wp-json\/wp\/v2\/media\/82939"}],"wp:attachment":[{"href":"https:\/\/www.europesays.com\/lv\/wp-json\/wp\/v2\/media?parent=82938"}],"wp:term":[{"taxonomy":"category","embeddable":true,"href":"https:\/\/www.europesays.com\/lv\/wp-json\/wp\/v2\/categories?post=82938"},{"taxonomy":"post_tag","embeddable":true,"href":"https:\/\/www.europesays.com\/lv\/wp-json\/wp\/v2\/tags?post=82938"}],"curies":[{"name":"wp","href":"https:\/\/api.w.org\/{rel}","templated":true}]}}