{"id":82949,"date":"2025-12-22T11:57:07","date_gmt":"2025-12-22T11:57:07","guid":{"rendered":"https:\/\/www.europesays.com\/lv\/82949\/"},"modified":"2025-12-22T11:57:07","modified_gmt":"2025-12-22T11:57:07","slug":"atrasts-bezvests-pazudusais-lietuvas-pilsonis-kurs-pazuda-riga-lente-lv","status":"publish","type":"post","link":"https:\/\/www.europesays.com\/lv\/82949\/","title":{"rendered":"Atrasts bezv\u0113sts pazudu\u0161ais Lietuvas pilsonis, kur\u0161 pazuda R\u012bg\u0101\u00a0\u2014\u00a0Lente.lv"},"content":{"rendered":"<p>Beidzies bezv\u0113sts pazu\u0161anas m\u012bklas atrisin\u0101jums<\/p>\n<p>Valsts policija ir sniegusi pozit\u012bvas zi\u0146as par 1992. gad\u0101 dzimu\u0161\u0101 Lietuvas pilso\u0146a mekl\u0113\u0161anu Latvij\u0101 \u2013 v\u012brietis ir atrasts dz\u012bvs un vesels. K\u0101 inform\u0113 port\u0101ls jauns.lv, \u0161is atkl\u0101jums pieliek punktu ilg\u0101kam satraukumam, kas rad\u0101s p\u0113c tam, kad policija bija izplat\u012bjusi aicin\u0101jumu sabiedr\u012bbai pal\u012bdz\u0113t atrast pazudu\u0161o personu. \u0160is gad\u012bjums atg\u0101dina par to, cik svar\u012bga ir iedz\u012bvot\u0101ju inform\u0113t\u012bba un sadarb\u012bba ar ties\u012bbsarg\u0101jo\u0161\u0101m iest\u0101d\u0113m \u0161\u0101dos br\u012b\u017eos.<\/p>\n<p>Pazu\u0161anas apst\u0101k\u013ci un s\u0101kotn\u0113j\u0101 inform\u0101cija<\/p>\n<p>P\u0113c s\u0101kotn\u0113j\u0101s inform\u0101cijas, kas tika publiskota, v\u012brietis p\u0113d\u0113jo reizi tika mekl\u0113ts saist\u012bb\u0101 ar vi\u0146a pazu\u0161anu no savas dz\u012bvesvietas. Konkr\u0113ti, Valsts policijas R\u012bgas re\u0123iona p\u0101rvaldes R\u012bgas Austrumu p\u0101rvalde bija uzs\u0101kusi mekl\u0113\u0161anas oper\u0101ciju p\u0113c 1992. gad\u0101 dzimu\u0161\u0101 Lietuvas pilso\u0146a, kur\u0161, k\u0101 atkl\u0101j\u0101s, bija zin\u0101ms ar v\u0101rdu Edgars Jaks (lietuvie\u0161u izrun\u0101 Edgaras Jakas). Vi\u0146a pazu\u0161ana s\u0101kotn\u0113ji tika konstat\u0113ta 2025. gada decembra s\u0101kum\u0101. Izmekl\u0113\u0161anas gait\u0101 tika noskaidrots, ka v\u012brietis ir izg\u0101jis no savas dz\u012bvesvietas \u0160ilut\u0113, H. \u0160ojaus iel\u0101, Lietuv\u0101, 3. decembr\u012b. Lai gan vi\u0146a pazu\u0161ana tika re\u0123istr\u0113ta, v\u0113l\u0101k tika ieg\u016btas zi\u0146as, kas nor\u0101d\u012bja uz vi\u0146a iesp\u0113jamu atra\u0161anos Latvij\u0101, R\u012bg\u0101.<\/p>\n<p>Izmekl\u0113\u0161anas darb\u012bbu ietvaros policija veica p\u0101rbaudes, tostarp analiz\u0113jot personas digit\u0101l\u0101s aktivit\u0101tes. Konstat\u0113ts, ka 6. decembr\u012b pulksten 21.20 persona atsl\u0113gusies no sava \u201cGoogle\u201d konta R\u012bg\u0101. \u0160is fakts mudin\u0101ja policiju fokus\u0113t mekl\u0113\u0161anu Latvijas teritorij\u0101. Policijas pazi\u0146ojumos tika min\u0113tas ar\u012b v\u012brie\u0161a paz\u012bmes, lai pal\u012bdz\u0113tu atpaz\u012b\u0161an\u0101: augums ap 172 cm, vid\u0113ja miesasb\u016bve, tum\u0161i br\u016bni mati un nor\u0101de, ka vi\u0146\u0161 klibo. Zi\u0146ots, ka vi\u0146\u0161 bija \u0123\u0113rbies pel\u0113k\u0101 v\u0113jjak\u0101, tum\u0161\u0101s sporta biks\u0113s un tum\u0161os ziemas apavos, kas ir b\u016btiski r\u012bc\u012bbas vien\u012bbas apzin\u0101\u0161anai.<\/p>\n<p>Sabiedr\u012bbas loma un policijas pateic\u012bba<\/p>\n<p>\u0160\u0101da veida pazu\u0161anas gad\u012bjumos Valsts policija tradicion\u0101li v\u0113r\u0161as pie sabiedr\u012bbas, aicinot iedz\u012bvot\u0101jus sniegt jebk\u0101du inform\u0101ciju par pazudu\u0161\u0101 iesp\u0113jamo atra\u0161an\u0101s vietu, zvanot uz numuru 112. Lai gan \u0161aj\u0101 konkr\u0113taj\u0101 gad\u012bjum\u0101 netiek preciz\u0113ts, vai sabiedr\u012bbas sniegt\u0101 inform\u0101cija bija tie\u0161i iz\u0161\u0137iro\u0161a faktora atkl\u0101\u0161an\u0101, policija vienm\u0113r uzsver iedz\u012bvot\u0101ju l\u012bdzdal\u012bbas noz\u012bmi. P\u0113c v\u012brie\u0161a atra\u0161anas, Valsts policija ofici\u0101li izplat\u012bja pateic\u012bbu visiem, kas akt\u012bvi iesaist\u012bj\u0101s mekl\u0113\u0161an\u0101 vai izplat\u012bja inform\u0101ciju. Tas ir svar\u012bgs sign\u0101ls sabiedr\u012bbai, ka katrs v\u0113r\u012bgais nov\u0113rojums var b\u016bt iz\u0161\u0137iro\u0161s cilv\u0113ka dz\u012bv\u012bbas vai vesel\u012bbas gl\u0101b\u0161an\u0101.<\/p>\n<p>Situ\u0101cijas nobeigums un turpm\u0101kie so\u013ci<\/p>\n<p>Fakts, ka Lietuvas pilsonis atrasts sveiks un vesels, noz\u012bm\u0113, ka \u0161obr\u012bd akt\u012bv\u0101 mekl\u0113\u0161ana ir p\u0101rtraukta. Lai gan policija ir apstiprin\u0101jusi, ka persona ir atrasta, prec\u012bz\u0101ki apst\u0101k\u013ci par to, kur un k\u0101 tie\u0161i v\u012brietis tika lokaliz\u0113ts, k\u0101 ar\u012b iemesli vi\u0146a negaid\u012btajai atra\u0161an\u0101s vietai R\u012bg\u0101 un nezi\u0146ai par savu atra\u0161an\u0101s vietu, parasti netiek pla\u0161i atspogu\u013coti publiskaj\u0101 inform\u0101cij\u0101, lai pasarg\u0101tu personas priv\u0101tumu, ja vien nav notikusi noziedz\u012bga nodar\u012bjuma izmekl\u0113\u0161ana. \u0160\u0101da inform\u0101cijas atkl\u0101t\u012bbas pak\u0101pe ir ierasta praks\u0113, kad gad\u012bjums risin\u0101ts veiksm\u012bgi un nav saist\u012bts ar krimin\u0101lu notikumu.<\/p>\n<p>\u0160\u012b situ\u0101cija, lai ar\u012b nosl\u0113gusies pozit\u012bvi, kalpo k\u0101 atg\u0101din\u0101jums par robe\u017evalstu pilso\u0146u atra\u0161an\u0101s vietas uzraudz\u012bbas sare\u017e\u0123\u012bt\u012bbu starptautisk\u0101 kontekst\u0101. Lietuvas pilso\u0146a pazu\u0161ana Latvij\u0101, visticam\u0101k, ir bijusi saist\u012bta ar negaid\u012btu vai neparedzamu situ\u0101ciju, kas likusi v\u012brietim uz laiku p\u0101rtraukt komunik\u0101ciju vai zaud\u0113t sp\u0113ju sazin\u0101ties ar saviem tuviniekiem un iest\u0101d\u0113m. Par to, vai v\u012brietim bija nepiecie\u0161ama medic\u012bnisk\u0101 pal\u012bdz\u012bba p\u0113c atra\u0161anas, ofici\u0101lie avoti \u0161obr\u012bd nezi\u0146o, ta\u010du galvenais secin\u0101jums ir \u2013 b\u012bstam\u012bba ap vi\u0146a dz\u012bv\u012bbu ir nov\u0113rsta. \u0160\u0101dos gad\u012bjumos policija parasti nodro\u0161ina personas dro\u0161u atgrie\u0161anos vai saska\u0146o darb\u012bbas ar vi\u0146a \u0123imeni vai konsul\u0101raj\u0101m iest\u0101d\u0113m.<\/p>\n","protected":false},"excerpt":{"rendered":"Beidzies bezv\u0113sts pazu\u0161anas m\u012bklas atrisin\u0101jums Valsts policija ir sniegusi pozit\u012bvas zi\u0146as par 1992. gad\u0101 dzimu\u0161\u0101 Lietuvas pilso\u0146a mekl\u0113\u0161anu&hellip;\n","protected":false},"author":2,"featured_media":82950,"comment_status":"","ping_status":"","sticky":false,"template":"","format":"standard","meta":{"footnotes":""},"categories":[5],"tags":[23,20998,15222,28,29,32,33,22,30,31,35,39,38,36,37,34,20997,40,20,26,27,172,24,25,138,21],"class_list":{"0":"post-82949","1":"post","2":"type-post","3":"status-publish","4":"format-standard","5":"has-post-thumbnail","7":"category-aktualitates","8":"tag-aktualitates","9":"tag-atrasts","10":"tag-bezvests-pazudis","11":"tag-breaking-news","12":"tag-breakingnews","13":"tag-featured-news","14":"tag-featurednews","15":"tag-headlines","16":"tag-latest-news","17":"tag-latestnews","18":"tag-latvia","19":"tag-latvian","20":"tag-latviesu","21":"tag-latviesu-valoda","22":"tag-latviesuvaloda","23":"tag-latvija","24":"tag-lietuvas-pilsonis","25":"tag-lv","26":"tag-news","27":"tag-popularakas-zinas","28":"tag-popularakaszinas","29":"tag-riga","30":"tag-top-stories","31":"tag-topstories","32":"tag-valsts-policija","33":"tag-zinas"},"share_on_mastodon":{"url":"https:\/\/pubeurope.com\/@lv\/115763101267107160","error":""},"_links":{"self":[{"href":"https:\/\/www.europesays.com\/lv\/wp-json\/wp\/v2\/posts\/82949","targetHints":{"allow":["GET"]}}],"collection":[{"href":"https:\/\/www.europesays.com\/lv\/wp-json\/wp\/v2\/posts"}],"about":[{"href":"https:\/\/www.europesays.com\/lv\/wp-json\/wp\/v2\/types\/post"}],"author":[{"embeddable":true,"href":"https:\/\/www.europesays.com\/lv\/wp-json\/wp\/v2\/users\/2"}],"replies":[{"embeddable":true,"href":"https:\/\/www.europesays.com\/lv\/wp-json\/wp\/v2\/comments?post=82949"}],"version-history":[{"count":0,"href":"https:\/\/www.europesays.com\/lv\/wp-json\/wp\/v2\/posts\/82949\/revisions"}],"wp:featuredmedia":[{"embeddable":true,"href":"https:\/\/www.europesays.com\/lv\/wp-json\/wp\/v2\/media\/82950"}],"wp:attachment":[{"href":"https:\/\/www.europesays.com\/lv\/wp-json\/wp\/v2\/media?parent=82949"}],"wp:term":[{"taxonomy":"category","embeddable":true,"href":"https:\/\/www.europesays.com\/lv\/wp-json\/wp\/v2\/categories?post=82949"},{"taxonomy":"post_tag","embeddable":true,"href":"https:\/\/www.europesays.com\/lv\/wp-json\/wp\/v2\/tags?post=82949"}],"curies":[{"name":"wp","href":"https:\/\/api.w.org\/{rel}","templated":true}]}}