{"id":82951,"date":"2025-12-22T11:59:07","date_gmt":"2025-12-22T11:59:07","guid":{"rendered":"https:\/\/www.europesays.com\/lv\/82951\/"},"modified":"2025-12-22T11:59:07","modified_gmt":"2025-12-22T11:59:07","slug":"pec-marko-aiziesanas-verstapena-komanda-bazas-par-galvena-inzeniera-poziciju-lambiazes-nakotne-neskaidra-lente-lv","status":"publish","type":"post","link":"https:\/\/www.europesays.com\/lv\/82951\/","title":{"rendered":"P\u0113c Marko aizie\u0161anas Verstapena komand\u0101 ba\u017eas par galven\u0101 in\u017eeniera poz\u012bciju: Lambi\u0101zes n\u0101kotne neskaidra\u00a0\u2014\u00a0Lente.lv"},"content":{"rendered":"<p>Sezonas izska\u0146a un p\u0101rmai\u0146as Red Bull sast\u0101v\u0101<\/p>\n<p>Lai gan 2025. gada F1 sezona nosl\u0113dz\u0101s ar Maksa Verstapena zaud\u0113to titulu, daudzi eksperti, tostarp Ralfs \u0160\u016bmahers un Al\u0113ns Prosts, joproj\u0101m uzskata, ka holandietis bija p\u0101rliecino\u0161i lab\u0101kais brauc\u0113js tras\u0113. Abi biju\u0161ie \u010dempioni uzsv\u0113ru\u0161i, ka sezonas kopv\u0113rt\u0113jums ne vienm\u0113r prec\u012bzi atspogu\u013co individu\u0101lo sniegumu, \u012bpa\u0161i \u0146emot v\u0113r\u0101 notikumu dinamiku, kas kulmin\u0113ja ar Lando Norisa triumfu.<\/p>\n<p>Tom\u0113r \u0161is sezona iez\u012bm\u0113j\u0101s ar b\u016btisk\u0101m p\u0101rmai\u0146\u0101m Red Bull Racing rind\u0101s, kas rada nopietnas ba\u017eas par komandas stabilit\u0101ti n\u0101kotn\u0113. P\u0113c ilggad\u0113j\u0101 padomnieka Helmuts Marko aizie\u0161anas, kas tika ofici\u0101li apstiprin\u0101ta \u012bsi p\u0113c Ab\u016b Dab\u012b Grand Prix, uzman\u012bba piev\u0113rsusies citiem kritiskajiem amatiem.<\/p>\n<p>Marko aizie\u0161ana un t\u0101s ietekme<\/p>\n<p>Helmuts Marko, kur\u0161 Red Bull vad\u012bja vair\u0101k nek\u0101 divas desmitgades, bija ne tikai jaunie\u0161u programmas veidot\u0101js, bet ar\u012b viens no galvenajiem Max Verstapena atbalst\u012bt\u0101jiem komand\u0101. Vi\u0146a aizie\u0161ana, kas notika pret\u0113ji iepriek\u0161 nosl\u0113gtajam l\u012bgumam l\u012bdz 2026. gada beig\u0101m, tiek uztverta k\u0101 \u201cera beigas\u201d un iev\u0113rojams zaud\u0113jums komandai. Kaut gan pats Marko sav\u0101 pazi\u0146ojum\u0101 nor\u0101d\u012bjis, ka l\u0113mums bija personisks, medijos izskan\u0113ju\u0161as runas par izmai\u0146\u0101m komandas iek\u0161ien\u0113 un iesp\u0113jamu spiedienu no jaun\u0101s vad\u012bbas puses.<\/p>\n<p>Lai gan Verstapena l\u012bgums ir sp\u0113k\u0101 l\u012bdz 2028. gadam, Marko aizie\u0161ana rada jaut\u0101jumus par pilote\u0146a ilgtermi\u0146a ap\u0146em\u0161anos, it \u012bpa\u0161i \u0146emot v\u0113r\u0101, ka agr\u0101k vi\u0146\u0161 publiski paudis, ka var\u0113tu sekot Marko, ja tas tiktu atcelts.<\/p>\n<p>Galven\u0101 in\u017eeniera lom\u0101 valda neskaidr\u012bba<\/p>\n<p>V\u0113l liel\u0101kas ba\u017eas par Verstapena n\u0101kotni rada neskaidr\u012bba ap vi\u0146a sac\u012bk\u0161u in\u017eeniera D\u017eanpj\u0113ro Lambi\u0101zi (Gianpiero Lambiase) poz\u012bciju. Ralfs \u0160\u016bmahers sarun\u0101 ar Sky Deutschland nor\u0101d\u012bja, ka past\u0101v risks, ka Lambi\u0101ze n\u0101kamaj\u0101 gad\u0101 var\u0113tu neatgriezties komand\u0101 priv\u0101tas dz\u012bves d\u0113\u013c. Tas b\u016btu \u201cdr\u0101ma\u201d Verstapenam, jo in\u017eeniera loma nav viegli aizvietojama.<\/p>\n<blockquote><p>Lambiases sp\u0113ja nomierin\u0101t Maksu un notur\u0113t vi\u0146a fokusu, ko var dzird\u0113t radio, ir neatsverama. Ja n\u0101ktu jauns in\u017eenieris, adapt\u0101cija pras\u012btu \u0101rk\u0101rt\u012bgi ilgu laiku.<\/p><\/blockquote>\n<p>Jau pirms sezonas beig\u0101m no komandas aizg\u0101ju\u0161i vair\u0101ki citi vado\u0161ie in\u017eenieri, kas v\u0113l vair\u0101k pasv\u012btro nestabilit\u0101tes saj\u016btu ap Verstapena pus\u0113 eso\u0161o person\u0101lu.<\/p>\n<p>Ekspertu v\u0113rt\u0113jums par Verstapena sniegumu<\/p>\n<p>Neskatoties uz komandas iek\u0161\u0113jo k\u0146azu, gan Ralfs \u0160\u016bmahers, gan Al\u0113ns Prosts \u0101rk\u0101rt\u012bgi augstu nov\u0113rt\u0113ju\u0161i Verstapena individu\u0101lo sniegumu 2025. gad\u0101. Prosts Canal Plus \u0113ter\u0101 atzina: \u201cMaks ir skaidri virs p\u0101r\u0113jiem.\u201d \u0160\u016bmahers uzsv\u0113ra, ka Verstapens ir k\u013cuvis par \u201c\u012bstu l\u012bderi\u201d. Tas liecina, ka person\u012bgais talants joproj\u0101m ir augst\u0101kaj\u0101 l\u012bmen\u012b, ta\u010du \u0161aubas raisa komandas sp\u0113ja nodro\u0161in\u0101t vi\u0146am optim\u0101lu atbalsta strukt\u016bru n\u0101kotn\u0113.<\/p>\n<p>Implik\u0101cijas 2026. gada sezonai<\/p>\n<p>Ar Marko un potenci\u0101li Lambi\u0101zes aizie\u0161anu, Red Bull saskarsies ar nopietnu izaicin\u0101jumu saglab\u0101t savu dominanci, \u012bpa\u0161i \u0146emot v\u0113r\u0101 2026. gada noteikumu izmai\u0146as un to, ka McLaren ar Lando Norisu apliecin\u0101ja sp\u0113ju c\u012bn\u012bties par titulu. Komandai ir j\u0101r\u012bkojas \u0101tri, lai stabiliz\u0113tu tehniskos un strat\u0113\u0123iskos amatus, pret\u0113j\u0101 gad\u012bjum\u0101, pat ja Verstapens paliek, vi\u0146am var\u0113tu tr\u016bkt nepiecie\u0161am\u0101 atbalsta, lai aizst\u0101v\u0113tu savu poz\u012bciju F1 virsotn\u0113.<\/p>\n","protected":false},"excerpt":{"rendered":"Sezonas izska\u0146a un p\u0101rmai\u0146as Red Bull sast\u0101v\u0101 Lai gan 2025. gada F1 sezona nosl\u0113dz\u0101s ar Maksa Verstapena zaud\u0113to&hellip;\n","protected":false},"author":2,"featured_media":82952,"comment_status":"","ping_status":"","sticky":false,"template":"","format":"standard","meta":{"footnotes":""},"categories":[17],"tags":[21003,21001,21002,21000,35,39,38,36,37,34,40,20999,67],"class_list":{"0":"post-82951","1":"post","2":"type-post","3":"status-publish","4":"format-standard","5":"has-post-thumbnail","7":"category-sports","8":"tag-f1-2026","9":"tag-f1-red-bull","10":"tag-gianpiero-lambiase","11":"tag-helmut-marko","12":"tag-latvia","13":"tag-latvian","14":"tag-latviesu","15":"tag-latviesu-valoda","16":"tag-latviesuvaloda","17":"tag-latvija","18":"tag-lv","19":"tag-max-verstapen","20":"tag-sports"},"share_on_mastodon":{"url":"https:\/\/pubeurope.com\/@lv\/115763109208039081","error":""},"_links":{"self":[{"href":"https:\/\/www.europesays.com\/lv\/wp-json\/wp\/v2\/posts\/82951","targetHints":{"allow":["GET"]}}],"collection":[{"href":"https:\/\/www.europesays.com\/lv\/wp-json\/wp\/v2\/posts"}],"about":[{"href":"https:\/\/www.europesays.com\/lv\/wp-json\/wp\/v2\/types\/post"}],"author":[{"embeddable":true,"href":"https:\/\/www.europesays.com\/lv\/wp-json\/wp\/v2\/users\/2"}],"replies":[{"embeddable":true,"href":"https:\/\/www.europesays.com\/lv\/wp-json\/wp\/v2\/comments?post=82951"}],"version-history":[{"count":0,"href":"https:\/\/www.europesays.com\/lv\/wp-json\/wp\/v2\/posts\/82951\/revisions"}],"wp:featuredmedia":[{"embeddable":true,"href":"https:\/\/www.europesays.com\/lv\/wp-json\/wp\/v2\/media\/82952"}],"wp:attachment":[{"href":"https:\/\/www.europesays.com\/lv\/wp-json\/wp\/v2\/media?parent=82951"}],"wp:term":[{"taxonomy":"category","embeddable":true,"href":"https:\/\/www.europesays.com\/lv\/wp-json\/wp\/v2\/categories?post=82951"},{"taxonomy":"post_tag","embeddable":true,"href":"https:\/\/www.europesays.com\/lv\/wp-json\/wp\/v2\/tags?post=82951"}],"curies":[{"name":"wp","href":"https:\/\/api.w.org\/{rel}","templated":true}]}}