{"id":82955,"date":"2025-12-22T12:01:07","date_gmt":"2025-12-22T12:01:07","guid":{"rendered":"https:\/\/www.europesays.com\/lv\/82955\/"},"modified":"2025-12-22T12:01:07","modified_gmt":"2025-12-22T12:01:07","slug":"lietuva-ar-es-finansejumu-razotas-tehnologijas-iespejams-nonakusas-krievija-un-baltkrievija-raksts","status":"publish","type":"post","link":"https:\/\/www.europesays.com\/lv\/82955\/","title":{"rendered":"Lietuv\u0101 ar ES finans\u0113jumu ra\u017eot\u0101s tehnolo\u0123ijas, iesp\u0113jams, non\u0101ku\u0161as Krievij\u0101 un Baltkrievij\u0101 \/ Raksts"},"content":{"rendered":"<p>Lietuv\u0101 ar Eiropas Savien\u012bbas (ES) finans\u0113jumu ra\u017eot\u0101s tehnolo\u0123ijas var\u0113tu b\u016bt non\u0101ku\u0161as Krievijas un Baltkrievijas aizsardz\u012bbas r\u016bpniec\u012bbas r\u012bc\u012bb\u0101, pirmdien pazi\u0146oja Lietuvas ties\u012bbsarg\u0101jo\u0161\u0101s instit\u016bcijas.<\/p>\n<p>&#8220;Izmekl\u0113\u0161an\u0101 tiek analiz\u0113ti vair\u0101ki scen\u0101riji, ar\u012b iesp\u0113jam\u012bba, ka ar ES finans\u0113jumu ra\u017eots apr\u012bkojums nelikum\u012bgi tika eksport\u0113ts uz Baltkrieviju un Krieviju un izmantots \u0161o valstu aizsardz\u012bbas r\u016bpniec\u012bb\u0101,&#8221; \u017eurn\u0101listiem Vi\u013c\u0146\u0101 teica Finan\u0161u noziegumu izmekl\u0113\u0161anas dienesta \u012bpa\u0161o izmekl\u0113\u0161anu noda\u013cas vad\u012bt\u0101js Daugils Razausks.<\/p>\n<blockquote>\n<p>Aizdom\u0101s par dal\u012bbu organiz\u0113t\u0101s noziedz\u012bbas grup\u0113jum\u0101 pag\u0101ju\u0161aj\u0101 ned\u0113\u013c\u0101 aiztur\u0113ti vair\u0101ki Baltkrievijas, Krievijas un Lietuvas pilso\u0146i, vi\u0146\u0161 piebilda.<\/p>\n<\/blockquote>\n<p>Eiropas Prokurat\u016bras dele\u0123\u0113tais prokurors Darjus Kar\u010dinsks pazi\u0146oja, ka ofici\u0101li aizdom\u0101s tiek tur\u0113tas piecas fiziskas personas un viens uz\u0146\u0113mums.<\/p>\n<p>Viens aizdom\u0101s tur\u0113tais pa\u0161laik ir apcietin\u0101jum\u0101, diviem ir noteikts cits dro\u0161\u012bbas l\u012bdzeklis un v\u0113l divi aizdom\u0101s tur\u0113tie tiek mekl\u0113ti, teica prokurors, piebilstot, ka visiem liet\u0101 iesaist\u012btajiem Baltkrievijas un Krievijas pilso\u0146iem bija uztur\u0113\u0161an\u0101s at\u013cauja Lietuv\u0101.<\/p>\n<p>Izmekl\u0113\u0161an\u0101 tika veiktas vair\u0101k nek\u0101 desmit krat\u012b\u0161anas vis\u0101 Lietuv\u0101. Krat\u012b\u0161anas veiktas dz\u012bvesviet\u0101s, darbaviet\u0101s, uz\u0146\u0113mumos un transportl\u012bdzek\u013cos.<\/p>\n<blockquote>\n<p>Razausks sac\u012bja, ka nelikum\u012bg\u0101s darb\u012bbas veiku\u0161i Lietuvas uz\u0146\u0113mumi, ta\u010du tos faktiski vad\u012bja Baltkrievijas un Krievijas pilso\u0146i.<\/p>\n<\/blockquote>\n<p>Finan\u0161u noziegumu izmekl\u0113\u0161anas dienesta p\u0101rst\u0101vis teica, ka izmekl\u0113\u0161an\u0101 iesaist\u012btie uz\u0146\u0113mumi, kas sa\u0146\u0113ma ES finans\u0113jumu, ra\u017eoja da\u017e\u0101das navig\u0101cijas un satel\u012btu sist\u0113m\u0101m paredz\u0113tas iek\u0101rtas. Iest\u0101des \u0161os uz\u0146\u0113mumus ir identific\u0113ju\u0161as k\u0101 t\u0101dus, kas apdraud valsts dro\u0161\u012bbu.<\/p>\n<p>&#8220;Attiec\u012bgais uz\u0146\u0113mums parakst\u012bja l\u012bgumu ar Eiropas Kosmosa a\u0123ent\u016bru par Eiropas Savien\u012bbas finans\u0113tu projektu, kura m\u0113r\u0137is bija izstr\u0101d\u0101t augstas precizit\u0101tes navig\u0101cijas iek\u0101rtas, kas paredz\u0113tas prec\u012bzu koordin\u0101tu noteik\u0161anai. \u0160\u012bs iek\u0101rtas ir paredz\u0113tas izmanto\u0161anai prec\u012bzaj\u0101 lauksaimniec\u012bb\u0101, bet t\u0101s neap\u0161aub\u0101mi var izmantot ar\u012b k\u0101 div\u0113j\u0101da lietojuma preces un milit\u0101raj\u0101 r\u016bpniec\u012bb\u0101,&#8221; sac\u012bja Kar\u010dinsks.<\/p>\n<p>Prokurors teica, ka izmekl\u0113t\u0101ji konstat\u0113ja, ka uz\u0146\u0113mumu faktiski vad\u012bja Baltkrievijas pilso\u0146i un ka liel\u0101k\u0101 da\u013ca darbinieku, kas bija iesaist\u012bti gan projekt\u0101, gan uz\u0146\u0113muma darb\u012bb\u0101, bija Baltkrievijas pilso\u0146i. \u0160\u012bs personas projekta darb\u012bbas veica att\u0101lin\u0101ti no Baltkrievijas.<\/p>\n<p>K\u0101 sac\u012bja prokurors, projekta v\u0113rt\u012bba ir 1,1 miljons eiro, no kuriem vair\u0101k nek\u0101 745 000 eiro finans\u0113ja Eiropas Kosmosa a\u0123ent\u016bra.<\/p>\n<p>Uz\u0146\u0113mums l\u012bdz \u0161im ir sa\u0146\u0113mis vair\u0101k nek\u0101 447 000 eiro finans\u0113jumu.<\/p>\n<p>Ties\u012bbsarg\u0101jo\u0161\u0101s iest\u0101des pazi\u0146oja, ka t\u0101s piem\u0113ro procesu\u0101los pas\u0101kumus, lai nodro\u0161in\u0101tu iesp\u0113jamo zaud\u0113jumu atl\u012bdz\u012bbu.<\/p>\n<p>Pirmstiesas izmekl\u0113\u0161anu koordin\u0113 Eiropas Prokurat\u016bra, bet izl\u016bko\u0161anas un krimin\u0101lizl\u016bko\u0161anas oper\u0101cijas veic Lietuvas Valsts dro\u0161\u012bbas departaments un Finan\u0161u noziegumu izmekl\u0113\u0161anas dienests.<\/p>\n<p>                    Valodas k\u013c\u016bda rakst\u0101?<\/p>\n<p class=\"d-none d-md-block\">Iez\u012bm\u0113jiet tekstu un spiediet Ctrl+Enter, lai nos\u016bt\u012btu labojamo teksta fragmentu redaktoram! Par faktu k\u013c\u016bd\u0101m l\u016bdzam zi\u0146ot e-past\u0101 <a href=\"https:\/\/www.lsm.lv\/cdn-cgi\/l\/email-protection\" class=\"__cf_email__\" data-cfemail=\"e6948382878d858f8c87a68a958bc88a90\" rel=\"nofollow noopener\" target=\"_blank\">[email\u00a0protected]<\/a>.<\/p>\n<p class=\"d-md-none\">Iez\u012bm\u0113jiet tekstu un spiediet uz Zi\u0146ot par k\u013c\u016bdu pogas, lai nos\u016bt\u012btu labojamo teksta fragmentu redaktoram!<\/p>\n<p>\n                    Zi\u0146ot par k\u013c\u016bdu\n                <\/p>\n","protected":false},"excerpt":{"rendered":"Lietuv\u0101 ar Eiropas Savien\u012bbas (ES) finans\u0113jumu ra\u017eot\u0101s tehnolo\u0123ijas var\u0113tu b\u016bt non\u0101ku\u0161as Krievijas un Baltkrievijas aizsardz\u012bbas r\u016bpniec\u012bbas r\u012bc\u012bb\u0101, pirmdien&hellip;\n","protected":false},"author":2,"featured_media":82956,"comment_status":"","ping_status":"","sticky":false,"template":"","format":"standard","meta":{"footnotes":""},"categories":[14],"tags":[23,57,28,29,32,33,22,30,31,35,39,38,36,37,34,40,20,26,27,24,25,54,55,56,21,58],"class_list":{"0":"post-82955","1":"post","2":"type-post","3":"status-publish","4":"format-standard","5":"has-post-thumbnail","7":"category-zinas-no-arvalstim","8":"tag-aktualitates","9":"tag-arvalstim","10":"tag-breaking-news","11":"tag-breakingnews","12":"tag-featured-news","13":"tag-featurednews","14":"tag-headlines","15":"tag-latest-news","16":"tag-latestnews","17":"tag-latvia","18":"tag-latvian","19":"tag-latviesu","20":"tag-latviesu-valoda","21":"tag-latviesuvaloda","22":"tag-latvija","23":"tag-lv","24":"tag-news","25":"tag-popularakas-zinas","26":"tag-popularakaszinas","27":"tag-top-stories","28":"tag-topstories","29":"tag-world","30":"tag-world-news","31":"tag-worldnews","32":"tag-zinas","33":"tag-zinas-no-arvalstim"},"share_on_mastodon":{"url":"https:\/\/pubeurope.com\/@lv\/115763117124977158","error":""},"_links":{"self":[{"href":"https:\/\/www.europesays.com\/lv\/wp-json\/wp\/v2\/posts\/82955","targetHints":{"allow":["GET"]}}],"collection":[{"href":"https:\/\/www.europesays.com\/lv\/wp-json\/wp\/v2\/posts"}],"about":[{"href":"https:\/\/www.europesays.com\/lv\/wp-json\/wp\/v2\/types\/post"}],"author":[{"embeddable":true,"href":"https:\/\/www.europesays.com\/lv\/wp-json\/wp\/v2\/users\/2"}],"replies":[{"embeddable":true,"href":"https:\/\/www.europesays.com\/lv\/wp-json\/wp\/v2\/comments?post=82955"}],"version-history":[{"count":0,"href":"https:\/\/www.europesays.com\/lv\/wp-json\/wp\/v2\/posts\/82955\/revisions"}],"wp:featuredmedia":[{"embeddable":true,"href":"https:\/\/www.europesays.com\/lv\/wp-json\/wp\/v2\/media\/82956"}],"wp:attachment":[{"href":"https:\/\/www.europesays.com\/lv\/wp-json\/wp\/v2\/media?parent=82955"}],"wp:term":[{"taxonomy":"category","embeddable":true,"href":"https:\/\/www.europesays.com\/lv\/wp-json\/wp\/v2\/categories?post=82955"},{"taxonomy":"post_tag","embeddable":true,"href":"https:\/\/www.europesays.com\/lv\/wp-json\/wp\/v2\/tags?post=82955"}],"curies":[{"name":"wp","href":"https:\/\/api.w.org\/{rel}","templated":true}]}}