{"id":82957,"date":"2025-12-22T12:02:08","date_gmt":"2025-12-22T12:02:08","guid":{"rendered":"https:\/\/www.europesays.com\/lv\/82957\/"},"modified":"2025-12-22T12:02:08","modified_gmt":"2025-12-22T12:02:08","slug":"smiltenes-novada-nozagta-automasina-ar-medibu-ieroci-transportlidzeklis-atrasts-rujiena","status":"publish","type":"post","link":"https:\/\/www.europesays.com\/lv\/82957\/","title":{"rendered":"Smiltenes novad\u0101 nozagta automa\u0161\u012bna ar med\u012bbu ieroci \u2013 transportl\u012bdzeklis atrasts R\u016bjien\u0101"},"content":{"rendered":"<p class=\"text-align-justify\">Aizvad\u012btaj\u0101 sestdien\u0101, 20. decembr\u012b, Smiltenes novada Drustu pagast\u0101 nozagta automa\u0161\u012bna \u201cNissan\u201d, kur\u0101 atrad\u0101s med\u012bbu ierocis un mun\u012bcija. Transportl\u012bdzeklis dr\u012bz vien tika atrasts Valmieras novada R\u016bjien\u0101, un aiztur\u0113ta 2004. gad\u0101 dzimusi persona, kura atrad\u0101s alkohola reibum\u0101. Par notiku\u0161o Valsts policija uzs\u0101kusi krimin\u0101lprocesu.<\/p>\n<p class=\"text-align-justify\">20. decembr\u012b Valsts policij\u0101 sa\u0146emts k\u0101da v\u012brie\u0161a iesniegums par to, ka Smiltenes novada Drustu pagast\u0101 nozagta vi\u0146am piedero\u0161a automa\u0161\u012bna \u201cNissan\u201d.<\/p>\n<p class=\"text-align-justify\">Noskaidrots, ka v\u012brietis ar transportl\u012bdzekli bija ieradies pie pazi\u0146as uz pas\u0101kumu. No r\u012bta pamostoties, vi\u0146\u0161 konstat\u0113ja, ka no jakas kabatas nozagtas automa\u0161\u012bnas atsl\u0113gas, k\u0101 ar\u012b pati automa\u0161\u012bna. Transportl\u012bdzekl\u012b atrad\u0101s med\u012bbu ierocis un patronas.<\/p>\n<p class=\"text-align-justify\">V\u0113l pirms tika pieteikta automa\u0161\u012bnas z\u0101dz\u012bba, Valsts policija sa\u0146\u0113ma inform\u0101ciju, ka min\u0113tais transportl\u012bdzeklis Valmieras novad\u0101 tiek vad\u012bts, iesp\u0113jams, alkohola reibum\u0101. Operat\u012bvu pas\u0101kumu rezult\u0101t\u0101 automa\u0161\u012bna tika atrasta Valmieras novada R\u016bjien\u0101 novietota st\u0101v\u0113\u0161anai. Turpat blakus tika \u00a0aiztur\u0113ta viena persona \u2013 2004. gad\u0101 dzimis v\u012brietis. Aiztur\u0113tajam v\u012brietim izelp\u0101 tika konstat\u0113tas 1,51 promile alkohola. <\/p>\n<p class=\"text-align-justify\">Med\u012bbu ierocis un mun\u012bcija tika atrasti un iz\u0146emti. Par notiku\u0161o uzs\u0101kts krimin\u0101lprocess, un tiek skaidroti visi notiku\u0161\u0101 apst\u0101k\u013ci.<\/p>\n<p class=\"text-align-justify\">Valsts policija atg\u0101dina, ka iero\u010du un mun\u012bcijas aprite ir stingri reglament\u0113ta, un iero\u010da \u012bpa\u0161niekam ir pien\u0101kums nodro\u0161in\u0101t t\u0101 dro\u0161u glab\u0101\u0161anu un p\u0101rvad\u0101\u0161anu, lai nov\u0113rstu iero\u010da non\u0101k\u0161anu nepiedero\u0161u personu r\u012bc\u012bb\u0101. Par iero\u010da nev\u0113r\u012bgu glab\u0101\u0161anu iero\u010da \u012bpa\u0161niekam var tikt piem\u0113rota administrat\u012bv\u0101 atbild\u012bba.<\/p>\n","protected":false},"excerpt":{"rendered":"Aizvad\u012btaj\u0101 sestdien\u0101, 20. decembr\u012b, Smiltenes novada Drustu pagast\u0101 nozagta automa\u0161\u012bna \u201cNissan\u201d, kur\u0101 atrad\u0101s med\u012bbu ierocis un mun\u012bcija. Transportl\u012bdzeklis&hellip;\n","protected":false},"author":2,"featured_media":82958,"comment_status":"","ping_status":"","sticky":false,"template":"","format":"standard","meta":{"footnotes":""},"categories":[12],"tags":[23,28,29,32,33,22,30,31,35,39,38,36,37,34,40,20,26,27,24,25,21],"class_list":{"0":"post-82957","1":"post","2":"type-post","3":"status-publish","4":"format-standard","5":"has-post-thumbnail","7":"category-latvija","8":"tag-aktualitates","9":"tag-breaking-news","10":"tag-breakingnews","11":"tag-featured-news","12":"tag-featurednews","13":"tag-headlines","14":"tag-latest-news","15":"tag-latestnews","16":"tag-latvia","17":"tag-latvian","18":"tag-latviesu","19":"tag-latviesu-valoda","20":"tag-latviesuvaloda","21":"tag-latvija","22":"tag-lv","23":"tag-news","24":"tag-popularakas-zinas","25":"tag-popularakaszinas","26":"tag-top-stories","27":"tag-topstories","28":"tag-zinas"},"share_on_mastodon":{"url":"https:\/\/pubeurope.com\/@lv\/115763121025225597","error":""},"_links":{"self":[{"href":"https:\/\/www.europesays.com\/lv\/wp-json\/wp\/v2\/posts\/82957","targetHints":{"allow":["GET"]}}],"collection":[{"href":"https:\/\/www.europesays.com\/lv\/wp-json\/wp\/v2\/posts"}],"about":[{"href":"https:\/\/www.europesays.com\/lv\/wp-json\/wp\/v2\/types\/post"}],"author":[{"embeddable":true,"href":"https:\/\/www.europesays.com\/lv\/wp-json\/wp\/v2\/users\/2"}],"replies":[{"embeddable":true,"href":"https:\/\/www.europesays.com\/lv\/wp-json\/wp\/v2\/comments?post=82957"}],"version-history":[{"count":0,"href":"https:\/\/www.europesays.com\/lv\/wp-json\/wp\/v2\/posts\/82957\/revisions"}],"wp:featuredmedia":[{"embeddable":true,"href":"https:\/\/www.europesays.com\/lv\/wp-json\/wp\/v2\/media\/82958"}],"wp:attachment":[{"href":"https:\/\/www.europesays.com\/lv\/wp-json\/wp\/v2\/media?parent=82957"}],"wp:term":[{"taxonomy":"category","embeddable":true,"href":"https:\/\/www.europesays.com\/lv\/wp-json\/wp\/v2\/categories?post=82957"},{"taxonomy":"post_tag","embeddable":true,"href":"https:\/\/www.europesays.com\/lv\/wp-json\/wp\/v2\/tags?post=82957"}],"curies":[{"name":"wp","href":"https:\/\/api.w.org\/{rel}","templated":true}]}}