{"id":82959,"date":"2025-12-22T12:03:10","date_gmt":"2025-12-22T12:03:10","guid":{"rendered":"https:\/\/www.europesays.com\/lv\/82959\/"},"modified":"2025-12-22T12:03:10","modified_gmt":"2025-12-22T12:03:10","slug":"pilnveido-pedagogu-darba-laika-uzskaites-un-atalgojuma-kartibu","status":"publish","type":"post","link":"https:\/\/www.europesays.com\/lv\/82959\/","title":{"rendered":"Pilnveido pedagogu darba laika uzskaites un atalgojuma k\u0101rt\u012bbu"},"content":{"rendered":"<p>Turpm\u0101k profesion\u0101lo skolu direktori pa\u0161i var\u0113s saska\u0146ot pedagogu darba slodzes izmai\u0146as, ja t\u0101s main\u0101s m\u0101c\u012bbu gada laik\u0101. Tas \u013caus samazin\u0101t birokr\u0101tiju, jo l\u012bdz \u0161im katra izmai\u0146a pras\u012bja papildu saska\u0146ojumus, nor\u0101da IZM.<\/p>\n<p>Vienlaikus paredz\u0113ts, ka gad\u012bjumos, ja pedagogs m\u0101c\u012bbu gada vid\u016b p\u0101rtrauc darbu vai dodas ilgsto\u0161\u0101 promb\u016btn\u0113, skolai b\u016bs pien\u0101kums p\u0101rr\u0113\u0137in\u0101t faktiski nostr\u0101d\u0101t\u0101s stundas, lai par t\u0101m tiktu samaks\u0101ts.<\/p>\n<p>Izmai\u0146as paredz ar\u012b prec\u012bz\u0101ku skolot\u0101ju darba laika uzskaiti, vairs neatz\u012bm\u0113jot darba dienu form\u0101li, bet fiks\u0113jot nostr\u0101d\u0101t\u0101s stundas atbilsto\u0161i Darba likumam, nor\u0101dot kop\u0113jo stundu skaitu, virsstundas, darbu sv\u0113tku dien\u0101s un d\u012bkst\u0101vi.<\/p>\n","protected":false},"excerpt":{"rendered":"Turpm\u0101k profesion\u0101lo skolu direktori pa\u0161i var\u0113s saska\u0146ot pedagogu darba slodzes izmai\u0146as, ja t\u0101s main\u0101s m\u0101c\u012bbu gada laik\u0101. Tas&hellip;\n","protected":false},"author":2,"featured_media":82960,"comment_status":"","ping_status":"","sticky":false,"template":"","format":"standard","meta":{"footnotes":""},"categories":[5],"tags":[23,8496,28,29,32,33,22,30,31,35,39,38,36,37,34,40,20,26,27,49,5004,1913,24,25,21],"class_list":{"0":"post-82959","1":"post","2":"type-post","3":"status-publish","4":"format-standard","5":"has-post-thumbnail","7":"category-aktualitates","8":"tag-aktualitates","9":"tag-alga","10":"tag-breaking-news","11":"tag-breakingnews","12":"tag-featured-news","13":"tag-featurednews","14":"tag-headlines","15":"tag-latest-news","16":"tag-latestnews","17":"tag-latvia","18":"tag-latvian","19":"tag-latviesu","20":"tag-latviesu-valoda","21":"tag-latviesuvaloda","22":"tag-latvija","23":"tag-lv","24":"tag-news","25":"tag-popularakas-zinas","26":"tag-popularakaszinas","27":"tag-skola","28":"tag-skolas","29":"tag-skolas-un-izglitiba","30":"tag-top-stories","31":"tag-topstories","32":"tag-zinas"},"share_on_mastodon":{"url":"https:\/\/pubeurope.com\/@lv\/115763125007185362","error":""},"_links":{"self":[{"href":"https:\/\/www.europesays.com\/lv\/wp-json\/wp\/v2\/posts\/82959","targetHints":{"allow":["GET"]}}],"collection":[{"href":"https:\/\/www.europesays.com\/lv\/wp-json\/wp\/v2\/posts"}],"about":[{"href":"https:\/\/www.europesays.com\/lv\/wp-json\/wp\/v2\/types\/post"}],"author":[{"embeddable":true,"href":"https:\/\/www.europesays.com\/lv\/wp-json\/wp\/v2\/users\/2"}],"replies":[{"embeddable":true,"href":"https:\/\/www.europesays.com\/lv\/wp-json\/wp\/v2\/comments?post=82959"}],"version-history":[{"count":0,"href":"https:\/\/www.europesays.com\/lv\/wp-json\/wp\/v2\/posts\/82959\/revisions"}],"wp:featuredmedia":[{"embeddable":true,"href":"https:\/\/www.europesays.com\/lv\/wp-json\/wp\/v2\/media\/82960"}],"wp:attachment":[{"href":"https:\/\/www.europesays.com\/lv\/wp-json\/wp\/v2\/media?parent=82959"}],"wp:term":[{"taxonomy":"category","embeddable":true,"href":"https:\/\/www.europesays.com\/lv\/wp-json\/wp\/v2\/categories?post=82959"},{"taxonomy":"post_tag","embeddable":true,"href":"https:\/\/www.europesays.com\/lv\/wp-json\/wp\/v2\/tags?post=82959"}],"curies":[{"name":"wp","href":"https:\/\/api.w.org\/{rel}","templated":true}]}}