{"id":82961,"date":"2025-12-22T12:04:09","date_gmt":"2025-12-22T12:04:09","guid":{"rendered":"https:\/\/www.europesays.com\/lv\/82961\/"},"modified":"2025-12-22T12:04:09","modified_gmt":"2025-12-22T12:04:09","slug":"nakamnedel-eiropas-ziemassvetku-festivalu-noslegs-latvijas-radio-koris-un-sinfonietta-riga-jauns-lv","status":"publish","type":"post","link":"https:\/\/www.europesays.com\/lv\/82961\/","title":{"rendered":"N\u0101kamned\u0113\u013c &quot;Eiropas Ziemassv\u0113tku&quot; festiv\u0101lu nosl\u0113gs Latvijas Radio koris un &quot;Sinfonietta R\u012bga&quot; &#8211; Jauns.lv"},"content":{"rendered":"<ol>\n<li><a href=\"https:\/\/news.google.com\/rss\/articles\/CBMixgFBVV95cUxQTTJqRTJtT3dacnBUNEk1QmQyN2lkZlZXOERMMUNmT2VuclNHa0RfWWRTOEtfQUk3ZGFDeWVLRGtva3JobE05NnMzTHUzbXZmRUw3YnFENGVONHdXeEJVaHNhR3Z0VDBMTXpBTUF5bmFSTDg2V1B6b2lUejY3Vjh5ZG9CV2pXRmJ5UFR3a1JIaXdRZ0JyMkpySTJfVHRzVUhZUENPNURwQmp0eXBIVW9sQ3J3dFJOdkxjcFQ3MEdrVGxBRHlkZ1E?oc=5\" target=\"_blank\" rel=\"nofollow noopener\">N\u0101kamned\u0113\u013c &#8220;Eiropas Ziemassv\u0113tku&#8221; festiv\u0101lu nosl\u0113gs Latvijas Radio koris un &#8220;Sinfonietta R\u012bga&#8221;<\/a>&nbsp;&nbsp;Jauns.lv<\/li>\n<li><a href=\"https:\/\/news.google.com\/rss\/articles\/CBMirwFBVV95cUxNcWZwN2lSQkk2UC1ERGdWYnlBblk4d1JEalZQZWk3Y3hNbEo1WTc5ZEJLZC0yM2p2Uy16cHQ4VzRBeFA4RFlQYW5oUGM3aldGN05xOFhvT0Z6eVJlOVdoU2x3eGc5RHFZc1F0YmloYjcxb0c3XzZYYTFmUHZ2Z0pHdU1JR0JLMXVhZHE2YWxNdy1KVjFQSXZEWVZlR2pSeFZRQWJYaUp6VE16M0ZCUEw4?oc=5\" target=\"_blank\" rel=\"nofollow noopener\">Svin\u0113sim sv\u0113tkus ar m\u016bziku! Liel\u0101 Ziemassv\u0113tku koncertu izlase<\/a>&nbsp;&nbsp;Delfi<\/li>\n<li><a href=\"https:\/\/news.google.com\/rss\/articles\/CBMi0AFBVV95cUxNLWxneVpvOE5LM09HVXlxbVpSMzJfeWYzTlRhRzZ6RzNyT2pkaWZRdWVia1diX01QWmtwRzdiV3lsR0NwUF9LTnJBaUJpdnVqOWFYN3BEQ3UwS3ZGNjZJa1lVb2lhTzN4R2lIRnUyUUxhMEVCV2pRZDJad2JTZDdtakx2a0sxbHJrTTNhdWtsZmJDZldtRVZ1TTVYY3RDQU1JcXljOUdaaGdGTGJ4WmxfeUtWOXhJWVF6MEhwV3Z5UFJRLW1YdkR2SE9QaVNCNWNi?oc=5\" target=\"_blank\" rel=\"nofollow noopener\">Sadzirdi Ziemassv\u0113tku kl\u0101tb\u016btni. M\u016bzikas notikumu ieteikumi ned\u0113\u013cas nogalei \/ Raksts<\/a>&nbsp;&nbsp;LSM<\/li>\n<li><a href=\"https:\/\/news.google.com\/rss\/articles\/CBMiowFBVV95cUxNc2l6VXViR0xkNThNRnc2SUZaRWlrTTRLOHgtNkdhUEhjV0VENV9mdU1uSS1Weml1U2FYdTZQZ2I0aVJIekFKb2xzbW1XTDM2QlNZUUdWaGVicjJCTEZ0UDQ2V2ZWNUpXaWxtMl90VURMNHZjdVg3ZE8ycU95ZEhIQi1rRmNRTEJXbzFhcG01ZElPbEx4NU8xMjhmOG8xVXJESTZV?oc=5\" target=\"_blank\" rel=\"nofollow noopener\">R\u012bga aicina uz sirsn\u012bgiem pas\u0101kumiem un koncertiem Ziemassv\u0113tkos<\/a>&nbsp;&nbsp;tv3.lv<\/li>\n<li><a href=\"https:\/\/news.google.com\/rss\/articles\/CBMiyAFBVV95cUxOTWkzdFZiVnIyZ0R0b0xQWU9aRTVpekM3eDRzNGx4QWNVeHdjSTZWM25USUYyU0lqd0ZhcDFtNjctOXV3RWRYd3NoTG9yZkZuU2wxMWZ2TjJiN2ZMYzRRZWg0SFJhY0phdnRpaDE1Ulc1bzkzN3hPRm10VGNfTU15SUNjSlhQcTN1OXdxRmVxSHBhWHVoUFlPNE1hYmtOang3M25yT24tclRSX0hoVVlBYnVTaWIyS2NQWHhweGxYVXRDZ3pqZ19iUg?oc=5\" target=\"_blank\" rel=\"nofollow noopener\">R\u012bgas Ziemassv\u0113tku Harmonija: Daudzveid\u012bgs Koncertu Izlase Gaida Iedz\u012bvot\u0101jus un Viesus<\/a>&nbsp;&nbsp;Lente.lv<\/li>\n<\/ol>\n","protected":false},"excerpt":{"rendered":"N\u0101kamned\u0113\u013c &#8220;Eiropas Ziemassv\u0113tku&#8221; festiv\u0101lu nosl\u0113gs Latvijas Radio koris un &#8220;Sinfonietta R\u012bga&#8221;&nbsp;&nbsp;Jauns.lv Svin\u0113sim sv\u0113tkus ar m\u016bziku! Liel\u0101 Ziemassv\u0113tku koncertu&hellip;\n","protected":false},"author":2,"featured_media":82962,"comment_status":"","ping_status":"","sticky":false,"template":"","format":"standard","meta":{"footnotes":""},"categories":[19],"tags":[89,90,35,39,38,36,37,34,40],"class_list":{"0":"post-82961","1":"post","2":"type-post","3":"status-publish","4":"format-standard","5":"has-post-thumbnail","7":"category-izklaide","8":"tag-entertainment","9":"tag-izklaide","10":"tag-latvia","11":"tag-latvian","12":"tag-latviesu","13":"tag-latviesu-valoda","14":"tag-latviesuvaloda","15":"tag-latvija","16":"tag-lv"},"share_on_mastodon":{"url":"https:\/\/pubeurope.com\/@lv\/115763128801727315","error":""},"_links":{"self":[{"href":"https:\/\/www.europesays.com\/lv\/wp-json\/wp\/v2\/posts\/82961","targetHints":{"allow":["GET"]}}],"collection":[{"href":"https:\/\/www.europesays.com\/lv\/wp-json\/wp\/v2\/posts"}],"about":[{"href":"https:\/\/www.europesays.com\/lv\/wp-json\/wp\/v2\/types\/post"}],"author":[{"embeddable":true,"href":"https:\/\/www.europesays.com\/lv\/wp-json\/wp\/v2\/users\/2"}],"replies":[{"embeddable":true,"href":"https:\/\/www.europesays.com\/lv\/wp-json\/wp\/v2\/comments?post=82961"}],"version-history":[{"count":0,"href":"https:\/\/www.europesays.com\/lv\/wp-json\/wp\/v2\/posts\/82961\/revisions"}],"wp:featuredmedia":[{"embeddable":true,"href":"https:\/\/www.europesays.com\/lv\/wp-json\/wp\/v2\/media\/82962"}],"wp:attachment":[{"href":"https:\/\/www.europesays.com\/lv\/wp-json\/wp\/v2\/media?parent=82961"}],"wp:term":[{"taxonomy":"category","embeddable":true,"href":"https:\/\/www.europesays.com\/lv\/wp-json\/wp\/v2\/categories?post=82961"},{"taxonomy":"post_tag","embeddable":true,"href":"https:\/\/www.europesays.com\/lv\/wp-json\/wp\/v2\/tags?post=82961"}],"curies":[{"name":"wp","href":"https:\/\/api.w.org\/{rel}","templated":true}]}}