{"id":82981,"date":"2025-12-22T12:21:07","date_gmt":"2025-12-22T12:21:07","guid":{"rendered":"https:\/\/www.europesays.com\/lv\/82981\/"},"modified":"2025-12-22T12:21:07","modified_gmt":"2025-12-22T12:21:07","slug":"nosaka-kartibu-kada-komercialajiem-regionalajiem-parvadatajiem-kompense-nodrosinatos-brauksanas-maksas-atvieglojumus","status":"publish","type":"post","link":"https:\/\/www.europesays.com\/lv\/82981\/","title":{"rendered":"Nosaka k\u0101rt\u012bbu, k\u0101d\u0101 komerci\u0101lajiem re\u0123ion\u0101lajiem p\u0101rvad\u0101t\u0101jiem kompens\u0113 nodro\u0161in\u0101tos brauk\u0161anas maksas atvieglojumus"},"content":{"rendered":"<p>22. decembr\u012b vald\u012bba apstiprin\u0101ja Satiksmes ministrijas (SM) rosin\u0101t\u0101s izmai\u0146as noteikumos \u201cK\u0101rt\u012bba, k\u0101d\u0101 nosaka un kompens\u0113 ar sabiedrisk\u0101 transporta pakalpojumu snieg\u0161anu saist\u012btos zaud\u0113jumus un izdevumus un nosaka sabiedrisk\u0101 transporta pakalpojuma tarifu\u201d. Ar groz\u012bjumiem tiek noteiks tiesiskais regul\u0113jums, nodro\u0161inot komerci\u0101lajiem p\u0101rvad\u0101t\u0101jiem kompens\u0101cijas sa\u0146em\u0161anu par pasa\u017eieru p\u0101rvad\u0101\u0161anu, kuriem valsts noteikusi iesp\u0113ju sa\u0146emt brauk\u0161anas maksas atvieglojumus.<\/p>\n<p>Izmai\u0146as noteikumos paredz kompens\u0101cijas meh\u0101nisma papla\u0161in\u0101\u0161anu uz komerci\u0101lajiem mar\u0161rutiem, nodro\u0161inot vienl\u012bdz\u012bgu attieksmi un atbilst\u012bbu Eiropas Savien\u012bbas ties\u012bbu aktiem. Tiek ieviesta jauna noda\u013ca, kas nosaka kompens\u0101cijas apr\u0113\u0137ina principus, proced\u016bras un nosac\u012bjumus, tostarp maksim\u0101lo kompens\u0101cijas apm\u0113ru, datu p\u0101rbaudes k\u0101rt\u012bbu un izmaksu termi\u0146us. <\/p>\n<p>Pa\u0161reiz\u0113jais regul\u0113jums paredz kompens\u0101cijas par pasa\u017eieru p\u0101rvad\u0101\u0161anu ar brauk\u0161anas maksas atvieglojumiem tikai dot\u0113tajos mar\u0161rutos, savuk\u0101rt komerci\u0101lie mar\u0161ruti \u0161aj\u0101 meh\u0101nism\u0101 l\u012bdz \u0161im nav iek\u013cauti. Groz\u012bjumi noteikumos paredz papla\u0161in\u0101t kompens\u0101cijas meh\u0101nismu, attiecinot to ar\u012b uz komerci\u0101lajiem mar\u0161rutiem, kuros p\u0101rvad\u0101t\u0101ji nodro\u0161ina pasa\u017eieru p\u0101rvad\u0101jumus ar valsts noteiktajiem brauk\u0161anas maksas atvieglojumiem. Pl\u0101nots ieviest skaidru, p\u0101rskat\u0101mu un objekt\u012bvu kompens\u0101cijas apr\u0113\u0137ina k\u0101rt\u012bba, nosakot, ka kompens\u0101cijas apm\u0113rs nep\u0101rsniedz dot\u0113t\u0101 re\u0123ion\u0101l\u0101 tarifa apm\u0113ru vai faktisko bi\u013cetes cenu, ja t\u0101 ir zem\u0101ka.<\/p>\n<p>T\u0101pat noteikumi paredz p\u0101rvad\u0101t\u0101ja pien\u0101kumu integr\u0113t bi\u013ce\u0161u tirdzniec\u012bbas sist\u0113mu ar brauk\u0161anas maksas atvieglojumu sa\u0146\u0113m\u0113ju inform\u0101cijas sist\u0113mu, nodro\u0161inot datu ticam\u012bbu, p\u0101rbaud\u0101m\u012bbu un atbilst\u012bbu p\u0101rskatatbild\u012bbas pras\u012bb\u0101m. \u0160\u0101da integr\u0101cija ir priek\u0161noteikums kompens\u0101cijas sa\u0146em\u0161anai. Tas noz\u012bm\u0113, ka par p\u0101rvad\u0101jumiem atbild\u012bgajai instit\u016bcijai \u2013 Autotransporta direkcijai \u2013 b\u016bs ties\u012bbas veikt uzraudz\u012bbu un kontroli, lai nov\u0113rstu riskus kompens\u0101ciju p\u0101rmaksai un nodro\u0161in\u0101tu valsts bud\u017eeta l\u012bdzek\u013cu lietder\u012bgu izmanto\u0161anu.<\/p>\n<p>Noteikumi ar\u012b paredz, ka brauk\u0161anas maksas da\u013cu, kas p\u0101rsniedz dot\u0113to re\u0123ion\u0101lo sabiedrisk\u0101 transporta tarifu, sedz brauk\u0161anas maksas atvieglojumu sa\u0146\u0113m\u0113js.<\/p>\n<p>Groz\u012bjumi izstr\u0101d\u0101ti, \u0146emot v\u0113r\u0101 ar\u012b 2025. gada 23. oktobr\u012b sp\u0113k\u0101 st\u0101ju\u0161os groz\u012bjumus Sabiedrisk\u0101 transporta pakalpojumu likum\u0101, kas paredz l\u012bdz 2025. gada 31. decembrim noteikt kompens\u0101cijas k\u0101rt\u012bbu komerci\u0101lajos autobusu mar\u0161rutos. Jaunais regul\u0113jums stiprin\u0101s tiesisko skaidr\u012bbu un sabiedrisk\u0101 transporta pakalpojumu ilgtsp\u0113ju.<\/p>\n","protected":false},"excerpt":{"rendered":"22. decembr\u012b vald\u012bba apstiprin\u0101ja Satiksmes ministrijas (SM) rosin\u0101t\u0101s izmai\u0146as noteikumos \u201cK\u0101rt\u012bba, k\u0101d\u0101 nosaka un kompens\u0113 ar sabiedrisk\u0101 transporta&hellip;\n","protected":false},"author":2,"featured_media":82982,"comment_status":"","ping_status":"","sticky":false,"template":"","format":"standard","meta":{"footnotes":""},"categories":[5],"tags":[23,28,29,32,33,22,30,31,35,39,38,36,37,34,40,20,26,27,24,25,21],"class_list":{"0":"post-82981","1":"post","2":"type-post","3":"status-publish","4":"format-standard","5":"has-post-thumbnail","7":"category-aktualitates","8":"tag-aktualitates","9":"tag-breaking-news","10":"tag-breakingnews","11":"tag-featured-news","12":"tag-featurednews","13":"tag-headlines","14":"tag-latest-news","15":"tag-latestnews","16":"tag-latvia","17":"tag-latvian","18":"tag-latviesu","19":"tag-latviesu-valoda","20":"tag-latviesuvaloda","21":"tag-latvija","22":"tag-lv","23":"tag-news","24":"tag-popularakas-zinas","25":"tag-popularakaszinas","26":"tag-top-stories","27":"tag-topstories","28":"tag-zinas"},"share_on_mastodon":{"url":"https:\/\/pubeurope.com\/@lv\/115763195694033599","error":""},"_links":{"self":[{"href":"https:\/\/www.europesays.com\/lv\/wp-json\/wp\/v2\/posts\/82981","targetHints":{"allow":["GET"]}}],"collection":[{"href":"https:\/\/www.europesays.com\/lv\/wp-json\/wp\/v2\/posts"}],"about":[{"href":"https:\/\/www.europesays.com\/lv\/wp-json\/wp\/v2\/types\/post"}],"author":[{"embeddable":true,"href":"https:\/\/www.europesays.com\/lv\/wp-json\/wp\/v2\/users\/2"}],"replies":[{"embeddable":true,"href":"https:\/\/www.europesays.com\/lv\/wp-json\/wp\/v2\/comments?post=82981"}],"version-history":[{"count":0,"href":"https:\/\/www.europesays.com\/lv\/wp-json\/wp\/v2\/posts\/82981\/revisions"}],"wp:featuredmedia":[{"embeddable":true,"href":"https:\/\/www.europesays.com\/lv\/wp-json\/wp\/v2\/media\/82982"}],"wp:attachment":[{"href":"https:\/\/www.europesays.com\/lv\/wp-json\/wp\/v2\/media?parent=82981"}],"wp:term":[{"taxonomy":"category","embeddable":true,"href":"https:\/\/www.europesays.com\/lv\/wp-json\/wp\/v2\/categories?post=82981"},{"taxonomy":"post_tag","embeddable":true,"href":"https:\/\/www.europesays.com\/lv\/wp-json\/wp\/v2\/tags?post=82981"}],"curies":[{"name":"wp","href":"https:\/\/api.w.org\/{rel}","templated":true}]}}