{"id":83011,"date":"2025-12-22T12:45:09","date_gmt":"2025-12-22T12:45:09","guid":{"rendered":"https:\/\/www.europesays.com\/lv\/83011\/"},"modified":"2025-12-22T12:45:09","modified_gmt":"2025-12-22T12:45:09","slug":"svetku-laika-tiks-ieviestas-izmainas-sabiedriska-transporta-kustiba-un-nodrosinati-papildreisi","status":"publish","type":"post","link":"https:\/\/www.europesays.com\/lv\/83011\/","title":{"rendered":"Sv\u0113tku laik\u0101 tiks ieviestas izmai\u0146as sabiedrisk\u0101 transporta kust\u012bb\u0101 un nodro\u0161in\u0101ti papildreisi"},"content":{"rendered":"<p>\t\t        \t<a href=\"https:\/\/www.daugavpils.lv\/assets\/upload\/news\/2025\/12\/ds-web-attels-17-001_max.jpg\" rel=\"nofollow noopener\" target=\"_blank\"><img decoding=\"async\" src=\"https:\/\/www.europesays.com\/lv\/wp-content\/uploads\/2025\/12\/ds-web-attels-17-001_sml.jpg\" class=\"news-image\" title=\"Sv\u0113tku laik\u0101 tiks ieviestas izmai\u0146as sabiedrisk\u0101 transporta kust\u012bb\u0101 un nodro\u0161in\u0101ti papildreisi\" alt=\"Sv\u0113tku laik\u0101 tiks ieviestas izmai\u0146as sabiedrisk\u0101 transporta kust\u012bb\u0101 un nodro\u0161in\u0101ti papildreisi\"\/><\/a><\/p>\n<p>SIA \u201cDaugavpils satiksme\u201d inform\u0113, ka Ziemassv\u0113tku laik\u0101 b\u016bs izmai\u0146as autobusu kust\u012bbas grafikos, savuk\u0101rt 31. decembr\u012b un 1. janv\u0101r\u012b tiks veiktas izmai\u0146as sabiedrisk\u0101 transporta kust\u012bbas grafik\u0101, lai nodro\u0161in\u0101tu \u0113rtu nok\u013c\u016b\u0161anu uz Jaungada sagaid\u012b\u0161anas pas\u0101kumiem Daugavpils Vien\u012bbas laukum\u0101.<\/p>\n<p>&#13;<\/p>\n<p>Ziemassv\u0113tku laik\u0101, 25. un 26. decembr\u012b, tiks atcelts:<\/p>\n<p>&#13;<\/p>\n<ul>&#13;<\/p>\n<li>autobusa mar\u0161ruta Nr. 9\u00a0\u201cAutoosta \u2013 Gr\u012bva (\u0136ir\u0161u iela)\u201d reiss ar atie\u0161anu no Autoostas plkst. 7.20.<\/li>\n<p>&#13;<\/p>\n<li>autobusa mar\u0161ruta Nr. 13\u00a0\u201cAutoosta \u2013 Liepziedu iela\u201d reiss atie\u0161anu no Autoostas plkst. 6.00.<\/li>\n<p>&#13;\n<\/ul>\n<p>&#13;<\/p>\n<p>Jaungada nakt\u012b, no 31. decembra uz 1. janv\u0101ri, pasa\u017eieru \u0113rt\u012bb\u0101m tiks nodro\u0161in\u0101ti\u00a0papildreisi, k\u0101 ar\u012b b\u016bs izmai\u0146as kust\u012bbas grafik\u0101.<\/p>\n<p>&#13;<\/p>\n<p>Tikai 31. decembri tiks groz\u012bts atie\u0161anas laiks:<\/p>\n<p>&#13;<\/p>\n<ul>&#13;<\/p>\n<li>autobusa mar\u0161rut\u0101 Nr. 10\u00a0\u201cAutoosta \u2013 Ru\u0123e\u013ci\u201d reiss no Autoostas plkst. 22.15 uz plkst. 22.30.<\/li>\n<p>&#13;<\/p>\n<li>autobusa mar\u0161rut\u0101 Nr. 17A\u00a0\u201cAutoosta \u2013 CSDD \u2013 Jaun\u0101 For\u0161tate\u201d reiss no Autoostas plkst. 23.30 uz plkst. 23.20.<\/li>\n<p>&#13;\n<\/ul>\n<p>&#13;<\/p>\n<p>Nakt\u012b no 31. decembra uz 1. janv\u0101ri tiks nodro\u0161in\u0101ti autobusu un tramvaju papildreisi:<\/p>\n<p>&#13;<\/p>\n<ul>&#13;<\/p>\n<li>tramvaja mar\u0161rut\u0101 Nr. 1 \u201cBut\u013cerova iela \u2013 Stacija\u201d no pieturas \u201cBut\u013cerova iela\u201d plkst. 22.50, 23.20, 23.30, 00.20, 00.40, 01.00, 01.30, 02.00; atie\u0161anas laiks no pieturas \u201c Stacija\u201d plkst. 23.17, 23.47, 23.57, 00.47, 01.07, 01.27, 01.57, 02.27;<\/li>\n<p>&#13;<\/p>\n<li>tramvaja mar\u0161ruts Nr. 4 \u201cFor\u0161tadte \u2013 Stacija\u201d no pieturas \u201cLatvijas Maiznieks\u201d plkst. 23.20, 00.20, 01.20; atie\u0161anas laiks no pieturas \u201cStacija\u201d plkst. 23.45; 00.45; 01.45. <\/li>\n<p>&#13;<\/p>\n<li>autobusa mar\u0161ruts Nr. 4 \u201cAutoosta \u2013 Cietoksnis \u2013 Me\u017eciems \u2013 Autoosta\u201d no Autoostas plkst. 00.20, 30 un 02.30 ( ar iebraukumu Jaun\u0101s For\u0161tates apkaim\u0113).<\/li>\n<p>&#13;<\/p>\n<li>autobusa mar\u0161ruts Nr. 10 \u201cAutoosta \u2013 Ru\u0123e\u013ci\u201d no Autoostas plkst. 00.25, 01.30, 02.30.<\/li>\n<p>&#13;<\/p>\n<li>autobusa mar\u0161ruts Nr. 12 \u201cAutoosta \u2013 Kri\u017ei\u201d no Autoostas plkst. 00.25, 01.30, 02.40 (p\u0113d\u0113jais reiss tikai l\u012bdz Kri\u017eiem, bez atgrie\u0161an\u0101s).<\/li>\n<p>&#13;<\/p>\n<li>autobusa mar\u0161ruts Nr. 17A \u201cAutoosta \u2013 CSDD \u2013 Jaun\u0101 For\u0161tate\u201d no Autoostas plkst. 00.20, 00.55, 01.30, 02.30.<\/li>\n<p>&#13;<\/p>\n<li>autobusa mar\u0161ruts Nr. 25 \u201cAutoosta \u2013 Kalk\u016bni \u2013 Judovka \u2013 Autoosta\u201d no Autoostas plkst. 00.25, 01.30, 02.30.<\/li>\n<p>&#13;\n<\/ul>\n<p>&#13;<\/p>\n<p>Savuk\u0101rt 1. janv\u0101r\u012b tiks atcelti sekojo\u0161i reisi:<\/p>\n<p>&#13;<\/p>\n<ul>&#13;<\/p>\n<li>tramvaja mar\u0161ruta Nr. 1 \u201cBut\u013cerova iela &#8211; Stacija\u201d reisi ar atie\u0161anas laiku no pieturas \u201cBut\u013cerova iela\u201d plkst. 06.05, 08.15, 08.35, 08.56, 09.18, 09.40, 10.02; attiec\u012bgi no pieturas \u201cStacija\u201d plkst. 06.32, 08.42, 09.02, 09.23, 09.45,10.07, 10:29.<\/li>\n<p>&#13;<\/p>\n<li>autobusu mar\u0161ruta Nr. 4 (no Autoostas) reiss plkst. 05.15;<\/li>\n<p>&#13;<\/p>\n<li>autobusu mar\u0161ruta Nr. 7 (no Autoostas) reiss plkst. 05.25;<\/li>\n<p>&#13;<\/p>\n<li>autobusu mar\u0161ruta Nr. 8 (no Autoostas) reiss plkst. 05.40;<\/li>\n<p>&#13;<\/p>\n<li>autobusu mar\u0161ruta Nr. 9 (no Autoostas) reiss plkst. 07.20;<\/li>\n<p>&#13;<\/p>\n<li>autobusu mar\u0161ruta Nr. 10 (no Autoostas) reiss plkst. 05.25;<\/li>\n<p>&#13;<\/p>\n<li>autobusu mar\u0161ruta Nr. 13 (no Autoostas) reiss plkst. 06.00;<\/li>\n<p>&#13;<\/p>\n<li>autobusu mar\u0161ruta Nr. 13A (no Autoostas) reiss plkst. 05.20 un plkst. 06.20;<\/li>\n<p>&#13;<\/p>\n<li>autobusu mar\u0161ruta Nr. 20 (no Autobusu parka) reiss plkst. 08.05 (no Ave\u0146u ielas plkst. 09.00);<\/li>\n<p>&#13;<\/p>\n<li>autobusu mar\u0161ruta Nr. 21 (no Autobusu parka) reiss plkst. 00.25;<\/li>\n<p>&#13;<\/p>\n<li>autobusu mar\u0161ruta Nr. 22 (no Autobusu parka) reiss 00.30.<\/li>\n<p>&#13;\n<\/ul>\n<p>&#13;<\/p>\n<p>Uz\u0146\u0113mums aicina pasa\u017eierus ar iepaz\u012bties ar aktu\u0101laj\u0101m izmai\u0146\u0101m un savlaic\u012bgi pl\u0101not savus braucienus!<br \/>SIA \u201cDaugavpils satiksme\u201d nov\u0113l priec\u012bgus Ziemassv\u0113tkus un laim\u012bgu Jauno gadu!<\/p>\n<p>&#13;<\/p>\n<p>\u00a0<\/p>\n<p>&#13;<\/p>\n<p>Inform\u0101ciju sagatavoja<\/p>\n<p>&#13;<\/p>\n<p>SIA \u201cDaugavpils satiksme\u201d<\/p>\n","protected":false},"excerpt":{"rendered":"SIA \u201cDaugavpils satiksme\u201d inform\u0113, ka Ziemassv\u0113tku laik\u0101 b\u016bs izmai\u0146as autobusu kust\u012bbas grafikos, savuk\u0101rt 31. decembr\u012b un 1. janv\u0101r\u012b&hellip;\n","protected":false},"author":2,"featured_media":83012,"comment_status":"","ping_status":"","sticky":false,"template":"","format":"standard","meta":{"footnotes":""},"categories":[5],"tags":[23,28,29,32,33,22,30,31,35,39,38,36,37,34,40,20,26,27,24,25,21],"class_list":{"0":"post-83011","1":"post","2":"type-post","3":"status-publish","4":"format-standard","5":"has-post-thumbnail","7":"category-aktualitates","8":"tag-aktualitates","9":"tag-breaking-news","10":"tag-breakingnews","11":"tag-featured-news","12":"tag-featurednews","13":"tag-headlines","14":"tag-latest-news","15":"tag-latestnews","16":"tag-latvia","17":"tag-latvian","18":"tag-latviesu","19":"tag-latviesu-valoda","20":"tag-latviesuvaloda","21":"tag-latvija","22":"tag-lv","23":"tag-news","24":"tag-popularakas-zinas","25":"tag-popularakaszinas","26":"tag-top-stories","27":"tag-topstories","28":"tag-zinas"},"share_on_mastodon":{"url":"https:\/\/pubeurope.com\/@lv\/115763290064957411","error":""},"_links":{"self":[{"href":"https:\/\/www.europesays.com\/lv\/wp-json\/wp\/v2\/posts\/83011","targetHints":{"allow":["GET"]}}],"collection":[{"href":"https:\/\/www.europesays.com\/lv\/wp-json\/wp\/v2\/posts"}],"about":[{"href":"https:\/\/www.europesays.com\/lv\/wp-json\/wp\/v2\/types\/post"}],"author":[{"embeddable":true,"href":"https:\/\/www.europesays.com\/lv\/wp-json\/wp\/v2\/users\/2"}],"replies":[{"embeddable":true,"href":"https:\/\/www.europesays.com\/lv\/wp-json\/wp\/v2\/comments?post=83011"}],"version-history":[{"count":0,"href":"https:\/\/www.europesays.com\/lv\/wp-json\/wp\/v2\/posts\/83011\/revisions"}],"wp:featuredmedia":[{"embeddable":true,"href":"https:\/\/www.europesays.com\/lv\/wp-json\/wp\/v2\/media\/83012"}],"wp:attachment":[{"href":"https:\/\/www.europesays.com\/lv\/wp-json\/wp\/v2\/media?parent=83011"}],"wp:term":[{"taxonomy":"category","embeddable":true,"href":"https:\/\/www.europesays.com\/lv\/wp-json\/wp\/v2\/categories?post=83011"},{"taxonomy":"post_tag","embeddable":true,"href":"https:\/\/www.europesays.com\/lv\/wp-json\/wp\/v2\/tags?post=83011"}],"curies":[{"name":"wp","href":"https:\/\/api.w.org\/{rel}","templated":true}]}}