{"id":83104,"date":"2025-12-22T14:07:22","date_gmt":"2025-12-22T14:07:22","guid":{"rendered":"https:\/\/www.europesays.com\/lv\/83104\/"},"modified":"2025-12-22T14:07:22","modified_gmt":"2025-12-22T14:07:22","slug":"putins-gatavs-sarunam-ar-makronu-par-kara-izbeigsanu-ukraina-lente-lv","status":"publish","type":"post","link":"https:\/\/www.europesays.com\/lv\/83104\/","title":{"rendered":"Putins gatavs sarun\u0101m ar Makronu par kara izbeig\u0161anu Ukrain\u0101\u00a0\u2014\u00a0Lente.lv"},"content":{"rendered":"<p>Jauns diplom\u0101tiskais pav\u0113rsiens: Putins atbild Francijai<\/p>\n<p>Krievijas prezidents Vladimirs Putins ir gatavs tikties ar Francijas prezidentu Emanuelu Makronu, lai spriestu par Krievijas uzs\u0101kt\u0101 kara izbeig\u0161anu Ukrain\u0101. \u0160\u0101du pazi\u0146ojumu \u0161ovakar izplat\u012bjis Kremlis, iez\u012bm\u0113jot iesp\u0113jamu noz\u012bm\u012bgu pav\u0113rsienu diplom\u0101tiskaj\u0101 front\u0113. K\u0101 inform\u0113 Latvijas Sabiedriskie Mediji, Elizejas pil\u012b \u0161is Kremlis pazi\u0146ojums ir nov\u0113rt\u0113ts atzin\u012bgi, un tur tiek apsv\u0113rti t\u0101l\u0101kie ofici\u0101lie so\u013ci. \u0160\u012b att\u012bst\u012bba notiek laik\u0101, kad Rietumi, tostarp Francija, akt\u012bvi mekl\u0113 ce\u013cus uz deeskal\u0101ciju un miera nosl\u0113g\u0161anu re\u0123ion\u0101, lai gan situ\u0101cija Ukrainas front\u0113 joproj\u0101m ir kritiska un saspringta.<\/p>\n<p>Francijas prezidenta kanceleja jau iepriek\u0161, piektdien, bija nor\u0101d\u012bjusi, ka tie\u0161as sarunas ar Maskavu par kara beig\u0101m b\u016btu izdev\u012bgas gan Ukrainai, gan visai Eiropai. \u0160is Francijas nost\u0101jas vilnis, \u0161\u0137iet, ir sasniedzis Maskavu, un rezult\u0113jies ar Krem\u013ca ofici\u0101lu piekri\u0161anu dialogam tie\u0161i ar Par\u012bzes l\u012bderi. Lai gan kara turpin\u0101\u0161an\u0101s ir bijusi brutalit\u0101tes pilna, ar ba\u017e\u0101m par turpm\u0101kiem draudiem visai kontinent\u0101lajai Eiropai, \u0161\u0101da l\u012bme\u0146a komunik\u0101cijas atjauno\u0161ana starp Eiropas lielvaru un Krem\u013ca vad\u012bt\u0101ju liecina par p\u0101rmai\u0146\u0101m starptautisk\u0101s diplom\u0101tijas ainav\u0101.<\/p>\n<p>Konteksts: Francijas loma un Makrona iepriek\u0161\u0113jie centieni<\/p>\n<p>Emanuels Makrons ilgsto\u0161i ir pozicion\u0113jis sevi k\u0101 vienu no galvenajiem dialoga uztur\u0113t\u0101jiem ar Krievijas vad\u012bt\u0101ju, pat laik\u0101, kad daudzas citas ES dal\u012bbvalstis, tostarp Latvija, iev\u0113roju\u0161as stingr\u0101ku attur\u0113\u0161an\u0101s politiku. Francija, lai gan uztur cie\u0161us sakarus ar Kijivu un sniedz tai atbalstu, ir uzsv\u0113rusi nepiecie\u0161am\u012bbu saglab\u0101t atv\u0113rtu komunik\u0101cijas kan\u0101lu ar Maskavu, lai mazin\u0101tu eskal\u0101cijas risku. Tiek atz\u012bm\u0113ts, ka Francija ir ap\u0146\u0113musies b\u016bt gatava iesp\u0113jamiem milit\u0101riem konfliktiem Eirop\u0101, ko, saska\u0146\u0101 ar t\u0101s strat\u0113\u0123iskajiem dokumentiem, var\u0113tu izrais\u012bt Krievijas rad\u012btie draudi. Tom\u0113r tie\u0161i \u0161obr\u012bd priorit\u0101te ir atrast diplom\u0101tisku izeju no karadarb\u012bbas.<\/p>\n<blockquote>\n<p>\u201cFrancijas prezidents piektdien izteic\u0101s, ka Eiropai un Ukrainai var\u0113tu b\u016bt lietder\u012bgi atkal s\u0101kt run\u0101t ar Putinu, lai tie\u0161\u0101 veid\u0101 iesaist\u012btos sarun\u0101s ar Maskavu par kara izbeig\u0161anu Ukrain\u0101.\u201d<\/p>\n<\/blockquote>\n<p>Inform\u0101cijas pl\u016bsma: Ukrainas poz\u012bcija un partneru koordin\u0101cija<\/p>\n<p>Krem\u013ca pazi\u0146ojum\u0101 \u012bpa\u0161i uzsv\u0113rts, ka jebk\u0101das sarunas ar Makronu notiktu, piln\u012bb\u0101 inform\u0113jot Ukrainas prezidentu Volodimiru Zelenski un citus Eiropas partnerus. \u0160is sol\u012bjums ir kritisks, \u0146emot v\u0113r\u0101 iepriek\u0161\u0113j\u0101s ba\u017eas par iesp\u0113jam\u0101m slepen\u0101m vieno\u0161an\u0101m, kas tiktu pan\u0101ktas aiz Kijivas muguras. Kam\u0113r diplom\u0101tisk\u0101s sarunas notiek augst\u0101kaj\u0101 l\u012bmen\u012b, Ukraina turpina c\u012bn\u012bties ar intens\u012bvu spiedienu front\u0113 un akcent\u0113 nepiecie\u0161am\u012bbu p\u0113c stingr\u0101ka starptautiska atbalsta, tostarp jaut\u0101jum\u0101 par iesald\u0113to Krievijas l\u012bdzek\u013cu novirz\u012b\u0161anu Kijivai.<\/p>\n<p>Pirms \u0161\u012b pazi\u0146ojuma par\u0101d\u012bj\u0101s zi\u0146as par citiem miera sarunu form\u0101tiem, piem\u0113ram, ASV ierosin\u0101taj\u0101m tr\u012bspus\u0113j\u0101m sarun\u0101m ar piedal\u012b\u0161anos Va\u0161ingtonas, Kijivas un Maskavas p\u0101rst\u0101vjiem. \u0160\u0101da daudzpus\u0113ju kan\u0101lu atv\u0113r\u0161ana nor\u0101da uz pieaugo\u0161u starptautisku spiedienu uz Krieviju, lai t\u0101 p\u0101rtrauktu milit\u0101r\u0101s oper\u0101cijas. Ukrainas prezidents Volodimirs Zelenskis publiski ir nor\u0101d\u012bjis uz \u0161ok\u0113jo\u0161i augstiem Krievijas zaud\u0113jumiem, kas, vi\u0146apr\u0101t, liecina par Krem\u013ca vienald\u012bbu pret savu karav\u012bru dz\u012bv\u012bb\u0101m, ta\u010du \u0161is jaunais dialoga sol\u012bjums liek p\u0101rskat\u012bt taktiskos pl\u0101nus.<\/p>\n<p>Iesp\u0113jam\u0101s sekas un Baltijas re\u0123iona interese<\/p>\n<p>Iesp\u0113jam\u0101 tik\u0161an\u0101s starp Putinu un Makronu var\u0113tu rad\u012bt b\u016btisku ietekmi uz visu re\u0123ionu, ieskaitot Latviju, kura turpina saskarties ar Krievijas hibr\u012bdajiem draudiem un ekonomisk\u0101m sek\u0101m. Latvijas Nacion\u0101l\u0101s dro\u0161\u012bbas padome ir aicin\u0101jusi ES pie\u0146emt steidz\u012bgus l\u0113mumus par iesald\u0113to Krievijas l\u012bdzek\u013cu izmanto\u0161anu Ukrainas atbalstam. \u0160\u0101da augsta l\u012bme\u0146a saruna var\u0113tu ietekm\u0113t turpm\u0101ko sankciju re\u017e\u012bmu un dro\u0161\u012bbas garantiju izstr\u0101di Ukrainai. Runa ir par milz\u012bgiem finansi\u0101liem l\u012bdzek\u013ciem, kas iesald\u0113ti, un to izmanto\u0161ana var\u0113tu b\u016btiski main\u012bt kara dinamiku.<\/p>\n<p>T\u0101pat \u0161\u012b diplom\u0101tisk\u0101 aktivit\u0101te notiek kontekst\u0101, kad tiek analiz\u0113ta Rietumu re\u0123ionu sp\u0113ja st\u0101ties pret\u012b potenci\u0101liem jaunajiem draudiem. Francijas amatpersonas iepriek\u0161 ir br\u012bdin\u0101ju\u0161as, ka Krievijas aktivit\u0101te, tostarp j\u016br\u0101 un kosmos\u0101, ir j\u0101uztver nopietni. T\u0101p\u0113c jebk\u0101ds solis uz priek\u0161u sarun\u0101s, kas var\u0113tu nodro\u0161in\u0101t stabilu pamatu pamieram, tiks v\u0113rt\u0113ts ar piesardz\u012bgu optimismu, bet stingri koordin\u0113jot so\u013cus ar Ukrainu un NATO sabiedrotajiem. N\u0101kam\u0101s dienas iez\u012bm\u0113sies ar intens\u012bvu komunik\u0101ciju starp Par\u012bzi, Kijivu un Briseli, lai preciz\u0113tu \u0161o iesp\u0113jamo sarunu gaitu un m\u0113r\u0137us.<\/p>\n","protected":false},"excerpt":{"rendered":"Jauns diplom\u0101tiskais pav\u0113rsiens: Putins atbild Francijai Krievijas prezidents Vladimirs Putins ir gatavs tikties ar Francijas prezidentu Emanuelu Makronu,&hellip;\n","protected":false},"author":2,"featured_media":83105,"comment_status":"","ping_status":"","sticky":false,"template":"","format":"standard","meta":{"footnotes":""},"categories":[14],"tags":[23,57,28,29,3464,32,33,22,234,30,31,35,39,38,36,37,34,40,21026,20,26,27,3143,24,25,3113,54,55,56,21,58],"class_list":{"0":"post-83104","1":"post","2":"type-post","3":"status-publish","4":"format-standard","5":"has-post-thumbnail","7":"category-zinas-no-arvalstim","8":"tag-aktualitates","9":"tag-arvalstim","10":"tag-breaking-news","11":"tag-breakingnews","12":"tag-diplomatija","13":"tag-featured-news","14":"tag-featurednews","15":"tag-headlines","16":"tag-krievija","17":"tag-latest-news","18":"tag-latestnews","19":"tag-latvia","20":"tag-latvian","21":"tag-latviesu","22":"tag-latviesu-valoda","23":"tag-latviesuvaloda","24":"tag-latvija","25":"tag-lv","26":"tag-makrons","27":"tag-news","28":"tag-popularakas-zinas","29":"tag-popularakaszinas","30":"tag-putins","31":"tag-top-stories","32":"tag-topstories","33":"tag-ukrainas-kars","34":"tag-world","35":"tag-world-news","36":"tag-worldnews","37":"tag-zinas","38":"tag-zinas-no-arvalstim"},"share_on_mastodon":{"url":"https:\/\/pubeurope.com\/@lv\/115763612503666328","error":""},"_links":{"self":[{"href":"https:\/\/www.europesays.com\/lv\/wp-json\/wp\/v2\/posts\/83104","targetHints":{"allow":["GET"]}}],"collection":[{"href":"https:\/\/www.europesays.com\/lv\/wp-json\/wp\/v2\/posts"}],"about":[{"href":"https:\/\/www.europesays.com\/lv\/wp-json\/wp\/v2\/types\/post"}],"author":[{"embeddable":true,"href":"https:\/\/www.europesays.com\/lv\/wp-json\/wp\/v2\/users\/2"}],"replies":[{"embeddable":true,"href":"https:\/\/www.europesays.com\/lv\/wp-json\/wp\/v2\/comments?post=83104"}],"version-history":[{"count":0,"href":"https:\/\/www.europesays.com\/lv\/wp-json\/wp\/v2\/posts\/83104\/revisions"}],"wp:featuredmedia":[{"embeddable":true,"href":"https:\/\/www.europesays.com\/lv\/wp-json\/wp\/v2\/media\/83105"}],"wp:attachment":[{"href":"https:\/\/www.europesays.com\/lv\/wp-json\/wp\/v2\/media?parent=83104"}],"wp:term":[{"taxonomy":"category","embeddable":true,"href":"https:\/\/www.europesays.com\/lv\/wp-json\/wp\/v2\/categories?post=83104"},{"taxonomy":"post_tag","embeddable":true,"href":"https:\/\/www.europesays.com\/lv\/wp-json\/wp\/v2\/tags?post=83104"}],"curies":[{"name":"wp","href":"https:\/\/api.w.org\/{rel}","templated":true}]}}