{"id":83112,"date":"2025-12-22T14:13:19","date_gmt":"2025-12-22T14:13:19","guid":{"rendered":"https:\/\/www.europesays.com\/lv\/83112\/"},"modified":"2025-12-22T14:13:19","modified_gmt":"2025-12-22T14:13:19","slug":"sieviete-iespejams-nosavusi-divus-bijusos-viena-diena","status":"publish","type":"post","link":"https:\/\/www.europesays.com\/lv\/83112\/","title":{"rendered":"Sieviete, iesp\u0113jams, no\u0161\u0101vusi divus biju\u0161os vien\u0101 dien\u0101"},"content":{"rendered":"<p class=\"descr\">Floridas varas iest\u0101des aps\u016bdz 51 gadu vecu sievieti divu biju\u0161o v\u012bru nogalin\u0101\u0161an\u0101 vien\u0101 un taj\u0101 pa\u0161\u0101 dien\u0101, v\u0113sta \u201cNBC News\u201d.<\/p>\n<p>S\u016bzena Erika Avalona ceturtdien tika arest\u0113ta Manatijas apgabal\u0101, kur dz\u012bvoja vi\u0146as pirmais biju\u0161ais v\u012brs, pazi\u0146oja \u0161erifs Riks Velss.<\/p>\n<p>Viss s\u0101k\u0101s tre\u0161dienas p\u0113cpusdien\u0101, kad apgabala \u0161erifa birojs sa\u0146\u0113ma izsaukumu rea\u0123\u0113t uz <a href=\"https:\/\/nra.lv\/birka\/apsaude\/\" target=\"_blank\" rel=\"noopener nofollow\">ap\u0161audi<\/a> \u201cHeritage Harbor \u201dapkaim\u0113, zi\u0146o Velss. Kad \u0161erifa vietnieki ierad\u0101s notikuma viet\u0101, vi\u0146i ieraudz\u012bja 54 gadus vecu v\u012brieti ar div\u0101m \u0161aut\u0101m br\u016bc\u0113m.<\/p>\n<p>Vi\u0146am ie\u0161auts v\u0113der\u0101. &#8220;Cietu\u0161ais taj\u0101 br\u012bd\u012b joproj\u0101m bija modrs un run\u0101ja ar mums.&#8221; Kad likumsargi vi\u0146am jaut\u0101ja, kas to var\u0113ja b\u016bt izdar\u012bjis, v\u012brietis atbild\u0113ja: &#8220;Iesp\u0113jams, mana <a href=\"https:\/\/nra.lv\/tautaruna\/kriminali\/496969-bijusi-sieva-iespejams-nogalinajusi-koledzas-profesoru.htm\" data-item-link=\"true\" data-item-id=\"496969\" rel=\"nofollow noopener\" target=\"_blank\">bijus\u012b sieva<\/a>,&#8221; sac\u012bja Velss.<\/p>\n<p>V\u012brie\u0161a 15 gadus vec\u0101 meita atrad\u0101s m\u0101j\u0101s un dzird\u0113ja \u0161\u0101vienus, st\u0101st\u012bja Velss. Paskatoties pa logu, pusaudze paman\u012bja k\u0101du pel\u0113k\u0101 sporta krekl\u0101 un mask\u0101 iek\u0101pjam sudrabkr\u0101sas \u201c<a href=\"https:\/\/nra.lv\/birka\/honda\/\" target=\"_blank\" rel=\"noopener nofollow\">Honda<\/a>\u201d automa\u0161\u012bn\u0101 un aizbraucam.<\/p>\n<p>&#8220;Es v\u0113los, lai j\u016bs saprastu, cik \u013coti vi\u0146a ir <a href=\"https:\/\/nra.lv\/latvija\/riga\/504249-virietis-kengaraga-izseko-un-uzmacas-devingadigai-meitenei.htm\" data-item-link=\"true\" data-item-id=\"504249\" rel=\"nofollow noopener\" target=\"_blank\">traum\u0113ta<\/a>,&#8221; Velss teica par 15 gadus veco meiteni, kura ir ar\u012b Avalonas meita.<\/p>\n<p>54 gadus vecais v\u012brietis tika nog\u0101d\u0101ts viet\u0113j\u0101 slimn\u012bc\u0101, kur tre\u0161dienas vakar\u0101 nomira no g\u016btaj\u0101m traum\u0101m, zi\u0146o \u0161erifa birojs. Pirms n\u0101ves v\u012brietis ast\u0101st\u012bja, ka ticis sa\u0161auts, atverot m\u0101jas durvis.<\/p>\n<p>Varas iest\u0101des uzskata, ka Avalona ierad\u0101s upura m\u0101j\u0101s, izliekoties par \u0113dienu pieg\u0101des \u0161oferi, sac\u012bja Velss.<\/p>\n<p>Apgabala sekret\u0101ra biroja tiesas dokumenti liecina, ka Avalona un 54 gadus vecais v\u012brietis bija <a href=\"https:\/\/nra.lv\/birka\/skirsanas\/\" target=\"_blank\" rel=\"noopener nofollow\">\u0161\u0137\u012bru\u0161ies<\/a> gandr\u012bz desmit gadus un jau sen bija atrisin\u0101ju\u0161i b\u0113rnu aizg\u0101d\u012bbas, k\u0101 ar\u012b uzturl\u012bdzek\u013cu str\u012bdus.<\/p>\n<p>Tre\u0161dien izmekl\u0113t\u0101ji v\u0113l\u0101k atrada Avalonu vi\u0146as m\u0101j\u0101s, kur redz\u0113ja vi\u0146u t\u012br\u0101m sudrabaino \u201cHonda\u201d automa\u0161\u012bnu ar lupat\u0101m un <a href=\"https:\/\/nra.lv\/birka\/balinatajs\/\" target=\"_blank\" rel=\"noopener nofollow\">balin\u0101t\u0101ju<\/a>, sac\u012bja Velss. Kad izmekl\u0113t\u0101ji vi\u0146ai pateica, ka ir ieradu\u0161ies, lai run\u0101tu ar vi\u0146u par vi\u0146as biju\u0161o v\u012bru, vi\u0146a atbild\u0113ja: &#8220;Kuru?&#8221; jaut\u0101ja Velss.<\/p>\n<p>P\u0113c tam izmekl\u0113t\u0101ji s\u0101ka iedzi\u013cin\u0101ties Avalonas otr\u0101 biju\u0161\u0101 v\u012bra liet\u0101s, kur\u0161 dz\u012bvoja Tamp\u0101. Manatijas apgabala \u0161erifa birojs l\u016bdza Tampas policijas departamenta pal\u012bdz\u012bbu v\u012brie\u0161a nopratin\u0101\u0161an\u0101 un konstat\u0113ja, ka vi\u0146\u0161 ir no\u0161auts sav\u0101s m\u0101j\u0101s.<\/p>\n<p>Ceturtdien izplat\u012btaj\u0101 pazi\u0146ojum\u0101 presei Tampas policija pazi\u0146oja, ka, vi\u0146upr\u0101t, incidents ir saist\u012bts ar &#8220;Manatijas apgabala \u0161erifa biroja veiktu slepkav\u012bbas izmekl\u0113\u0161anu. Izmekl\u0113t\u0101ji str\u0101d\u0101, lai noskaidrotu mot\u012bvu, ta\u010du tiek uzskat\u012bts, ka \u0161\u0101v\u0113js un upuris viens otru paz\u012bst,&#8221; teikts pazi\u0146ojum\u0101 presei.<\/p>\n<p>Varas iest\u0101des uzskata, ka Avalona vispirms dev\u0101s uz Tampu, lai nogalin\u0101tu savu otro biju\u0161o v\u012bru, pirms dev\u0101s uz Manatijas apgabalu un no\u0161\u0101va savu pirmo biju\u0161o v\u012bru, sac\u012bja Velss.<\/p>\n<p>\t\t\t\t\t\tinfo<\/p>\n<p>Uzzini pirmais<br \/>kas interesants noticis Latvij\u0101 un pasaul\u0113,<br \/>pievienojoties mums <a href=\"https:\/\/t.me\/neatkariga\" rel=\"nofollow\">Telegram<\/a> vai <a href=\"https:\/\/whatsapp.com\/channel\/0029VaMLFUH5K3zLU5s4wm3y\" rel=\"nofollow noopener\" target=\"_blank\">Whatsapp<\/a> kan\u0101l\u0101<\/p>\n","protected":false},"excerpt":{"rendered":"Floridas varas iest\u0101des aps\u016bdz 51 gadu vecu sievieti divu biju\u0161o v\u012bru nogalin\u0101\u0161an\u0101 vien\u0101 un taj\u0101 pa\u0161\u0101 dien\u0101, v\u0113sta&hellip;\n","protected":false},"author":2,"featured_media":83113,"comment_status":"","ping_status":"","sticky":false,"template":"","format":"standard","meta":{"footnotes":""},"categories":[14],"tags":[23,57,28,29,32,33,22,30,31,35,39,38,36,37,34,40,20,26,27,24,25,54,55,56,21,58],"class_list":{"0":"post-83112","1":"post","2":"type-post","3":"status-publish","4":"format-standard","5":"has-post-thumbnail","7":"category-zinas-no-arvalstim","8":"tag-aktualitates","9":"tag-arvalstim","10":"tag-breaking-news","11":"tag-breakingnews","12":"tag-featured-news","13":"tag-featurednews","14":"tag-headlines","15":"tag-latest-news","16":"tag-latestnews","17":"tag-latvia","18":"tag-latvian","19":"tag-latviesu","20":"tag-latviesu-valoda","21":"tag-latviesuvaloda","22":"tag-latvija","23":"tag-lv","24":"tag-news","25":"tag-popularakas-zinas","26":"tag-popularakaszinas","27":"tag-top-stories","28":"tag-topstories","29":"tag-world","30":"tag-world-news","31":"tag-worldnews","32":"tag-zinas","33":"tag-zinas-no-arvalstim"},"share_on_mastodon":{"url":"https:\/\/pubeurope.com\/@lv\/115763636166870126","error":""},"_links":{"self":[{"href":"https:\/\/www.europesays.com\/lv\/wp-json\/wp\/v2\/posts\/83112","targetHints":{"allow":["GET"]}}],"collection":[{"href":"https:\/\/www.europesays.com\/lv\/wp-json\/wp\/v2\/posts"}],"about":[{"href":"https:\/\/www.europesays.com\/lv\/wp-json\/wp\/v2\/types\/post"}],"author":[{"embeddable":true,"href":"https:\/\/www.europesays.com\/lv\/wp-json\/wp\/v2\/users\/2"}],"replies":[{"embeddable":true,"href":"https:\/\/www.europesays.com\/lv\/wp-json\/wp\/v2\/comments?post=83112"}],"version-history":[{"count":0,"href":"https:\/\/www.europesays.com\/lv\/wp-json\/wp\/v2\/posts\/83112\/revisions"}],"wp:featuredmedia":[{"embeddable":true,"href":"https:\/\/www.europesays.com\/lv\/wp-json\/wp\/v2\/media\/83113"}],"wp:attachment":[{"href":"https:\/\/www.europesays.com\/lv\/wp-json\/wp\/v2\/media?parent=83112"}],"wp:term":[{"taxonomy":"category","embeddable":true,"href":"https:\/\/www.europesays.com\/lv\/wp-json\/wp\/v2\/categories?post=83112"},{"taxonomy":"post_tag","embeddable":true,"href":"https:\/\/www.europesays.com\/lv\/wp-json\/wp\/v2\/tags?post=83112"}],"curies":[{"name":"wp","href":"https:\/\/api.w.org\/{rel}","templated":true}]}}