{"id":83116,"date":"2025-12-22T14:15:08","date_gmt":"2025-12-22T14:15:08","guid":{"rendered":"https:\/\/www.europesays.com\/lv\/83116\/"},"modified":"2025-12-22T14:15:08","modified_gmt":"2025-12-22T14:15:08","slug":"kultura-un-politika-skiramas-vai-neskiramas-diskusija-par-makslas-un-varas-attiecibam-raksts","status":"publish","type":"post","link":"https:\/\/www.europesays.com\/lv\/83116\/","title":{"rendered":"Kult\u016bra un politika \u2013 \u0161\u0137iramas vai ne\u0161\u0137iramas? Diskusija par m\u0101kslas un varas attiec\u012bb\u0101m \/ Raksts"},"content":{"rendered":"<p>Itin bie\u017ei\u00a0n\u0101kas dzird\u0113t\u00a0fr\u0101zi\u00a0&#8220;nejauksim kult\u016bru ar politiku&#8221;. Un arvien bie\u017e\u0101k n\u0101kas dom\u0101t \u2013 vai tas maz ir iesp\u0113jams? Latvijas Sabiedrisk\u0101 medija organiz\u0113taj\u0101 &#8220;100 g kult\u016bras&#8221; diskusij\u0101 &#8220;Kult\u016bra un politika. Kop\u0101 vai atsevi\u0161\u0137i?&#8221; tiekas da\u017e\u0101du nozaru p\u0101rst\u0101vji, lai p\u0101rspriestu, kur rodas probl\u0113mas, uzskatot, ka kult\u016bra un politika ir savstarp\u0113ji nesaist\u012btas pasaules un kop\u012bgi\u00a0cen\u0161as konstru\u0113t\u00a0situ\u0101cijas, kur\u0101s tas patie\u0161\u0101m t\u0101 ar\u012b var\u0113tu b\u016bt.<\/p>\n<p>Eirov\u012bzijas 2024. gada uzvar\u0113t\u0101js<a href=\"https:\/\/www.lsm.lv\/raksts\/kultura\/muzika\/12.12.2025-eirovizijas-laureats-nemo-atsakas-no-savas-balvas-protesta-pret-izraelas-dalibu-konkursa.a626135\/\" target=\"_blank\" class=\"lsm-link\" data-type=\"article\" data-id=\"626135\" rel=\"nofollow noopener\">\u00a0Nemo pazi\u0146ojis<\/a> par\u00a0savas uzvaras balvas nos\u016bt\u012b\u0161anu atpaka\u013c organizatoriem, protest\u0113jot pret Izra\u0113las pl\u0101noto dal\u012bbu n\u0101kamaj\u0101 dziesmu konkurs\u0101. <a href=\"https:\/\/www.lsm.lv\/raksts\/zinas\/arzemes\/04.12.2025-eiropas-raidorganizaciju-apvieniba-atlauj-izraelai-piedalities-eirovizija-vairakas-valstis-pazino-par-boikotu.a625136\/\" target=\"_blank\" class=\"lsm-link\" data-type=\"article\" data-id=\"625136\" rel=\"nofollow noopener\">Sp\u0101nijas, N\u012bderlandes, \u012arijas, Slov\u0113nijas<\/a> un <a href=\"https:\/\/www.lsm.lv\/raksts\/zinas\/arzemes\/10.12.2025-islande-klust-par-piekto-valsti-kas-nakamgad-boikotes-eiroviziju-izraelas-dalibas-del.a625896\/\" target=\"_blank\" class=\"lsm-link\" data-type=\"article\" data-id=\"625896\" rel=\"nofollow noopener\">Islandes <\/a>telekan\u0101li \u0161\u012b\u00a0pa\u0161a iemesla d\u0113\u013c pav\u0113st\u012bju\u0161i, ka boikot\u0113s 2026.\u00a0gada\u00a0Eirov\u012bziju, kura notiks V\u012bn\u0113.<\/p>\n<p>Tikm\u0113r Liep\u0101jas pa\u0161vald\u012bb\u0101 norit karstas diskusijas <a href=\"https:\/\/www.lsm.lv\/raksts\/kultura\/maksla\/18.12.2025-liepajas-dome-atbalsta-makslinieka-salmana-darba-putiens-izveidi-bet-2028-gada-to-parcels-citviet.a627032\/\" target=\"_blank\" class=\"lsm-link\" data-type=\"article\" data-id=\"627032\" rel=\"nofollow noopener\">par nodibin\u0101juma &#8220;Liep\u0101ja 2027&#8221; r\u012bkot\u0101 starptautisk\u0101 konkursa rezult\u0101tu<\/a> un m\u0101kslinieka Kri\u0161a Salma\u0146a objekta &#8220;P\u016btiens&#8221; vietu Liep\u0101jas pils\u0113tvid\u0113. Savuk\u0101rt R\u0113zeknes pa\u0161vald\u012bba \u0161obr\u012bd izv\u0113rt\u0113 iesp\u0113ju <a href=\"https:\/\/www.lsm.lv\/raksts\/zinas\/latvija\/16.12.2025-neskaidra-rezeknes-koncertzales-gors-nakotne.a626691\" target=\"_blank\" class=\"lsm-link\" data-type=\"article\" data-id=\"626691\" rel=\"nofollow noopener\">Latgales v\u0113stniec\u012bbu &#8220;Gors&#8221; p\u0101rveidot par iest\u0101di vai izv\u0113l\u0113ties citu p\u0101rvald\u012bbas formu<\/a>, nek\u0101 l\u012bdz \u0161im, t\u0101d\u0113j\u0101di liekot uzdot jaut\u0101jumu, vai &#8220;Gors&#8221; sekos Ventspils koncertz\u0101les &#8220;Latvija&#8221; un Ogres muzeja piem\u0113ram. \u0160ie un citi gad\u012bjumi r\u0101da, ka gan politi\u0137i v\u0113las iesaist\u012bties un ietekm\u0113t kult\u016bras norises, gan m\u0101kslinieki piedal\u0101s politiskos procesos, izmantojot m\u0101kslu k\u0101 platformu. Tom\u0113r ir ar\u012b m\u0101kslinieki, kas uzskata, ka m\u0101kslas past\u0101v\u0113\u0161anas vien\u012bgais iemesls ir m\u0101ksla, ka vi\u0146iem neb\u016btu j\u0101jaucas politik\u0101 un otr\u0101di.<\/p>\n<blockquote>\n<p>Vai ir iesp\u0113jams nejaukt m\u0101kslu un politiku? Vai var past\u0101v\u0113t m\u0101ksla m\u0101kslas d\u0113\u013c, neiedzi\u013cinoties m\u0101kslinieka politiskajos uzskatos, izcelsm\u0113 vai r\u012bc\u012bb\u0101 cit\u0101, ne m\u0101kslas lauk\u0101? Un k\u0101ds ce\u013c\u0161 b\u016btu ejams \u0161odienas Latvij\u0101,<\/p>\n<\/blockquote>\n<p>&#8220;100 g kult\u016bras&#8221; diskusij\u0101 &#8220;Kult\u016bra un politika. Kop\u0101 vai atsevi\u0161\u0137i?&#8221; diskut\u0113 m\u0101kslas zin\u0101tniece Jana Kukaine, dramaturgs J\u0101nis Balodis, filozofs Artis Svece un pianists Daumants Liepi\u0146\u0161.<\/p>\n<p><a id=\"Pat \" kontekst=\"\" m=\"\" name=\"Pat%20\" rodas=\"\" vist=\"\">Pat &#8220;vist\u012br\u0101k\u0101 m\u0101ksla&#8221; rodas kontekst\u0101<\/a><\/p>\n<p>Da\u017ereiz, run\u0101jot par m\u0101kslu, m\u0113dz lietot j\u0113dzienu &#8220;t\u012br\u0101 m\u0101ksla&#8221;, kas nor\u0101da uz t\u0101du m\u0101kslas darbu, kas nav saist\u012bts ar apk\u0101rt\u0113jo kontekstu, taj\u0101 skait\u0101 \u2013 politiku. Vai m\u0101kslas uzdevums tie\u0161\u0101m ir pati m\u0101ksla, vai tom\u0113r tai ir j\u0101izriet no sabiedriskiem un politiskiem procesiem un p\u0101rdom\u0101m, kas radu\u0161\u0101s pasaules notikumu rezult\u0101t\u0101?<\/p>\n<p>Pianists Daumants Kalni\u0146\u0161 uzskata \u2013 viss ir atkar\u012bgs no m\u0101kslinieka person\u012bbas, tom\u0113r politiku no p\u0101r\u0113j\u0101s pasaules ir teju neiesp\u0113jami no\u0161\u0137irt: &#8220;Ir \u013coti daudzi ce\u013ci ejami. Un ir \u013coti gr\u016bti pateikt, kur s\u0101kas politika un kur t\u0101 beidzas, jo politi\u0137i ir visur, kur m\u0113s sastopamies ar ikdienas izv\u0113l\u0113m.<\/p>\n<blockquote>\n<p>Un bie\u017ei vien politiku no visa p\u0101r\u0113j\u0101 nemaz nav iesp\u0113jams nodal\u012bt.&#8221;<\/p>\n<\/blockquote>\n<p>Vi\u0146\u0161 uzskata, ka instrument\u0101l\u0101 m\u016bzika, ko p\u0101rst\u0101v ar\u012b vi\u0146\u0161, p\u0113c savas b\u016bt\u012bbas ir abstrakta, l\u012bdz ar to nevar tie\u0161i un nep\u0101rprotami paust konkr\u0113tus uzskatus. &#8220;Protams, visam ir iesp\u0113jams pievienot domu kl\u0101t, bet m\u0113s jau, dro\u0161i vien, non\u0101ksim pie secin\u0101juma ar\u012b \u0161\u012bs diskusijas gait\u0101, ka nekas nav viennoz\u012bm\u012bgs un vienpus\u0113js,&#8221; pianists saka.<\/p>\n<p>Dramaturgs J\u0101nis Balodis sav\u0101 un ar\u012b citus rado\u0161os darbus redz da\u017e\u0101dos sl\u0101\u0146os. &#8220;Ir darba est\u0113tisk\u0101 iedarb\u012bba, par kuru varb\u016bt var\u0113tu teikt, ka tur nevar saskat\u012bt k\u0101du politisku s\u016bt\u012bjumu. Lai gan man \u0161\u0137iet, ka to ir diezgan gr\u016bti uztais\u012bt apolitisku.<\/p>\n<blockquote>\n<p>Manupr\u0101t, darbs ir politisks jebkur\u0101 gad\u012bjum\u0101, jo j\u0101\u0146em v\u0113r\u0101, k\u0101 darbs ir tapis, kas to finans\u0113, kur\u0101 viet\u0101 tas atrodas, k\u0101du skat\u012bt\u0101ju tas m\u0113\u0123ina uzrun\u0101t un sasniegt, k\u0101das strat\u0113\u0123ijas tiek izmantotas\u2026 It \u012bpa\u0161i m\u016bsdienu m\u0101kslas teritorij\u0101 tas viss ar\u012b ir da\u013ca no darba, un t\u0101 ir politiska teritorija,&#8221; J\u0101nis Balodis saka.<\/p>\n<\/blockquote>\n<p>M\u0101kslas zin\u0101tniece Jana Kukaine piekr\u012bt gan Daumanta Kalni\u0146a, gan J\u0101\u0146a Balo\u017ea teiktajam. &#8220;Paties\u012bb\u0101 jau viss ir atkar\u012bgs ne tikai no pa\u0161a m\u0101kslinieka izv\u0113l\u0113m, gan \u0161\u012b br\u012b\u017ea situ\u0101cijas, kad darbs tiek rad\u012bts, bet ar\u012b no konteksta, ko bie\u017ei vien m\u0113s nekontrol\u0113jam.<\/p>\n<blockquote>\n<p>&#8220;M\u0113s tikai ar laika distanci varam paman\u012bt, kas bija politisks kult\u016bras form\u0101, ko varb\u016bt tobr\u012bd v\u0113l tik \u013coti nevar\u0113ja apjaust.<\/p>\n<\/blockquote>\n<p>Politikas un m\u0101kslas diskusij\u0101 ir iesaist\u012bti v\u0113l citi sp\u0113l\u0113t\u0101ji, kas ir diezgan main\u012bgi un pla\u0161i. T\u0101p\u0113c ar\u012b \u0161\u012b diskusija ir sare\u017e\u0123\u012bta. Un viens no iesp\u0113jamajiem klup\u0161anas akme\u0146iem ir tas, ka mums nav skaidrs, kas ir politikas j\u0113dziens. Ar to jau var saprast da\u017e\u0101das lietas, un tam kaut k\u0101d\u0101 br\u012bd\u012b ar\u012b b\u016btu j\u0101pieskaras,&#8221; Jana Kukaine saka.<\/p>\n<p>Filozofs Artis Svece uzskata, ka jaut\u0101jums ir komplekss, turkl\u0101t vi\u0146\u0161 atg\u0101dina, ka ideja par &#8220;t\u012bro m\u0101kslu&#8221; ir radusies konkr\u0113t\u0101 v\u0113sturisk\u0101 situ\u0101cij\u0101, kuras konteksts nav bijis tik daudz politisks, k\u0101 vienk\u0101r\u0161i k\u0101 pretreakcija pret moraliz\u0113jo\u0161u m\u0101kslu. &#8220;Ir t\u0101da pam\u0101co\u0161a un moraliz\u0113jo\u0161a m\u0101ksla\u00a0un tad ir t\u0101 m\u0101ksla m\u0101kslai. Bet, protams, m\u0101ksla m\u0101kslai nenoz\u012bm\u0113, ka m\u0101kslinieks vai m\u0101kslas darbs ir \u0101rpus sabiedr\u012bbas.<\/p>\n<blockquote>\n<p>Ja m\u0113s esam iesaist\u012bti sabiedr\u012bb\u0101, tad m\u0113s esam iesaist\u012bti politiskaj\u0101s attiec\u012bb\u0101s. T\u0101p\u0113c ar\u012b, lai gan m\u016bzika ir abstrakta, izv\u0113le sp\u0113l\u0113t klasisko vai popm\u016bziku jau ar\u012b ir politiska izv\u0113le. Tam visam ir noteikts politisks, soci\u0101ls konteksts un v\u0113st\u012bjums,&#8221; uzskata Artis Svece.<\/p>\n<\/blockquote>\n<p><a id=\"Nevaram vienlaikus dz\u012bvot provinci\u0101l\u0101 idill\u0113 un Eiropas centr\u0101. Liep\u0101jas piem\u0113rs\" name=\"Nevaram%20vienlaikus%20dz%C4%ABvot%20provinci%C4%81l%C4%81%20idill%C4%93%20un%20Eiropas%20centr%C4%81.%20Liep%C4%81jas%20piem%C4%93rs\"\/>Nevaram vienlaikus dz\u012bvot provinci\u0101l\u0101 idill\u0113 un Eiropas centr\u0101. Liep\u0101jas piem\u0113rs<\/p>\n<p>Decembra s\u0101kum\u0101 Liep\u0101jas domes deput\u0101tu vair\u0101kums<a href=\"https:\/\/www.lsm.lv\/raksts\/kultura\/maksla\/16.12.2025-liepajas-domes-komitejas-nobalso-pret-konkursa-izraudzita-rotaliga-vides-objekta-izvietosanu-pilseta.a626697\/\" target=\"_blank\" class=\"lsm-link\" data-type=\"article\" data-id=\"626697\" rel=\"nofollow noopener\"> div\u0101s komitej\u0101s noraid\u012bja<\/a> dar\u012bjuma saska\u0146o\u0161anu ar nodibin\u0101jumu &#8220;Liep\u0101ja 2027&#8221; par vides objekta izveidi. Iebildumus par m\u0101kslinieka Kri\u0161a Salma\u0146a darbu &#8220;P\u016btiens&#8221;, kas atz\u012bts par p\u0113rn notiku\u0161\u0101 metu konkursa &#8220;Pav\u0113j\u0101, pretv\u0113j\u0101&#8221; uzvar\u0113t\u0101ju, da\u013ca domes deput\u0101tu pamato ar nepiem\u0113rotu vietu un t\u0113mas nesaist\u012bbu ar Liep\u0101jas v\u0113sturi un apk\u0101rt eso\u0161o j\u016bgendstila apb\u016bvi.<\/p>\n<blockquote>\n<p>Respekt\u012bvi, k\u0101 arguments pret \u0161o skulpt\u016bru ir pa\u0161u domes deput\u0101tu gaume.<\/p>\n<\/blockquote>\n<p>Pl\u0101not\u0101s izmaksas \u2013 60 t\u016bksto\u0161us eiro \u2013 gatavojas segt valsts Kult\u016bras ministrijas person\u0101, bet 18. decembra Liep\u0101jas domes s\u0113d\u0113, iesp\u0113jams, citu instit\u016bciju un sabiedr\u012bbas spiediena ietekm\u0113 <a href=\"https:\/\/www.lsm.lv\/article-preview\/kultura\/maksla\/18.12.2025-liepajas-dome-atbalsta-makslinieka-salmana-darba-putiens-izvedi-bet-2028-gada-to-parcels-citviet.a627032\/\" target=\"_blank\" class=\"lsm-link\" data-type=\"article\" data-id=\"627032\" rel=\"nofollow noopener\">tom\u0113r Kri\u0161a Salma\u0146a &#8220;P\u016btiens&#8221; tika akcept\u0113ts <\/a>ar nosac\u012bjumu, ka to p\u0113c 2028. gada p\u0101rcels uz citu vietu. M\u0101ksliniekam pret \u0161o citu vietu iebildumu nav, ta\u010du t\u0101 tom\u0113r nav pirm\u0101 reize, kad m\u0113s saskaramies ar situ\u0101ciju, kad pa\u0161vald\u012bbas iejaucas kult\u016bras instit\u016bciju veidot\u0101 satur\u0101. Spilgts piem\u0113rs ir Ogres m\u0113rs Egils Helmanis, kur\u0161 akt\u012bvi iesaist\u0101s Ogres muzeja izst\u0101\u017eu veido\u0161an\u0101. Un, ja, piem\u0113ram, muzeja vad\u012bba nev\u0113las, lai tur tiktu<a href=\"https:\/\/www.lsm.lv\/raksts\/kultura\/kulturtelpa\/akcija-sankcijam-paklauta-avena-reputacijas-atgusanai-kultursoks-veti-ogre-ieceretas-izstades-aizkulises.a495045\/\" target=\"_blank\" class=\"lsm-link\" data-type=\"article\" data-id=\"495045\" rel=\"nofollow noopener\"> izst\u0101d\u012bts Pjotra Avena porcel\u0101ns<\/a>, t\u0101 glu\u017ei vienk\u0101r\u0161i <a href=\"https:\/\/www.lsm.lv\/raksts\/kultura\/kulturtelpa\/17.04.2023-ogres-dome-lemj-uz-3-menesiem-atstadinat-muzeja-direktori-vel-pirms-sedes-vina-pati-uzteikusi-darbu.a505124\/?utm_source=lsm&amp;utm_medium=theme&amp;utm_campaign=theme\" target=\"_blank\" class=\"lsm-link\" data-type=\"article\" data-id=\"505124\" rel=\"nofollow noopener\">tiek atlaista<\/a>.<\/p>\n<blockquote>\n<p>Vai pa\u0161vald\u012bba ir atbild\u012bga par taj\u0101 notieko\u0161\u0101s kult\u016bras saturu? Vai deput\u0101ti maz ir gana kompetenti, lai \u0161\u0101du atbild\u012bbu uz\u0146emtos?<\/p>\n<\/blockquote>\n<p><p>Liep\u0101ja \u2013 Eiropas kult\u016bras galvaspils\u0113ta vai viet\u0113j\u0101s gaumes pils\u0113ta?2min<\/p>\n<\/p>\n<p>Artis Svece uzskata, ka domes deput\u0101ti ir atbild\u012bgi par savu pils\u0113tu, l\u012bdz ar to ar\u012b par kult\u016bras noris\u0113m. &#8220;Vi\u0146i var izlemt visu, kas vi\u0146iem ien\u0101k pr\u0101t\u0101 par savu pils\u0113tu, atbilsto\u0161i v\u0113l\u0113t\u0101ju interes\u0113m. Es dom\u0101ju, ka Liep\u0101jas gad\u012bjum\u0101 t\u0101 probl\u0113ma ir cita \u2013 jaut\u0101jums ir dr\u012bz\u0101k par to, ko Liep\u0101jas domes deput\u0101ti un iedz\u012bvot\u0101ji grib izdar\u012bt ar savu pils\u0113tu. Vai vi\u0146i grib pils\u0113tu, kas ir Eiropas galvaspils\u0113ta un kaut kas t\u0101ds, kas interes\u0113 ar\u012b k\u0101du citu bez pa\u0161as Liep\u0101jas, vai varb\u016bt vi\u0146i grib provinci? Ja vi\u0146i grib provinci\u0101lu pils\u0113tu, kur\u0101 sav\u0113jie cilv\u0113ki j\u016btas labi, tad tur nevajag neko r\u012bkot, nevajag Eiropas galvaspils\u0113tu un nevajag Kri\u0161a Salma\u0146a m\u0101kslas darbus. Neviens nevar piespiest liep\u0101jniekiem to vai citu m\u0101kslas darbu.<\/p>\n<blockquote>\n<p>Tom\u0113r j\u0101\u0146em v\u0113r\u0101, ka spriest lok\u0101li, p\u0113c savas gaumes un taj\u0101 pa\u0161\u0101 laik\u0101 grib\u0113t b\u016bt Eiropas galvaspils\u0113tai ir pretrun\u012bgi. T\u0101p\u0113c vi\u0146iem ir izv\u0113le,&#8221; filozofs dal\u0101s sav\u0101 viedokl\u012b.<\/p>\n<\/blockquote>\n<p>Ar\u012b Jana Kukaine uzskata, ka laikmet\u012bg\u0101 kult\u016bra paredz diskomfortu un iek\u0161\u0113jo konfliktu. &#8220;Nav teikts, ka tev vienm\u0113r j\u0101b\u016bt saj\u016bsm\u0101 un ka tev vienm\u0113r viss patiks. Tas ir piln\u012bgi norm\u0101li, un man liekas, ka Artis to uzsv\u0113ra \u0161aj\u0101 diskusij\u0101,&#8221; m\u0101kslas zin\u0101tniece saka.<\/p>\n<blockquote>\n<p>\u00a0<\/p>\n<p>Daumants Liepi\u0146\u0161 piekr\u012bt Janas Kukaines un Arta Sveces izteikumiem, sakot: &#8220;Jo vair\u0101k diskusiju par kult\u016bru, jo lab\u0101k. Jo caur to m\u0113s ar\u012b augam un att\u012bst\u0101mies.&#8221;<\/p>\n<\/blockquote>\n<p>Savuk\u0101rt J\u0101nis Balodis nov\u0113rojis, ka Liep\u0101jas gad\u012bjums skaidri iez\u012bm\u0113 ar\u012b l\u0113mumu pie\u0146em\u0161anas kult\u016bru un pa\u013cau\u0161anos uz da\u017e\u0101du nozaru profesion\u0101\u013ciem, kas pie\u0146emti darb\u0101, vadoties p\u0113c vi\u0146u zin\u0101\u0161an\u0101m, ieg\u016bt\u0101s izgl\u012bt\u012bbas un sasniegumiem. &#8220;Vai m\u0113s tad ap\u0161aub\u0101m, ka ir bijusi \u0161\u0101da k\u0101rt\u012bba? Vai tas mums vairs nav saisto\u0161i? Un ko tad tas par mums saka? Vai m\u0113s t\u0101 v\u0113l\u0113tos ar\u012b iet uz priek\u0161u? Tie cilv\u0113ki, kas pie\u0146\u0113ma konkursu, zin\u0101ja procesu un ieraudz\u012bja darba pamatojumu. Un tas nebija vi\u0146u subjekt\u012bvais v\u0113rt\u0113jums, bet profesion\u0101lais,&#8221; dramaturgs saka.<\/p>\n<p>&#8220;Tas ir jaut\u0101jums par uztic\u0113\u0161anos. Vai domes deput\u0101ti uzticas m\u0101ksliniekam un m\u0101kslas ekspertiem? Nav jau spiesta lieta \u2013 var ar\u012b neuztic\u0113ties, bet tad es atkal teik\u0161u, ka kaut k\u0101d\u0101 mirkl\u012b tas non\u0101k pretrun\u0101s ar m\u0113r\u0137iem,&#8221; papildina Artis Svece. Vi\u0146apr\u0101t, neuztic\u012bba nozares profesion\u0101\u013ciem kav\u0113 t\u0101s att\u012bst\u012bbu un ierobe\u017eo izcilu darbu ra\u0161anos, kas ne vien celtu viet\u0113jo sabiedr\u012bbas izaugsmi, bet ar\u012b \u0101rvalstu t\u016bristu interesi, kuri augsta l\u012bme\u0146a un drosm\u012bgu m\u0101kslu pieradu\u0161i redz\u0113t Eiropas metropol\u0113s.<\/p>\n<blockquote>\n<p>Tom\u0113r vi\u0146\u0161 ar\u012b uzsver \u2013 idilliska provinces dz\u012bve nav nekas kari\u0137\u0113jams. T\u0101 vienk\u0101r\u0161i ir izv\u0113le ar konkr\u0113t\u0101m sek\u0101m. &#8220;Es varu iedom\u0101ties, ka t\u0101 ir omul\u012bga dz\u012bve \u2013 tevi nekas netrauc\u0113, ir pat\u012bkama liftu m\u016bzika, nevis kaut k\u0101di eksperimenti, kur viena ska\u0146a min\u016bti skan,&#8221; filozofs saka.<\/p>\n<\/blockquote>\n<p><a id=\"V\u0113lme ietekm\u0113t kult\u016bru \u2013 lai tie\u0161\u0101m, lai uzlabotu ekonomiskos r\u0101d\u012bt\u0101jus? R\u0113zeknes piem\u0113rs\" name=\"V%C4%93lme%20ietekm%C4%93t%20kult%C5%ABru%20%E2%80%93%20lai%20tie%C5%A1%C4%81m,%20lai%20uzlabotu%20ekonomiskos%20r%C4%81d%C4%ABt%C4%81jus?%20R%C4%93zeknes%20piem%C4%93rs\"\/>V\u0113lme ietekm\u0113t kult\u016bru \u2013 vai tie\u0161\u0101m, lai uzlabotu ekonomiskos r\u0101d\u012bt\u0101jus? R\u0113zeknes piem\u0113rs<\/p>\n<p>Uztic\u0113ties vai neuztic\u0113ties profesion\u0101\u013ciem \u2013 \u0161\u0101ds jaut\u0101jums ir aktu\u0101ls ne vien Liep\u0101j\u0101, bet ar\u012b otrpus Latvijai, proti, R\u0113zekn\u0113, kur p\u0113c koncertz\u0101l\u0113 veikt\u0101 funkciju audita<a href=\"https:\/\/www.lsm.lv\/raksts\/zinas\/latvija\/16.12.2025-neskaidra-rezeknes-koncertzales-gors-nakotne.a626691\/\" target=\"_blank\" class=\"lsm-link\" data-type=\"article\" data-id=\"626691\" rel=\"nofollow noopener\"> pa\u0161vald\u012bba izv\u0113rt\u0113 iesp\u0113ju Latgales v\u0113stniec\u012bbu &#8220;Gors&#8221; p\u0101rveidot par iest\u0101di<\/a> vai varb\u016bt izv\u0113l\u0113ties v\u0113l k\u0101du citu p\u0101rvald\u012bbas formu. Vietvara uzsver, ka pa\u0161vald\u012bba &#8220;Goram&#8221; katru gadu pie\u0161\u0137ir dot\u0101ciju no sava bud\u017eeta, pretim sagaidot gan kvalit\u0101ti, gan pa\u0161as iest\u0101des darbu, kas v\u0113rsts uz dot\u0101ciju samazin\u0101\u0161anu un ie\u0146\u0113mumu palielin\u0101\u0161anos. Audits esot skaidri iez\u012bm\u0113jis probl\u0113mas iest\u0101des darb\u0101 \u2013 t\u0101 teikusi pa\u0161vald\u012bba. Un domes deput\u0101ti uzskata, ka &#8220;Goram&#8221; j\u0101nodro\u0161ina pe\u013c\u0146u neso\u0161\u0101ks repertu\u0101rs.<\/p>\n<p>Daumants Liepi\u0146\u0161 ne reizi vien ir uzst\u0101jies &#8220;Gor\u0101&#8221;, t\u0101p\u0113c uz pa\u0161vald\u012bbas ieceri p\u0101r\u0146emt vad\u012bbu repertu\u0101ra izv\u0113l\u0113 p\u0113c pa\u0161u gaumes l\u016bko skeptiski. &#8220;T\u0101 ir t\u0101da gaismas sali\u0146a Latgal\u0113 kopum\u0101. Un var redz\u0113t, ka tur str\u0101d\u0101 cilv\u0113ki ar misijas apzi\u0146u. Vi\u0146i to dara, jo vi\u0146i grib nest kult\u016bru R\u0113zekn\u0113 un Latgal\u0113. Un vi\u0146i grib celt kult\u016bras izpratnes l\u012bmeni. Ne vienm\u0113r kult\u016bra var b\u016bt pe\u013c\u0146u neso\u0161a, un ir ar\u012b kaut k\u0101da da\u013ca, kas ir dot\u0113jama. Un \u0161is ir t\u0101ds uzskat\u0101ms gad\u012bjums, \u0146emot v\u0113r\u0101, ka t\u0101 ir Austrumu pierobe\u017ea un k\u0101ds tur ir etniskais sast\u0101vs,<\/p>\n<blockquote>\n<p>es teiktu, ka &#8220;Gors&#8221; ir viens no veiksm\u012bg\u0101kajiem piem\u0113riem, kas tur ir kult\u016bras nozar\u0113. Es ceru, ka sabiedr\u012bba ar savu iesaisti un atbalstu tom\u0113r pan\u0101ks, ka tas viss tur turpin\u0101s,&#8221; pianists saka.<\/p>\n<\/blockquote>\n<p>J\u0101nis Balodis uzskata, ka &#8220;Gors&#8221; ir vieta, kur piedz\u012bvot m\u016bsdien\u012bgu un laikmet\u012bgu m\u0101kslu, kas savuk\u0101rt rosina skat\u012bt\u0101jus dom\u0101t un analiz\u0113t ne tikai konkr\u0113tu kult\u016bras saturu, bet ar\u012b aicina \u0161\u012bs pa\u0161as prasmes p\u0101rnest uz cit\u0101m ikdienas situ\u0101cij\u0101m. &#8220;Un tas var b\u016bt ne\u0113rti, jo varb\u016bt ir izdev\u012bg\u0101ka t\u0101da sabiedr\u012bba, kas neskat\u0101s un neierauga kopsakar\u012bbas vai izdara to maz\u0101k. Un tur ir b\u012bstam\u012bba \u2013 ja &#8220;Gora&#8221; darb\u012bbu izm\u0113ra tikai ar finansi\u0101lo atdevi, tad nekas it k\u0101 netiek ieg\u016bts. Bet uz &#8220;Goru&#8221; dodas cilv\u0113ki ar\u012b no Lub\u0101nas un cit\u0101m viet\u0101m, kas atrodas pat simt kilometru att\u0101lum\u0101. Cilv\u0113kiem t\u0101 ir svar\u012bga vieta, kur b\u016bt. Tur tad j\u0101dom\u0101, k\u0101p\u0113c notiek tas, kas notiek. Es dom\u0101ju, ka tur nav tikai ekonomiska neizdev\u012bba, bet ar\u012b citi iemesli,&#8221; J\u0101nis Balodis saka.<\/p>\n<p><p>Latgalei vajag laikmet\u012bg\u0101s kult\u016bras infrastrukt\u016bru2min<\/p>\n<\/p>\n<blockquote>\n<p>Jana Kukaine n\u0101k no Latgales un v\u0113l joproj\u0101m daudz laika pavada dzimtaj\u0101 novad\u0101. &#8220;Latgalei \u013coti vajag laikmet\u012bgo kult\u016bru, un es pat teiktu, ka ir nepiecie\u0161ams v\u0113l vair\u0101k invest\u0113t kult\u016bras infrastrukt\u016br\u0101.<\/p>\n<\/blockquote>\n<p>Par to ir neskait\u0101mi p\u0113t\u012bjumi, ka kult\u016bra neatmaks\u0101jas k\u0101 apavu fabrika vai kas cits. Proti, t\u0101 nenes pe\u013c\u0146u taj\u0101 pa\u0161\u0101 vai n\u0101kamaj\u0101 dien\u0101 \u2013 tas ir ieguld\u012bjums ilgtermi\u0146\u0101, dom\u0101jot par kopien\u0101m, kas veidojas,&#8221; m\u0101kslas zin\u0101tniece saka. Vi\u0146aspr\u0101t, Latgalei, esot valsts Austrumos, b\u016btu j\u0101aktualiz\u0113 un j\u0101vairo laikmet\u012bg\u0101s kult\u016bras centri, nevis tie j\u0101ierobe\u017eo. &#8220;Diez vai Rotko muzejs un &#8220;Gors&#8221; divat\u0101 var visu \u0161o slogu panest,&#8221; Jana Kukaine saka, par slogu saucot platformu nodro\u0161in\u0101\u0161anu, kas raisa diskusijas, p\u0101rdomas un sabiedr\u012bbas iesaisti, kas tie\u0161\u0101 m\u0113r\u0101 no kult\u016bras p\u0101rce\u013cas ar\u012b uz politiskiem un sabiedriskiem notikumiem.<\/p>\n<p><p>&#8220;Gors&#8221; ir svar\u012bgs, bet nav vien\u012bg\u0101 vieta Latgal\u0113, kur dz\u012bvo kult\u016bra1min<\/p>\n<\/p>\n<p>Artis Svece, klausoties kol\u0113\u0123u paustajos viedok\u013cos, sajutis nelielu koloni\u0101lisma pieska\u0146u, t\u0101p\u0113c uzsver: &#8220;Man liekas, ka t\u0101 ir b\u012bstama lieta \u2013 teikt, ka &#8220;Gors&#8221; ienes gaismu Latgal\u0113. Tas pie\u0146\u0113mums tad ir t\u0101ds, ka t\u0101s gaismas tur nemaz nav un ka kult\u016bras tur nemaz nav, un ka t\u0101 augst\u0101 kult\u016bra un &#8220;Gors&#8221; ir tas apgaismot\u0101js. T\u0101 ir t\u0101da koloni\u0101lisma valoda, ka m\u0113s tagad n\u0101ksim un visus apgaismosim.&#8221;<\/p>\n<blockquote>\n<p>Vi\u0146apr\u0101t, nek\u0101d\u0101 gad\u012bjum\u0101 nevajadz\u0113tu pie\u0146emt, ka kult\u016bra Latgal\u0113 nepast\u0101v un ka t\u0101 ien\u0101k tikai no \u0101rpuses. &#8220;Tur ta\u010du ir tie cilv\u0113ki, kuri grib klaus\u012bties, piem\u0113ram, klasisko m\u016bziku, ko pier\u0101da dati. Bet taj\u0101 mirkl\u012b, kad tu vi\u0146iem pasaki, ka \u0161eit t\u0101das iesp\u0113jas nav un j\u0101brauc uz R\u012bgu, n\u0101kamais solis ir t\u0101ds, ka tas cilv\u0113ks aizbrauc uz R\u012bgu, bet uz palik\u0161anu.<\/p>\n<\/blockquote>\n<p>Jo ko vi\u0146am citu dar\u012bt? T\u0101p\u0113c t\u0101 dr\u012bz\u0101k ir runa par amb\u012bcij\u0101m \u2013 vai es k\u0101 domes deput\u0101ts gribu, lai \u0161ie cilv\u0113ki paliek R\u0113zekn\u0113? Vai es gribu, lai paliek tie, kuri lasa gr\u0101matas un klaus\u0101s klasisko m\u016bziku, vai es gribu tikai tos, kuri skat\u0101s &#8220;Netflix&#8221;? Ja es gribu, lai Latgale b\u016btu nevis m\u016b\u017e\u012bg\u0101 province, bet lai tur ir daudzveid\u012bga dz\u012bve, tad es saku, ka man vajag &#8220;Goru&#8221; un visu, kas taj\u0101 notiek,&#8221; Artis Svece saka.<\/p>\n<p><a eirov=\"\" id=\"Ko dar\u012bt ar ilggad\u0113ju draugu, kur\u0161 nodarbojas ar nepie\u0146emam\u0101m darb\u012bb\u0101m? Latvijas, Izra\u0113las un \" name=\"Ko%20dar%C4%ABt%20ar%20ilggad%C4%93ju%20draugu,%20kur%C5%A1%20nodarbojas%20ar%20nepie%C5%86emam%C4%81m%20darb%C4%ABb%C4%81m?%20Latvijas,%20Izra%C4%93las%20un%20\" piem=\"\"\/>Ko dar\u012bt ar ilggad\u0113ju draugu, kur\u0161 nodarbojas ar nepie\u0146emam\u0101m darb\u012bb\u0101m? Latvijas, Izra\u0113las un &#8220;Eirov\u012bzijas&#8221; piem\u0113rs<\/p>\n<p>To, ka politiku no m\u0101kslas no\u0161\u0137irt ir sare\u017e\u0123\u012bti, liek aizdom\u0101ties ar\u012b p\u0113d\u0113jos m\u0113ne\u0161os aktu\u0101lais st\u0101sts par &#8220;Eirov\u012bziju&#8221; un Izra\u0113las iesp\u0113jamo dal\u012bbu taj\u0101. K\u0101 zin\u0101ms, Eiropas Raidorganiz\u0101ciju apvien\u012bbas jeb &#8220;EBU&#8221; dal\u012bbvalstis <a href=\"https:\/\/www.lsm.lv\/raksts\/zinas\/arzemes\/04.12.2025-eiropas-raidorganizaciju-apvieniba-atlauj-izraelai-piedalities-eirovizija-vairakas-valstis-pazino-par-boikotu.a625136\/\" target=\"_blank\" class=\"lsm-link\" data-type=\"article\" data-id=\"625136\" rel=\"nofollow noopener\">nobalsoja par pas\u0101kuma kopumu<\/a>, lai labotu l\u012bdz\u0161in\u0113j\u0101s nepiln\u012bbas rekl\u0101mas un balso\u0161anas jom\u0101s, un tika nolemts, ka Izra\u0113la turpin\u0101s dal\u012bbu \u0161aj\u0101 konkurs\u0101. &#8220;Eirov\u012bzija&#8221; ir sabiedrisko raidstaciju konkurss, un <a href=\"https:\/\/www.lsm.lv\/raksts\/zinas\/arzemes\/05.12.2025-stridi-par-izraelas-lidzdalibu-izraisijusi-nopietnako-krizi-eirovizijas-dziesmu-konkursa-vesture.a625287\/\" target=\"_blank\" class=\"lsm-link\" data-type=\"article\" data-id=\"625287\" rel=\"nofollow noopener\">Sp\u0101nijas, N\u012bderlandes, \u012arijas, Slov\u0113nijas<\/a> un <a href=\"https:\/\/www.lsm.lv\/raksts\/zinas\/arzemes\/10.12.2025-islande-klust-par-piekto-valsti-kas-nakamgad-boikotes-eiroviziju-izraelas-dalibas-del.a625896\/\" target=\"_blank\" class=\"lsm-link\" data-type=\"article\" data-id=\"625896\" rel=\"nofollow noopener\">Islandes <\/a>telekan\u0101li jau ir teiku\u0161i, ka boikot\u0113s n\u0101kam\u0101 gada &#8220;Eirov\u012bziju&#8221;, bet Latvijas Sabiedriskais medijs ir <a href=\"https:\/\/www.lsm.lv\/raksts\/zinas\/arzemes\/13.12.2025-lsm-skaidro-vai-var-salidzinat-krievijas-izslegsanu-no-eirovizijas-ar-boikotu-izraelas-dalibas-del.a626151\/\" target=\"_blank\" class=\"lsm-link\" data-type=\"article\" data-id=\"626151\" rel=\"nofollow noopener\">izv\u0113l\u0113jies nost\u0101ties nevis vien\u0101 vai otr\u0101 pus\u0113<\/a>, bet nejaukt politiku ar m\u0101kslu.<\/p>\n<p>Pianists Daumants Liepi\u0146\u0161 k\u0101 alternat\u012bvu piem\u0113ru &#8220;Eirov\u012bzijas&#8221; probl\u0113mai nosauc daudzus pianistu konkursus, kuros\u00a0pa\u0161laik ir liegta iesp\u0113ja piedal\u012bties Krievijas p\u0101rst\u0101vjiem. Ir ar\u012b t\u0101di konkursi, kur dal\u012bbniekiem no Krievijas \u013cauj piedal\u012bties k\u0101 neitr\u0101lajiem dal\u012bbniekiem, no vi\u0146iem sagaidot, ka dal\u012bbniekam nav nek\u0101das intereses p\u0101rst\u0101v\u0113t Krievijas valsti.<\/p>\n<blockquote>\n<p>&#8220;Manupr\u0101t, tas ir labs risin\u0101jums, jo tas prasa ar\u012b kaut k\u0101du person\u012bgu l\u0113mumu no m\u016bzi\u0137iem, kas dz\u012bvo vai ir dzimu\u0161i Krievij\u0101 un kuriem ir Krievijas pilson\u012bba. Tas prasa kaut k\u0101du skaidru nost\u0101ju demonstr\u0113t, taj\u0101 pa\u0161\u0101 laik\u0101 neizsl\u0113dzot nevienu,&#8221; pianists saka.<\/p>\n<\/blockquote>\n<p>J\u0101nis Balodis uzskata \u2013 &#8220;Eirov\u012bzija&#8221; pati par sevi nav neitr\u0101la, jo p\u0101rst\u0101v konkr\u0113tas v\u0113rt\u012bbas. &#8220;T\u0101 ir Eiropas v\u012bzija, k\u0101 saka nosaukums. Bet kas t\u0101 ir par v\u012bziju un ko t\u0101 sev\u012b iemieso? Es teiktu, ka &#8220;Eirov\u012bzija&#8221; iemieso konkr\u0113tas v\u0113rt\u012bbas, kas ir konfront\u0113tas ar Palest\u012bnas un Izra\u0113las konfliktu. Man liekas, ka tas ir neizb\u0113gami, ka vi\u0146\u0101m ir kaut k\u0101 j\u0101sastat\u0101s. Cit\u0101di tad san\u0101ktu t\u0101, ka m\u0113s aizveram acis,&#8221; dramaturgs uzskata.<\/p>\n<blockquote>\n<p>Ar\u012b Jana Kukaine dom\u0101, ka &#8220;Eirov\u012bzijas&#8221; apolitiz\u0113\u0161ana dr\u012bz\u0101k l\u012bdzin\u0101s galvas ieb\u0101\u0161anai smilt\u012bs. &#8220;M\u0113s izliekames, ka m\u0113s neredzam probl\u0113mu un m\u0113s ticam, ka vi\u0146a p\u0101rst\u0101v eksist\u0113t \u0161aj\u0101 br\u012bd\u012b.<\/p>\n<\/blockquote>\n<p>Skaidrs, ka \u0161is manevrs \u2013 no\u0161\u0137irt politisko no kult\u016bras un izklaides \u2013 noz\u012bm\u0113, ka m\u0113s negribam pie\u0146emt l\u0113mumu vai uz\u0146emties politisku atbild\u012bbu, pasakot, kur\u0101 pus\u0113 m\u0113s \u012bsti esam. Skaidrs, ka t\u0101 situ\u0101cija ir politiska, un tas, ka daudzas valstis jau ir izst\u0101ju\u0161\u0101s no &#8220;Eirov\u012bzijas&#8221;, par to liecina. To nevar noliegt. Un, ja m\u0113s tagad no\u0161\u0137iram to visu, m\u0113s it k\u0101 sevi pasarg\u0101jam no atbild\u012bbas un esam neitr\u0101li. Bet neitralit\u0101te \u0161eit nav iesp\u0113jama,&#8221; Jana Kukaine saka.<\/p>\n<p>Vi\u0146a gan pie\u0146em Latvijas Sabiedrisk\u0101 medija valdes priek\u0161s\u0113d\u0113t\u0101jas Baibas Z\u016bzenas atkl\u0101ti pausto iemeslu, k\u0101d\u0113\u013c \u0161aj\u0101 jaut\u0101jum\u0101 nav iesp\u0113jams ie\u0146emt konkr\u0113tu poz\u012bciju. Proti, izst\u0101\u0161an\u0101s no &#8220;Eirov\u012bzijas&#8221; liegtu iesp\u0113ju Latvijas m\u016bzi\u0137iem nok\u013c\u016bt starptautiskas auditorijas priek\u0161\u0101. &#8220;Ac\u012bmredzot, tas ieguvums no &#8220;Eirov\u012bzijas&#8221; mazajai Latvijai ir tik liels, ka m\u0113s to nevaram t\u0101 vienk\u0101r\u0161i upur\u0113t politisko ide\u0101lu lab\u0101. Protams, tur ir ar\u012b otrs arguments, kas visiem ir zin\u0101ms \u2013\u00a0Latvijai ir starptautiskie draugi un j\u0101\u0146em v\u0113r\u0101, k\u0101da ir ar\u012b vi\u0146u nost\u0101ja \u0161aj\u0101 jaut\u0101jum\u0101. Visticam\u0101k, Latvija, b\u016bdama maza valsts, pagaid\u012bs, kam\u0113r v\u0113l k\u0101ds izst\u0101sies. Varb\u016bt b\u016bs t\u0101da situ\u0101cija,<\/p>\n<blockquote>\n<p>kad b\u016bs paliku\u0161as piecas valstis, kas v\u0113l nav izst\u0101ju\u0161\u0101s no &#8220;Eirov\u012bzijas&#8221;, un varb\u016bt taj\u0101 br\u012bd\u012b Latvija ar\u012b izlems b\u016bt politiski akt\u012bva. Pagaid\u0101m m\u0113s piekopjam nogaid\u012b\u0161anas strat\u0113\u0123iju, un tas iet kop\u0101 ar Latvijas politisko situ\u0101ciju, sadarb\u012bb\u0101m, alians\u0113m un sabiedrotajiem, no kuriem m\u0113s esam atkar\u012bgi, cik es saprotu,&#8221; Jana Kukaine saka.<\/p>\n<\/blockquote>\n<p><p>Latvijas strat\u0113\u0123ija &#8220;Eirov\u012bzijas&#8221; l\u0113mum\u01012min<\/p>\n<\/p>\n<p>Artis Svece apgalvojumam par Latvijas m\u012bkstin\u0101\u0161anos piekr\u012bt vien da\u013c\u0113ji. &#8220;Protams, tas arguments ir \u0101rk\u0101rt\u012bgi naivs \u2013 k\u0101d\u0101 zi\u0146\u0101 &#8220;Eirov\u012bzija&#8221; ir neatkar\u012bga no politikas? Es saprastu, ja b\u016btu konkurss, kur ir svar\u012bga tehnisk\u0101 var\u0113\u0161ana, bet &#8220;Eirov\u012bzij\u0101&#8221; visu laiku ir st\u0101sts par valstu savstarp\u0113j\u0101m attiec\u012bb\u0101m un apvien\u012bb\u0101m. Es dom\u0101ju, ka Izra\u0113la ir Eiropas draugi un Latvijas draugi, kuri dara lietas, kas nav pie\u0146emamas. Bet t\u0101 nav t\u0101da strausa politika, ka m\u0113s vienk\u0101r\u0161i to ignor\u0113jam. Es dom\u0101ju, ka tas dr\u012bz\u0101k ir t\u0101 \u2013 ja tev \u0123imenes loceklis ir narkom\u0101ns, ko tas noz\u012bm\u0113tu? Neaizv\u0113rt acis? Izmest uz ielas? Atteikties run\u0101t? Es dom\u0101ju, ka t\u0101 ir sare\u017e\u0123\u012bta probl\u0113ma, un tas nav tik vienk\u0101r\u0161i, ka, ja m\u0113s izejam uz kompromisu, tad m\u0113s ignor\u0113jam. Tur sl\u0113pjas milzu dilemma,&#8221; filozofs saka.<\/p>\n<p>Savuk\u0101rt J\u0101nis Balodis uzskata, ka milzu sare\u017e\u0123\u012bjums Izra\u0113las, Latvijas un &#8220;Eirov\u012bzijas&#8221; gad\u012bjum\u0101 rodas br\u012bd\u012b, kad nav skaidrs, ko noz\u012bm\u0113 neitr\u0101la attieksme. Vi\u0146apr\u0101t, ja Latvija pateiktu, ka atbalsta Izra\u0113las dal\u012bbu &#8220;Eirov\u012bzij\u0101&#8221;, tad tas noz\u012bm\u0113tu, ka Latvija ar\u012b atbalsta Izra\u0113las realiz\u0113to \u0101rpolitiku, bet, ja Latvija pateiktu, ka neatbalsta Izra\u0113las dal\u012bbu &#8220;Eirov\u012bzij\u0101&#8221;, tad m\u0113s, Arta Sveces v\u0101rdiem, izmestu savu \u0123imenes locekli uz ielas. &#8220;Ko tad m\u0113s \u012bsti dar\u0101m \u0161aj\u0101 situ\u0101cij\u0101? Tas nav skaidrs,&#8221; dramaturgs saka. &#8220;\u0160is ir \u013coti sare\u017e\u0123\u012bti, es piekr\u012btu. Un t\u0101p\u0113c ir gr\u016bti iz\u0161\u0137irties. Bet izlikties, ka tas ir atrisin\u0101ts t\u0101p\u0113c, ka m\u0101kslai nav nek\u0101da sakara ar politiku, ar\u012b nav labi,&#8221; atbild Artis Svece.<\/p>\n<blockquote>\n<p>&#8220;M\u0113s jau negrib\u0113tu, lai, ja Latvijai kaut kas notiktu, &#8220;Eirov\u012bzij\u0101&#8221; teiktu \u2013 j\u0101, Latvijai iet gr\u016bti, bet tom\u0113r m\u016bzika ir augst\u0101ka par visu,&#8221; Artis Svece turpina.<\/p>\n<\/blockquote>\n<p><a id=\"Vai cilv\u0113ki, kas uzskata, ka nav saist\u012bti ar politiku, ir mu\u013c\u0137i?\" name=\"Vai%20cilv%C4%93ki,%20kas%20uzskata,%20ka%20nav%20saist%C4%ABti%20ar%20politiku,%20ir%20mu%C4%BC%C4%B7i?\"\/>Vai cilv\u0113ki, kas uzskata, ka nav saist\u012bti ar politiku, ir mu\u013c\u0137i?<\/p>\n<p><a href=\"https:\/\/www.lsm.lv\/raksts\/kultura\/muzika\/31.03.2023-sinfonietta-riga-koncertmeistare-uzraksta-atlugumu-jo-nevelas-kara-laika-izpildit-krievu-autoru-muziku.a503247\/\" class=\"lsm-link\" data-type=\"article\" data-id=\"503247\" rel=\"nofollow noopener\" target=\"_blank\">2023. gada\u00a0mart\u0101 raid\u012bjums &#8220;Kult\u016br\u0161oks&#8221;<\/a> \u0161\u0137etin\u0101ja situ\u0101ciju, kur\u0101 valsts dot\u0113t\u0101 kameror\u0137estra &#8220;Sinfonietta R\u012bga&#8221; koncertmeistare Marta Sp\u0101rni\u0146a uzrakst\u012bja atl\u016bgumu, jo nev\u0113l\u0113j\u0101s izpild\u012bt krievu autoru m\u016bziku. Or\u0137estra m\u0101kslinieciskais vad\u012bt\u0101js un diri\u0123ents Normunds \u0160n\u0113 kolekt\u012bva kopsapulc\u0113 pazi\u0146oja, ka nek\u0101das izmai\u0146as pl\u0101notaj\u0101s programm\u0101s neievies\u012bs, un ka &#8220;krievu m\u016bzika nav t\u0101da kop\u0113ja krievu m\u016bzika, ir katrs komponists atsevi\u0161\u0137i ar savu attieksmi, ar savu v\u0113st\u012bjumu vai tie\u0161i otr\u0101di \u2013 m\u016bzika vienk\u0101r\u0161i k\u0101 m\u0101ksla, kurai nav nek\u0101ds \u012bpa\u0161s v\u0113st\u012bjums.&#8221;<\/p>\n<p><p>Alvis Hermanis \u2013 re\u017eisors vai politi\u0137is?1min<\/p>\n<\/p>\n<p>Un nu jau ir gr\u016bti nodal\u012bt Alvi Hermani k\u0101 te\u0101tra re\u017eisoru un Alvi Hermani k\u0101 politi\u0137i, lai k\u0101 m\u0101kslinieks censtos \u0161\u012bs jomas nejaukt. Jaun\u0101kaj\u0101 vi\u0146a <a href=\"https:\/\/www.lsm.lv\/raksts\/kultura\/teatris-un-deja\/24.11.2025-zakusalas-vesture-un-cilveki-sonedel-jaunaja-rigas-teatri-sak-izradit-iestudejumu-abelziedi-upe.a623557\" class=\"lsm-link\" data-type=\"article\" data-id=\"623557\" rel=\"nofollow noopener\" target=\"_blank\">izr\u0101d\u0113 &#8220;\u0100be\u013cziedi up\u0113&#8221;<\/a> maigi iespraucas ar\u012b vi\u0146a politisko uzskatu demonstr\u0101cija, kura pirms desmit gadiem notika ar\u012b vi\u0146a iestud\u0113jum\u0101 &#8220;Pak\u013cau\u0161an\u0101s&#8221;. Vi\u0146\u0161 gan nav pirmais kult\u016bras darbinieks, kur\u0161 akt\u012bvi iesaist\u012bjies politik\u0101 \u2013 t\u0101di pirms vi\u0146a biju\u0161i un ar\u012b p\u0113c vi\u0146a b\u016bs v\u0113l daudzi.<\/p>\n<blockquote>\n<p>Piem\u0113ram, ar\u012b Atmodas laik\u0101, kas p\u0113c b\u016bt\u012bbas bija politiski piel\u0101d\u0113ts, lielu lomu sp\u0113l\u0113ja tie\u0161i kult\u016bras darbinieki.<\/p>\n<\/blockquote>\n<p>\u0160ie un neskait\u0101mi daudz citu piem\u0113ru liek dom\u0101t, ka iesp\u0113jams, kult\u016bru un politiku\u00a0nav iesp\u0113jams atraut glu\u017ei vienk\u0101r\u0161i t\u0101p\u0113c, ka gan politiku, gan kult\u016bru veido cilv\u0113ki, savuk\u0101rt cilv\u0113ki ir da\u013ca no sabiedr\u012bbas, bet sabiedr\u012bba p\u0113c b\u016bt\u012bbas ir politiska vien\u012bba. \u0160\u0101dam uzskatam piekr\u012bt Jana Kukaine, kura saka: &#8220;M\u0101kslinieks ir cilv\u0113ks, un k\u0101 cilv\u0113ki m\u0113s esam iek\u013cauti daudz\u0101s un da\u017e\u0101d\u0101s attiec\u012bb\u0101s. Un \u0161\u012bs attiec\u012bbas ir politiskas. Te var pat cit\u0113t feminisma slaveno saukli &#8220;person\u012bgais ir politisks&#8221;, kas ien\u0101k 60. gados un l\u012bdz m\u016bsdien\u0101m jau ir k\u013cuvis par klasiku. Tas labi ilustr\u0113 to, ka pat tas, kas notiek m\u016bsu m\u0101j\u0101s, virtuv\u0113s, vannas istab\u0101s, gu\u013camistab\u0101s un citur, ir politisks.<\/p>\n<blockquote>\n<p>Ar\u012b tur m\u0113s redzam vado\u0161o ideju, varas principu kl\u0101tesam\u012bbu, kas regul\u0113 un ietekm\u0113 m\u016bsu person\u012bgo dz\u012bvi pat \u013coti dzi\u013c\u0101 un int\u012bm\u0101 veid\u0101. Ja m\u0113s \u0161\u0101d\u0101 griezum\u0101 skat\u0101mies, tad m\u0113s visi esam ieausti \u0161aj\u0101s attiec\u012bb\u0101s ar politiku.<\/p>\n<\/blockquote>\n<p>Te var atcer\u0113ties ar\u012b, ko diri\u0123ents Normunds \u0160n\u0113 teica par krievu komponistu m\u016bzikas izpild\u012b\u0161anu \u2013 vi\u0146\u0161 teica, ka visi komponisti ir katrs par sevi, kas ir \u013coti tipisks apolitiskas argument\u0101cijas teikums, kas skat\u0101s uz cilv\u0113kiem k\u0101 uz singul\u0101r\u0101m vien\u012bb\u0101m.<\/p>\n<p><p>Krievu komponistu m\u016bzikas izpild\u012b\u0161ana2min<\/p>\n<\/p>\n<blockquote>\n<p>It k\u0101 m\u0113s visi b\u016btu neatkar\u012bgi atomi. Bet j\u0113dziena &#8220;politika&#8221; pamat\u0101 ir doma par sengrie\u0137u polisi, kas nor\u0101da, ka m\u0113s visi esam kaut k\u0101d\u0101 veid\u0101 kop\u0101.<\/p>\n<\/blockquote>\n<p>M\u0113s esam kopiena, pils\u0113ta, mums ir kop\u012bgas intereses, resursi un m\u0113r\u0137i, uz ko m\u0113s k\u0101 sabiedr\u012bba ejam. Un \u0161aj\u0101 attiec\u012bbu pinum\u0101 par\u0101d\u0101s tas politiskais. Te m\u0113s ar\u012b varam saskat\u012bt m\u0101kslas un kult\u016bras sp\u0113c\u012bgo, politisko potenci\u0101lu, no kura m\u0113s v\u0113l arvien, k\u0101 postpadomju valsts baid\u0101mies, jo mums tas \u0161\u0137iet kaut kas nepietiekami m\u0101ksliniecisks, ja tur ir kaut kas politisks vai soci\u0101ls.<\/p>\n<blockquote>\n<p>Bet p\u0113d\u0113jos gados m\u0113s k\u0101 sabiedr\u012bba jau izaugam no t\u0101m bail\u0113m \u2013 saist\u012bt kult\u016bru ar politiku. M\u0113s arvien lab\u0101k saprotam, ka politika nevis ap\u0161auba m\u0101kslu, bet gan n\u0101k k\u0101 pievienot\u0101 v\u0113rt\u012bba,&#8221; Jana Kukaine saka.<\/p>\n<\/blockquote>\n<p>Daumants Liepi\u0146\u0161 iez\u012bm\u0113 ideju par to, ka br\u012bd\u012b, kad m\u0113s k\u0101 indiv\u012bdi kaut ko dar\u0101m, bie\u017ei vien m\u0113s neapzin\u0101mies, vai tam b\u016bs k\u0101das politiskas sekas. L\u012bdz\u012bgi t\u0101 tas bija ar dzejnieces un aktrises Marijas Lu\u012bzes Me\u013c\u0137es g\u0101jienu, kad vi\u0146a atteic\u0101s no &#8220;Liel\u0101 Kristapa&#8221;, jo taj\u0101 br\u012bd\u012b Latvij\u0101 nebija pie\u0146emts Partnerattiec\u012bbu likums, un tas g\u0101ja pretrun\u0101 ar vi\u0146as atveidoto lomu filma &#8220;Neona pavasaris&#8221;, par kuru aktrisei \u0161\u012b balva tika pie\u0161\u0137irta.\u00a0 Tobr\u012bd aktrisei nebija ne jausmas, ka atteik\u0161an\u0101s no balvas b\u016bs ar politisk\u0101m sek\u0101m \u2013 vi\u0146a k\u0101 m\u0101ksliniece vienk\u0101r\u0161i v\u0113l\u0113j\u0101s rad\u012bt po\u0113tisku darb\u012bbu.<\/p>\n<p>&#8220;M\u0101ksliniekam varb\u016bt tie\u0161\u0101m ien\u0101k pr\u0101t\u0101 doma, ka vi\u0146\u0161\u00a0grib run\u0101t par \u0161o soci\u0101lo probl\u0113mu vai to politisko situ\u0101ciju. Bet m\u0101ksliniekam var ar\u012b neb\u016bt t\u0101ds uzst\u0101d\u012bjums \u2013 vi\u0146\u0161 var vienk\u0101r\u0161i grib\u0113t rad\u012bt m\u0101kslu. Un galu gal\u0101 tas konteksts, apst\u0101k\u013ci, izr\u0101d\u012b\u0161anas veids vai jebk\u0101di citi notikumi, kas saist\u0101s ar m\u0101kslinieku vai vi\u0146a darbu, var padar\u012bt to darbu politisku. Man \u0161\u0137iet, ka tas var b\u016bt \u013coti da\u017e\u0101di, un tas tik un t\u0101 ir atkar\u012bgs no m\u0101kslinieka person\u012bbas,&#8221; Daumants Liepi\u0146\u0161 saka.<\/p>\n<p>Tom\u0113r Jana Kukaine atk\u0101rto \u2013\u00a0m\u0101kslinieks ar\u012b ir da\u013ca no sabiedr\u012bbas. &#8220;Protams, viens nevar zin\u0101t visu \u2013 kaut kas var notikt jau\u0161i, kaut kas var notikt nejau\u0161i. Man jau nav gaidu, ka katrs m\u0101kslinieks skaidri redz\u0113tu savu vietu pasaul\u0113 \u2013 t\u0101 b\u016btu liela nasta, un tas nav m\u0101kslinieka pamatuzdevums,&#8221; saka m\u0101kslas zin\u0101tniece. Daumants Liepi\u0146\u0161 piekr\u012bt, sakot:<\/p>\n<blockquote>\n<p>&#8220;J\u0101, politiskie jaut\u0101jumi dr\u012bz\u0101k ir k\u0101 blakusprodukts. Svar\u012bgi ir to apzin\u0101ties un neizsl\u0113gt \u0101r\u0101. Vai ar\u012b nebaid\u012bties taj\u0101 iesaist\u012bties, ja nu gad\u012bjum\u0101 tas m\u0101kslas darbs k\u013c\u016bst politisks. Vai ar\u012b, ja tu ar savu m\u0101kslas darbu v\u0113lies b\u016bt politisks, tas ir norm\u0101li un interesanti. Tas atkal ir iemesls diskusijai un tas atkal ir atkar\u012bgs no katra individu\u0101li,&#8221; pianists uzskata.<\/p>\n<\/blockquote>\n<p>J\u0101nis Balodis piekr\u012bt \u2013 ir svar\u012bgi apzin\u0101ties, ka kult\u016bra un politika ir savstarp\u0113ji saist\u012btas, turkl\u0101t t\u0101di cilv\u0113ki, kas dom\u0101 vien pa\u0161i par sevi un nek\u0101d\u0101 veid\u0101 neinteres\u0113jas par sabiedrisko labumu vai notikumiem, t\u012bri terminolo\u0123iski ir saucams par idiotu. &#8220;K\u016b\u013ca kungs savuk\u0101rt bija nosaucis savus kol\u0113\u0123us par idiotiem, jo netiek \u0146emts v\u0113r\u0101, ka j\u0101dom\u0101 par liel\u0101ka kopuma interes\u0113m. Tas nav tikai rieb\u012bgs v\u0101rds \u2013 tam ir noz\u012bme taj\u0101 zi\u0146\u0101, ka cilv\u0113kam uz sevi ir j\u0101skat\u0101s k\u0101 uz dal\u012bbnieku kaut k\u0101d\u0101 kopum\u0101,&#8221; dramaturgs saka.<\/p>\n<p>Artis Svece uzskata, ka ir v\u0113rts padom\u0101t par to, ko cilv\u0113ks paties\u012bb\u0101 dom\u0101 taj\u0101 br\u012bd\u012b, kad vi\u0146\u0161 saka \u2013 es esmu apolitisks vai mana m\u0101ksla nav politiska, vai es gribu b\u016bt neatkar\u012bgs no politikas. &#8220;Ja tas tie\u0161\u0101m ir dom\u0101ts t\u0101 burtiski, un man nav nek\u0101da sakara ar politisk\u0101m varas attiec\u012bb\u0101m, tad t\u0101 tie\u0161\u0101m ir mu\u013c\u0137\u012bba, un tad tas ir naivi.<\/p>\n<blockquote>\n<p>Bet bie\u017ei vien cilv\u0113ki ar to grib pateikt, ka vi\u0146iem ir ties\u012bbas dom\u0101t t\u012bri par formu vai ska\u0146u, nevis par nacion\u0101lo identit\u0101ti, audzin\u0101\u0161anu vai citiem jaut\u0101jumiem. Es dom\u0101ju, ka tas gan ir le\u0123it\u012bmi, un t\u0101 nav mu\u013c\u0137\u012bba nek\u0101d\u0101 veid\u0101. Cita lieta ir iedom\u0101ties, ka t\u0101d\u0101 veid\u0101 es kaut k\u0101 esmu \u0101rpus sabiedr\u012bbas un politisk\u0101m attiec\u012bb\u0101m. Tad\u00a0tas ir naivi, j\u0101,&#8221; filozofs saka.<\/p>\n<\/blockquote>\n","protected":false},"excerpt":{"rendered":"Itin bie\u017ei\u00a0n\u0101kas dzird\u0113t\u00a0fr\u0101zi\u00a0&#8220;nejauksim kult\u016bru ar politiku&#8221;. Un arvien bie\u017e\u0101k n\u0101kas dom\u0101t \u2013 vai tas maz ir iesp\u0113jams? Latvijas&hellip;\n","protected":false},"author":2,"featured_media":83117,"comment_status":"","ping_status":"","sticky":false,"template":"","format":"standard","meta":{"footnotes":""},"categories":[5],"tags":[23,28,29,32,33,22,30,31,35,39,38,36,37,34,40,20,26,27,24,25,21],"class_list":{"0":"post-83116","1":"post","2":"type-post","3":"status-publish","4":"format-standard","5":"has-post-thumbnail","7":"category-aktualitates","8":"tag-aktualitates","9":"tag-breaking-news","10":"tag-breakingnews","11":"tag-featured-news","12":"tag-featurednews","13":"tag-headlines","14":"tag-latest-news","15":"tag-latestnews","16":"tag-latvia","17":"tag-latvian","18":"tag-latviesu","19":"tag-latviesu-valoda","20":"tag-latviesuvaloda","21":"tag-latvija","22":"tag-lv","23":"tag-news","24":"tag-popularakas-zinas","25":"tag-popularakaszinas","26":"tag-top-stories","27":"tag-topstories","28":"tag-zinas"},"share_on_mastodon":{"url":"https:\/\/pubeurope.com\/@lv\/115763644124967914","error":""},"_links":{"self":[{"href":"https:\/\/www.europesays.com\/lv\/wp-json\/wp\/v2\/posts\/83116","targetHints":{"allow":["GET"]}}],"collection":[{"href":"https:\/\/www.europesays.com\/lv\/wp-json\/wp\/v2\/posts"}],"about":[{"href":"https:\/\/www.europesays.com\/lv\/wp-json\/wp\/v2\/types\/post"}],"author":[{"embeddable":true,"href":"https:\/\/www.europesays.com\/lv\/wp-json\/wp\/v2\/users\/2"}],"replies":[{"embeddable":true,"href":"https:\/\/www.europesays.com\/lv\/wp-json\/wp\/v2\/comments?post=83116"}],"version-history":[{"count":0,"href":"https:\/\/www.europesays.com\/lv\/wp-json\/wp\/v2\/posts\/83116\/revisions"}],"wp:featuredmedia":[{"embeddable":true,"href":"https:\/\/www.europesays.com\/lv\/wp-json\/wp\/v2\/media\/83117"}],"wp:attachment":[{"href":"https:\/\/www.europesays.com\/lv\/wp-json\/wp\/v2\/media?parent=83116"}],"wp:term":[{"taxonomy":"category","embeddable":true,"href":"https:\/\/www.europesays.com\/lv\/wp-json\/wp\/v2\/categories?post=83116"},{"taxonomy":"post_tag","embeddable":true,"href":"https:\/\/www.europesays.com\/lv\/wp-json\/wp\/v2\/tags?post=83116"}],"curies":[{"name":"wp","href":"https:\/\/api.w.org\/{rel}","templated":true}]}}