{"id":83118,"date":"2025-12-22T14:16:20","date_gmt":"2025-12-22T14:16:20","guid":{"rendered":"https:\/\/www.europesays.com\/lv\/83118\/"},"modified":"2025-12-22T14:16:20","modified_gmt":"2025-12-22T14:16:20","slug":"jana-cimmermana-jubilejas-animacijas-kolekcija-skatama-visa-pasaule","status":"publish","type":"post","link":"https:\/\/www.europesays.com\/lv\/83118\/","title":{"rendered":"J\u0101\u0146a Cimmerma\u0146a jubilejas anim\u0101cijas kolekcija: skat\u0101ma vis\u0101 pasaul\u0113"},"content":{"rendered":"<p class=\"descr\">Ziemassv\u0113tku un Jaungada br\u012bvdien\u0101s Nacion\u0101l\u0101 Kino centra port\u0101ls filmas.lv vis\u0101 pasaul\u0113 pied\u0101v\u0101 le\u013c\u013cu anim\u0101cijas klasi\u0137a J\u0101\u0146a Cimmerma\u0146a jubilejas kolekciju \u2013 20 \u012bsfilmas, kas ietver ar\u012b le\u0123end\u0101r\u0101s \u201eAv\u0101rijas brig\u0101des\u201d piedz\u012bvojumu izlasi,\u00a0 un pilnmetr\u0101\u017eas anim\u0101cijas filmu \u201eLielais Indri\u0137is\u201d (2023).<\/p>\n<p>No 20. decembra l\u012bdz 5. janv\u0101rim sv\u0113tku kolekcija skat\u0101ma visur pasaul\u0113, kur vien pieejams interneta piesl\u0113gums.<\/p>\n<p>  <img decoding=\"async\" style=\"max-width: 600px;\" src=\"https:\/\/www.europesays.com\/lv\/wp-content\/uploads\/2025\/12\/781371_966c33f347.jpg\" alt=\"\"\/> <\/p>\n<p class=\"descr-author\">Re\u017eisors J\u0101nis Cimmermanis. \/ Publicit\u0101tes foto<\/p>\n<blockquote><p>Re\u017eisors J\u0101nis Cimmermanis (1950) \u0161\u0101 gada 9. decembr\u012b svin\u0113ja 75 gadu jubileju, un tas ir lielisks iemesls apkopot vien\u0101 sv\u0113tku izlas\u0113 vi\u0146a darb\u012bbu le\u013c\u013cu <a href=\"https:\/\/nra.lv\/birka\/animacija\/\" rel=\"nofollow noopener\" target=\"_blank\">anim\u0101cij\u0101<\/a> 40 gadu garum\u0101, godinot re\u017eisora ieguld\u012bjumu Latvijas un pasaules anim\u0101cijas kino v\u0113stur\u0113.<\/p><\/blockquote>\n<p>  <img decoding=\"async\" style=\"max-width: 600px;\" src=\"https:\/\/www.europesays.com\/lv\/wp-content\/uploads\/2025\/12\/781368_fb8b8dd721.jpg\" alt=\"\"\/> <\/p>\n<p class=\"descr-author\">&#8220;Me\u017esarga mazd\u0113ls un&#8230;&#8221; (1985). \/ Publicit\u0101tes foto<\/p>\n<p>1985. gad\u0101 diplom\u0113tais le\u013c\u013cu te\u0101tra re\u017eisors Cimmermanis ierad\u0101s R\u012bgas kinostudijas le\u013c\u013cu filmu grup\u0101, un le\u0123end\u0101rais klasi\u0137is Arnolds Burovs \u013c\u0101va jaunajam entuziastam izm\u0113\u0123in\u0101t roku pirmaj\u0101 \u012bsfilm\u0101 &#8211; t\u0101 tapa \u201cMe\u017esarga mazd\u0113ls un\u2026\u201d (1985), sen\u0101k\u0101 filma \u0161aj\u0101 jubilejas kolekcij\u0101.<\/p>\n<p>Jau n\u0101kamaj\u0101 film\u0101 \u201cDz\u012bvais draugs\u201d (1987) re\u017eisors J\u0101nis Cimmermanis satik\u0101s ar m\u0101kslinieku, v\u0113l\u0101k ar\u012b scen\u0101ristu un producentu M\u0101ri Putni\u0146u, un izveidoj\u0101s stabil\u0101kais un ilglaic\u012bg\u0101kais tand\u0113ms Latvijas kino v\u0113stur\u0113 &#8211; vair\u0101k nek\u0101 35 gadus vi\u0146i str\u0101d\u0101ja kop\u0101, 90. gados izveidojot neatkar\u012bgo studiju \u201cAnim\u0101cijas Brig\u0101de\u201d un radot liel\u0101ko da\u013cu no Latvijas le\u013c\u013cu anim\u0101cijas zelta fonda.<\/p>\n<blockquote><p>Studijas \u201cAnim\u0101cijas Brig\u0101de\u201d darb\u012bba ir \u012bpa\u0161a ar\u012b pasaules m\u0113rog\u0101, jo pat \u0161aj\u0101 visp\u0101r\u0113j\u0101s datoriz\u0101cijas laikmet\u0101 jau ilgus gadus neatlaid\u012bgi kopj augstu v\u0113rt\u0113jamo roku darba trad\u012bciju, veidojot un kustinot \u201edz\u012bvas lelles\u201d.<\/p><\/blockquote>\n<p>  <img decoding=\"async\" style=\"max-width: 600px;\" src=\"https:\/\/www.europesays.com\/lv\/wp-content\/uploads\/2025\/12\/781369_37d08d727a.jpg\" alt=\"\"\/> <\/p>\n<p class=\"descr-author\">&#8220;Gulbis&#8221;. \/ Publicit\u0101tes foto<\/p>\n<p>Iesp\u0113jams, popul\u0101r\u0101kais J\u0101\u0146a Cimmerma\u0146a un M\u0101ra Putni\u0146a kop\u012bgais \u201cizgudrojums\u201d ir le\u013c\u013cu \u012bsfilmu seri\u0101ls \u201cAv\u0101rijas brig\u0101de\u201d &#8211; tr\u012bs ener\u0123iski v\u012bri\u0146i, Bembelats, S\u012blinks un Poteriks, dodas pal\u012bg\u0101 ikvienam jebkuros sare\u017e\u0123\u012bjumos, vien\u012bgi rezult\u0101t\u0101 var gad\u012bties sacelt v\u0113l liel\u0101ku jucekli\u2026<\/p>\n<p>  <img decoding=\"async\" style=\"max-width: 600px;\" src=\"https:\/\/www.europesays.com\/lv\/wp-content\/uploads\/2025\/12\/781379_ed50441dc8.jpg\" alt=\"\"\/> <\/p>\n<p class=\"descr-author\">&#8220;Lidosta&#8221;. \/ Publicit\u0101tes foto<\/p>\n<p>\u0160aj\u0101 jubilejas kolekcij\u0101 iek\u013cautas kop\u0101 13 \u201cAv\u0101rijas Brig\u0101des\u201d cikla \u012bsfilmas, un septi\u0146as n\u0101k no pa\u0161iem pirms\u0101kumiem, kad tapa cikla pirm\u0101s filmas \u201cGulbis\u201d (1991) un \u201cPiemineklis\u201d (1991), v\u0113l\u0101k ar\u012b \u201cLidosta\u201d (1992), \u201cZiemassv\u0113tki\u201d (1994), \u201cTorte\u201d (1995), \u201cIesnas\u201d (1996) un \u201cParlaments\u201d (2000).<\/p>\n<p>  <img decoding=\"async\" style=\"max-width: 600px;\" src=\"https:\/\/www.europesays.com\/lv\/wp-content\/uploads\/2025\/12\/781370_6be0e60597.jpg\" alt=\"\"\/> <\/p>\n<p class=\"descr-author\">&#8220;Grie\u0137ijas d\u0101rgumi&#8221;. \/ Publicit\u0101tes foto<\/p>\n<p>\u012apa\u0161s sveiciens diasporas skat\u012bt\u0101jiem ir se\u0161as jaun\u0101k\u0101s cikla \u012bsfilmas, kas atspogu\u013co jaunu pav\u0113rsienu un starptautisku v\u0113rienu gl\u0101b\u0113jkomandas darb\u012bb\u0101 &#8211; kop\u0161 2012. gada \u201cAv\u0101rijas brig\u0101des\u201d v\u012bri dodas uz izsaukumiem da\u017e\u0101d\u0101s Eiropas valst\u012bs &#8211; Sp\u0101nij\u0101 (\u201cKorrida\u201d, 2012), Zviedrij\u0101 (\u201cV\u0101sa\u201d, 2013), It\u0101lij\u0101 (\u201cTornis\u201d, 2015), Francij\u0101 (\u201cPar\u012bzes nosl\u0113pumi\u201d, 2018), Anglij\u0101 (\u201cLondonas br\u012bvdienas\u201d, 2019) un Grie\u0137ij\u0101 (\u201cGrie\u0137ijas d\u0101rgumi\u201d, 2020).<\/p>\n<p>  <img decoding=\"async\" style=\"max-width: 600px;\" src=\"https:\/\/www.europesays.com\/lv\/wp-content\/uploads\/2025\/12\/781372_47fc1eb7d8.jpg\" alt=\"\"\/> <\/p>\n<p class=\"descr-author\">&#8220;Tornis&#8221;. \/ Publicit\u0101tes foto<\/p>\n<p>Studijas \u201cAnim\u0101cijas brig\u0101de\u201d darb\u012bbai visp\u0101r rakstur\u012bga \u012bsfilmu veido\u0161ana atsevi\u0161\u0137os ciklos, kurus vieno galveno varo\u0146u t\u0113li. Pirmais \u0161\u0101ds cikls bija v\u0101cu liter\u0101ta Vilhelma Bu\u0161a iedvesmot\u0101s \u201cResgal\u012bbas\u201d ar pirmo filmu \u201cZiema\u201d (1990).<\/p>\n<p>  <img decoding=\"async\" style=\"max-width: 600px;\" src=\"https:\/\/www.europesays.com\/lv\/wp-content\/uploads\/2025\/12\/781373_a00f4e9868.jpg\" alt=\"\"\/> <\/p>\n<p class=\"descr-author\">&#8220;Degunradzis&#8221;. \/ Publicit\u0101tes foto<\/p>\n<p>Hronolo\u0123iski tre\u0161ais cikls studij\u0101 tika iecer\u0113ts pa\u0161iem maz\u0101kajiem skat\u012bt\u0101jiem jau no tr\u012bs gadu vecuma, seri\u0101la \u201cMunks un Lemijs\u201d t\u0113lus izdom\u0101ja m\u0101kslinieks Pauls Timrots un v\u0113l\u0101k slavenus vis\u0101 pasaul\u0113 padar\u012bja re\u017eisors Nils Skap\u0101ns, bet ar\u012b J\u0101nis Cimmermanis ir veidojis vienu filmu \u0161aj\u0101 cikl\u0101 &#8211; \u201cDegunradzis\u201d (1993).<\/p>\n<p>  <img decoding=\"async\" style=\"max-width: 600px;\" src=\"https:\/\/www.europesays.com\/lv\/wp-content\/uploads\/2025\/12\/781374_b1f3605676.jpg\" alt=\"\"\/> <\/p>\n<p class=\"descr-author\">&#8220;Po\u0113m pa kul\u0161en&#8221;. \/ Publicit\u0101tes foto<\/p>\n<p>Sv\u0113tku un jubilejas izlas\u0113 ietilpst ar\u012b da\u017eas \u201cneatkar\u012bgas\u201d filmas, piem\u0113ram, spilgt\u0101 \u201cPo\u0113m pa kul\u0161en\u201d (2003), kas skan venti\u0146u m\u0113l\u0113 un apg\u0101d\u0101ta ar latvie\u0161u valodas subtitriem, lai skat\u012bt\u0101jiem kr\u0101\u0161\u0146ais dialekts b\u016btu saprotams.<\/p>\n<p>  <img decoding=\"async\" style=\"max-width: 600px;\" src=\"https:\/\/www.europesays.com\/lv\/wp-content\/uploads\/2025\/12\/781375_3cfd5ac84e.jpg\" alt=\"\"\/> <\/p>\n<p class=\"descr-author\">&#8220;Po\u0113m pa kul\u0161en&#8221;. \/ Publicit\u0101tes foto<\/p>\n<p>Filmas pamat\u0101 ir dzejnieka Fri\u010da Dziesmas trimd\u0101 sarakst\u012btais dzejojums, ko vi\u0146\u0161 parakst\u012bja k\u0101 \u0100lant\u2019 Vilis.<\/p>\n<blockquote><p>Skaista sakrit\u012bba, ka film\u0101 \u0161o po\u0113mu ierun\u0101jusi aktrise Velta Skurstene (1930-2022), kurai 19. decembr\u012b aprit\u0113ja 95. jubileja.<\/p><\/blockquote>\n<p>  <img decoding=\"async\" style=\"max-width: 600px;\" src=\"https:\/\/www.europesays.com\/lv\/wp-content\/uploads\/2025\/12\/781377_4138746064.jpg\" alt=\"\"\/> <\/p>\n<p class=\"descr-author\">&#8220;L\u0101cis n\u0101k&#8221;.  \/ Publicit\u0101tes foto<\/p>\n<p>J\u0101\u0146a Cimmerma\u0146a jubilejas izlas\u0113 iek\u013cauta ar\u012b aspr\u0101t\u012bg\u0101 \u012bsfilma \u201cLatvietis\u201d (2007), kur M\u0101ra Putni\u0146a scen\u0101rijs devi\u0146u min\u016b\u0161u laik\u0101 atrakt\u012bvi izst\u0101sta visu Latvijas v\u0113sturi daudzu gadsimtu garum\u0101, un starptautiski ievirz\u012bt\u0101 \u201cL\u0101cis n\u0101k!\u201d (2008), kuras tap\u0161anu iedvesmojis patiess notikums &#8211; Latvijas l\u0101cis ziem\u0101 pa ledu aizmald\u012bjies uz Igaunijas Ro\u0146u salu un sac\u0113lis tur lielus uztraukumus.<\/p>\n<p>  <img decoding=\"async\" style=\"max-width: 600px;\" src=\"https:\/\/www.europesays.com\/lv\/wp-content\/uploads\/2025\/12\/781378_bbf2f76e07.jpg\" alt=\"\"\/> <\/p>\n<p class=\"descr-author\">&#8220;Lielais Indri\u0137is&#8221;. \/ Publicit\u0101tes foto<\/p>\n<p>Sv\u0113tku izlasi papildina pilnmetr\u0101\u017eas anim\u0101cijas filma &#8211; M\u0101ra Putni\u0146a gr\u0101mat\u0101s balst\u012btais \u201cme\u017eon\u012bgo p\u012br\u0101gu\u201d st\u0101sts \u201cLielais Indri\u0137is\u201d (2023), kur visas darbojo\u0161\u0101s personas ir kulin\u0101rijas izstr\u0101d\u0101jumi &#8211; p\u012br\u0101gi, pelme\u0146i, biezpienrau\u0161i, pank\u016bkas un taml\u012bdz\u012bgi.<\/p>\n<blockquote><p>Filmas darb\u012bba notiek k\u0101d\u0101 Latvijai l\u012bdz\u012bg\u0101 zem\u0113 Baltain\u0113, un t\u0101s galvenais varonis ir spe\u0137a p\u012br\u0101gs Indri\u0137is, kur\u0161 vada tautie\u0161us c\u012b\u0146\u0101 pret sve\u0161zemju iebruc\u0113jiem.<\/p><\/blockquote>\n","protected":false},"excerpt":{"rendered":"Ziemassv\u0113tku un Jaungada br\u012bvdien\u0101s Nacion\u0101l\u0101 Kino centra port\u0101ls filmas.lv vis\u0101 pasaul\u0113 pied\u0101v\u0101 le\u013c\u013cu anim\u0101cijas klasi\u0137a J\u0101\u0146a Cimmerma\u0146a jubilejas&hellip;\n","protected":false},"author":2,"featured_media":83119,"comment_status":"","ping_status":"","sticky":false,"template":"","format":"standard","meta":{"footnotes":""},"categories":[19],"tags":[89,90,35,39,38,36,37,34,40],"class_list":{"0":"post-83118","1":"post","2":"type-post","3":"status-publish","4":"format-standard","5":"has-post-thumbnail","7":"category-izklaide","8":"tag-entertainment","9":"tag-izklaide","10":"tag-latvia","11":"tag-latvian","12":"tag-latviesu","13":"tag-latviesu-valoda","14":"tag-latviesuvaloda","15":"tag-latvija","16":"tag-lv"},"share_on_mastodon":{"url":"https:\/\/pubeurope.com\/@lv\/115763648028319649","error":""},"_links":{"self":[{"href":"https:\/\/www.europesays.com\/lv\/wp-json\/wp\/v2\/posts\/83118","targetHints":{"allow":["GET"]}}],"collection":[{"href":"https:\/\/www.europesays.com\/lv\/wp-json\/wp\/v2\/posts"}],"about":[{"href":"https:\/\/www.europesays.com\/lv\/wp-json\/wp\/v2\/types\/post"}],"author":[{"embeddable":true,"href":"https:\/\/www.europesays.com\/lv\/wp-json\/wp\/v2\/users\/2"}],"replies":[{"embeddable":true,"href":"https:\/\/www.europesays.com\/lv\/wp-json\/wp\/v2\/comments?post=83118"}],"version-history":[{"count":0,"href":"https:\/\/www.europesays.com\/lv\/wp-json\/wp\/v2\/posts\/83118\/revisions"}],"wp:featuredmedia":[{"embeddable":true,"href":"https:\/\/www.europesays.com\/lv\/wp-json\/wp\/v2\/media\/83119"}],"wp:attachment":[{"href":"https:\/\/www.europesays.com\/lv\/wp-json\/wp\/v2\/media?parent=83118"}],"wp:term":[{"taxonomy":"category","embeddable":true,"href":"https:\/\/www.europesays.com\/lv\/wp-json\/wp\/v2\/categories?post=83118"},{"taxonomy":"post_tag","embeddable":true,"href":"https:\/\/www.europesays.com\/lv\/wp-json\/wp\/v2\/tags?post=83118"}],"curies":[{"name":"wp","href":"https:\/\/api.w.org\/{rel}","templated":true}]}}