{"id":83143,"date":"2025-12-22T14:32:10","date_gmt":"2025-12-22T14:32:10","guid":{"rendered":"https:\/\/www.europesays.com\/lv\/83143\/"},"modified":"2025-12-22T14:32:10","modified_gmt":"2025-12-22T14:32:10","slug":"satversmes-tiesa-izskatis-tvaika-ielas-atsavinasanu","status":"publish","type":"post","link":"https:\/\/www.europesays.com\/lv\/83143\/","title":{"rendered":"Satversmes tiesa izskat\u012bs Tvaika ielas atsavin\u0101\u0161anu"},"content":{"rendered":"<p class=\"descr\">Pirmdien, 22. decembr\u012b, Satversmes ties\u0101 ierosin\u0101ta lieta par to, vai Satversmes 105. pantam atbilst likums, ar kuru atsavin\u0101ts nekustamais \u012bpa\u0161ums sabiedr\u012bbas vajadz\u012bb\u0101m \u2013 vesel\u012bbas pakalpojumu nodro\u0161in\u0101\u0161anai, v\u0113st\u012bts Satversmes tiesas ofici\u0101laj\u0101 m\u0101jaslap\u0101.<\/p>\n<p>Apstr\u012bd\u0113tais likums noteic nekustam\u0101 \u012bpa\u0161uma <a href=\"https:\/\/nra.lv\/neatkariga\/izpete\/463507-tvaika-ielas-slimnicas-teritorija-iet-vala-mantiska-drama.htm\" data-item-link=\"true\" data-item-id=\"463507\" rel=\"nofollow noopener\" target=\"_blank\">Tvaika iel\u0101 2<\/a>, R\u012bg\u0101 atsavin\u0101\u0161anu vesel\u012bbas apr\u016bpes pakalpojumu nodro\u0161in\u0101\u0161anai.<\/p>\n<p>Pieteikumu iesniegusi komercsabiedr\u012bba, kurai pieder\u0113ja <a href=\"https:\/\/nra.lv\/birka\/nekustamais-ipasums\/\" target=\"_blank\" rel=\"noopener nofollow\">nekustamais \u012bpa\u0161ums<\/a>, kas ar apstr\u012bd\u0113to likumu atsavin\u0101ts sabiedr\u012bbas vajadz\u012bb\u0101m. Pieteikuma iesniedz\u0113ja uzskata, ka likumdev\u0113js nav iev\u0113rojis Satversmes 105. pant\u0101 ietvertos krit\u0113rijus tiesiskai nekustam\u0101 \u012bpa\u0161uma piespiedu atsavin\u0101\u0161anai.<\/p>\n<p>Proti, t\u0101s \u012bpa\u0161uma <a href=\"https:\/\/nra.lv\/birka\/atsavinasana\/\" target=\"_blank\" rel=\"noopener nofollow\">piespiedu atsavin\u0101\u0161ana<\/a> nav veikta sabiedr\u012bbas vajadz\u012bb\u0101m un iz\u0146\u0113muma gad\u012bjum\u0101. Turkl\u0101t pieteikuma iesniedz\u0113jai nav nodro\u0161in\u0101ta taisn\u012bga atl\u012bdz\u012bba par \u012bpa\u0161uma piespiedu atsavin\u0101\u0161anu. L\u012bdz ar to ir aizskartas t\u0101s Satversmes 105. pant\u0101 noteikt\u0101s ties\u012bbas uz \u012bpa\u0161umu.<\/p>\n<p><a href=\"https:\/\/nra.lv\/birka\/satversmes-tiesa\/\" target=\"_blank\" rel=\"noopener nofollow\">Satversmes tiesa<\/a> uzaicin\u0101ja Saeimu l\u012bdz 2026. gada 23. febru\u0101rim iesniegt atbildes rakstu ar lietas faktisko apst\u0101k\u013cu izkl\u0101stu un juridisko pamatojumu. Lietas sagatavo\u0161anas termi\u0146\u0161 ir 2026. gada 22. maijs. Par lietas izskat\u012b\u0161anas procesa veidu un datumu tiesa lemj p\u0113c lietas sagatavo\u0161anas.<\/p>\n<p>\t\t\t\t\t\tinfo<\/p>\n<p>Uzzini pirmais<br \/>kas interesants noticis Latvij\u0101 un pasaul\u0113,<br \/>pievienojoties mums <a href=\"https:\/\/t.me\/neatkariga\" rel=\"nofollow\">Telegram<\/a> vai <a href=\"https:\/\/whatsapp.com\/channel\/0029VaMLFUH5K3zLU5s4wm3y\" rel=\"nofollow noopener\" target=\"_blank\">Whatsapp<\/a> kan\u0101l\u0101<\/p>\n","protected":false},"excerpt":{"rendered":"Pirmdien, 22. decembr\u012b, Satversmes ties\u0101 ierosin\u0101ta lieta par to, vai Satversmes 105. pantam atbilst likums, ar kuru atsavin\u0101ts&hellip;\n","protected":false},"author":2,"featured_media":83144,"comment_status":"","ping_status":"","sticky":false,"template":"","format":"standard","meta":{"footnotes":""},"categories":[12],"tags":[23,28,29,32,33,22,30,31,35,39,38,36,37,34,40,20,26,27,24,25,21],"class_list":{"0":"post-83143","1":"post","2":"type-post","3":"status-publish","4":"format-standard","5":"has-post-thumbnail","7":"category-latvija","8":"tag-aktualitates","9":"tag-breaking-news","10":"tag-breakingnews","11":"tag-featured-news","12":"tag-featurednews","13":"tag-headlines","14":"tag-latest-news","15":"tag-latestnews","16":"tag-latvia","17":"tag-latvian","18":"tag-latviesu","19":"tag-latviesu-valoda","20":"tag-latviesuvaloda","21":"tag-latvija","22":"tag-lv","23":"tag-news","24":"tag-popularakas-zinas","25":"tag-popularakaszinas","26":"tag-top-stories","27":"tag-topstories","28":"tag-zinas"},"share_on_mastodon":{"url":"https:\/\/pubeurope.com\/@lv\/115763710809535122","error":""},"_links":{"self":[{"href":"https:\/\/www.europesays.com\/lv\/wp-json\/wp\/v2\/posts\/83143","targetHints":{"allow":["GET"]}}],"collection":[{"href":"https:\/\/www.europesays.com\/lv\/wp-json\/wp\/v2\/posts"}],"about":[{"href":"https:\/\/www.europesays.com\/lv\/wp-json\/wp\/v2\/types\/post"}],"author":[{"embeddable":true,"href":"https:\/\/www.europesays.com\/lv\/wp-json\/wp\/v2\/users\/2"}],"replies":[{"embeddable":true,"href":"https:\/\/www.europesays.com\/lv\/wp-json\/wp\/v2\/comments?post=83143"}],"version-history":[{"count":0,"href":"https:\/\/www.europesays.com\/lv\/wp-json\/wp\/v2\/posts\/83143\/revisions"}],"wp:featuredmedia":[{"embeddable":true,"href":"https:\/\/www.europesays.com\/lv\/wp-json\/wp\/v2\/media\/83144"}],"wp:attachment":[{"href":"https:\/\/www.europesays.com\/lv\/wp-json\/wp\/v2\/media?parent=83143"}],"wp:term":[{"taxonomy":"category","embeddable":true,"href":"https:\/\/www.europesays.com\/lv\/wp-json\/wp\/v2\/categories?post=83143"},{"taxonomy":"post_tag","embeddable":true,"href":"https:\/\/www.europesays.com\/lv\/wp-json\/wp\/v2\/tags?post=83143"}],"curies":[{"name":"wp","href":"https:\/\/api.w.org\/{rel}","templated":true}]}}