{"id":83146,"date":"2025-12-22T14:34:06","date_gmt":"2025-12-22T14:34:06","guid":{"rendered":"https:\/\/www.europesays.com\/lv\/83146\/"},"modified":"2025-12-22T14:34:06","modified_gmt":"2025-12-22T14:34:06","slug":"lietuviesu-rezisors-roms-zabarausks-man-patik-petit-politiski-sarezgitas-temas-un-meklet-nianses-lsm","status":"publish","type":"post","link":"https:\/\/www.europesays.com\/lv\/83146\/","title":{"rendered":"Lietuvie\u0161u re\u017eisors Roms Zabarausks: Man pat\u012bk p\u0113t\u012bt politiski sare\u017e\u0123\u012btas t\u0113mas un mekl\u0113t nianses &#8211; LSM"},"content":{"rendered":"<ol>\n<li><a href=\"https:\/\/news.google.com\/rss\/articles\/CBMi-gFBVV95cUxOM1YzSThSX1ZEQmJoYjVfVndqMjdTdDdWTlpzVFc0ck1CelpqNGxlRTNBbGRZdUlKeXI1NjZBWFZYOTJXVWNvM0NlWjZMdDRYVmpBRVFUdUlPRktpZTNTcVkzTzFXQzY4bTlkRkp6UlhfMk5DVTBFaDZ1RXVnam9xNUNrVHI3aWRFNjVpNjRNUGh3a1ROVnV4TklQOFNyMU9OLWNvVlk3NGtqNnRfZjNSQXVINTVGbUZKUk44Qllqc0wtT2RKd1FLN2dtbENfMnZ6NzBYY2VyVFpIR0NhQ0N5ODNOTHZZMVNBM0lHQndPb2JOWEhuTnJnR2NR?oc=5\" target=\"_blank\" rel=\"nofollow noopener\">Lietuvie\u0161u re\u017eisors Roms Zabarausks: Man pat\u012bk p\u0113t\u012bt politiski sare\u017e\u0123\u012btas t\u0113mas un mekl\u0113t nianses<\/a>&nbsp;&nbsp;LSM<\/li>\n<li><a href=\"https:\/\/news.google.com\/rss\/articles\/CBMiqwFBVV95cUxPb1JObXAwcmtUaG90YmEyT1daSmJxdUlMdzBPRndGTW5SdEhXYVlsYTZMZVREQ1ZXZFlKdTItQlNhQWRNRnp1RnZHRlMzYVRWaGQ1bFc3WW1BaVF0VUM5c2R0d1FBa2pGMXczOV94YkhXS2VPVXFPWGZudXN5NENCUDQ5eVh0MzZlNHlFd0VOZldRdExISmcydVFrNFliajRYY1prNm0wZ1hMcjg?oc=5\" target=\"_blank\" rel=\"nofollow noopener\">Jau dr\u012bz Latvij\u0101 var\u0113s v\u0113rot jaunu lietuvie\u0161u trilleri &#8220;The Activist&#8221;<\/a>&nbsp;&nbsp;Jauns.lv<\/li>\n<li><a href=\"https:\/\/news.google.com\/rss\/articles\/CBMi8wFBVV95cUxOS1FZTlRwOUc3QUZnd1Q0aG56a3U4X09kaUNMWkU0bFdSbHhjRDRZVFZNZ3FlNFY4U1pzZVZiSnYyVjF1RVpRSUpLcHVSbGdLWlUwSUROcE95NG80TGlmVWo5SGdoREp6M01wSHBFMzVUMl81eHAtVVUzU1AxREF0YjlYT0NTMkl6bXlwazBVcU9Nd0NqWmdKcXM3dVFtZlJHbEU5SDI5aUNwMktUZ0R2WVVuZ1FuWjJhZi16RDdHT0IyaURPRkhXT0dSS2NJS0FGWk9jcWs5T1VEU0pCaFZGa3BhTVlodjBjSC1PMDdmMUU1N3M?oc=5\" target=\"_blank\" rel=\"nofollow noopener\">Lietuvie\u0161u neo-noir trilleris &#8220;The Activist&#8221; non\u0101k &#8220;HBO Max&#8221; Latvij\u0101 ar st\u0101stu par LGBTQ kopienu un atrieb\u012bbu<\/a>&nbsp;&nbsp;Lente.lv<\/li>\n<li><a href=\"https:\/\/news.google.com\/rss\/articles\/CBMiyAFBVV95cUxNbTdIb0JkYVUzTEwtai0wdUU4MWpMY0JJdDE2eTc2b1FhNWhUQWprUlIxN0tBelc0MEMtOHItUlIwWU5EeHoyUnJhVVlrb3ppaTA2WXZ2Zm0wcnprUm13NmhZdDNLTE1aVFhhWTVaSk9ZdC1zWVBHVW9RV0w1QVh4ZGZ5OGhndzJYSWFZb3RmR0NIdEZoNk5MQkJoQk5KcUZPYmVCYXJMbk9GUGhCZDFnVGRpSjVlTE1jY25VOE52a3FNUl9wc2hVbg?oc=5\" target=\"_blank\" rel=\"nofollow noopener\">Jauns lietuvie\u0161u trilleris &#8220;The Activist&#8221; dr\u012bzum\u0101 Latvijas skat\u012bt\u0101ju v\u0113rt\u0113jumam &#8220;HBO Max&#8221;<\/a>&nbsp;&nbsp;Lente.lv<\/li>\n<\/ol>\n","protected":false},"excerpt":{"rendered":"Lietuvie\u0161u re\u017eisors Roms Zabarausks: Man pat\u012bk p\u0113t\u012bt politiski sare\u017e\u0123\u012btas t\u0113mas un mekl\u0113t nianses&nbsp;&nbsp;LSM Jau dr\u012bz Latvij\u0101 var\u0113s v\u0113rot&hellip;\n","protected":false},"author":2,"featured_media":80292,"comment_status":"","ping_status":"","sticky":false,"template":"","format":"standard","meta":{"footnotes":""},"categories":[19],"tags":[89,90,35,39,38,36,37,34,40],"class_list":{"0":"post-83146","1":"post","2":"type-post","3":"status-publish","4":"format-standard","5":"has-post-thumbnail","7":"category-izklaide","8":"tag-entertainment","9":"tag-izklaide","10":"tag-latvia","11":"tag-latvian","12":"tag-latviesu","13":"tag-latviesu-valoda","14":"tag-latviesuvaloda","15":"tag-latvija","16":"tag-lv"},"share_on_mastodon":{"url":"https:\/\/pubeurope.com\/@lv\/115763718733103705","error":""},"_links":{"self":[{"href":"https:\/\/www.europesays.com\/lv\/wp-json\/wp\/v2\/posts\/83146","targetHints":{"allow":["GET"]}}],"collection":[{"href":"https:\/\/www.europesays.com\/lv\/wp-json\/wp\/v2\/posts"}],"about":[{"href":"https:\/\/www.europesays.com\/lv\/wp-json\/wp\/v2\/types\/post"}],"author":[{"embeddable":true,"href":"https:\/\/www.europesays.com\/lv\/wp-json\/wp\/v2\/users\/2"}],"replies":[{"embeddable":true,"href":"https:\/\/www.europesays.com\/lv\/wp-json\/wp\/v2\/comments?post=83146"}],"version-history":[{"count":0,"href":"https:\/\/www.europesays.com\/lv\/wp-json\/wp\/v2\/posts\/83146\/revisions"}],"wp:featuredmedia":[{"embeddable":true,"href":"https:\/\/www.europesays.com\/lv\/wp-json\/wp\/v2\/media\/80292"}],"wp:attachment":[{"href":"https:\/\/www.europesays.com\/lv\/wp-json\/wp\/v2\/media?parent=83146"}],"wp:term":[{"taxonomy":"category","embeddable":true,"href":"https:\/\/www.europesays.com\/lv\/wp-json\/wp\/v2\/categories?post=83146"},{"taxonomy":"post_tag","embeddable":true,"href":"https:\/\/www.europesays.com\/lv\/wp-json\/wp\/v2\/tags?post=83146"}],"curies":[{"name":"wp","href":"https:\/\/api.w.org\/{rel}","templated":true}]}}