{"id":83163,"date":"2025-12-22T14:50:08","date_gmt":"2025-12-22T14:50:08","guid":{"rendered":"https:\/\/www.europesays.com\/lv\/83163\/"},"modified":"2025-12-22T14:50:08","modified_gmt":"2025-12-22T14:50:08","slug":"pec-vien-divu-menesu-darba-aptureta-jauna-taksometru-lietotne-ruut-kas-notika","status":"publish","type":"post","link":"https:\/\/www.europesays.com\/lv\/83163\/","title":{"rendered":"P\u0113c vien divu m\u0113ne\u0161u darba aptur\u0113ta jaun\u0101 taksometru lietotne &#8220;Ruut&#8221;. Kas notika?"},"content":{"rendered":"<p>&#8220;\u0160odien taksometru platforma &#8220;Ruut&#8221; pazi\u0146oja par &#8220;tehnisku&#8221; darb\u012bbas p\u0101rtrauk\u0161anu. Pateic\u0101s klientiem par uztic\u012bbu, nor\u0101d\u012bja uz \u201ctehniskiem iemesliem\u201d \u2013 un punkts,&#8221; soci\u0101lajos t\u012bklos pazi\u0146oja Latvijas vieglo taksometru nozares darba dev\u0113ju organiz\u0101cija (LVTNDDO).<\/p>\n<p>P\u0113c LVTNDDO teikt\u0101, &#8220;projekts, kas v\u0113l pirms da\u017eiem m\u0113ne\u0161iem ska\u013ci ien\u0101ca tirg\u016b ar sol\u012bjumiem par \u201ccilv\u0113c\u012bgu pieeju\u201d un \u201c100% viet\u0113jo kapit\u0101lu\u201d, neiztur\u0113ja konkurenci un sabruka zem savas uz\u0146\u0113m\u0113jdarb\u012bbas lo\u0123ikas&#8221;.<\/p>\n<p>Andra K\u013cavinska, \u201cRuut\u201d dibin\u0101t\u0101ja un vad\u012bt\u0101ja, koment\u0101rs: &#8220;Tehnolo\u0123isku izaicin\u0101jumu d\u0113\u013c \u201cRuut\u201d uz laiku aptur savas platformas darb\u012bbu, lai veiktu b\u016btiskus lietotnes uzlabojumus. \u0160is l\u0113mums ir pie\u0146emts ar skatu n\u0101kotn\u0113 &#8211; un m\u0113r\u0137i uzlabot platformas stabilit\u0101ti, funkcionalit\u0101ti un lieto\u0161anas pieredzi gan partneriem-\u0161oferiem, gan pasa\u017eieriem.<\/p>\n<p>Lai \u0161os uzlabojumus \u012bstenotu kvalitat\u012bvi, ir nepiecie\u0161ams piln\u012bb\u0101 koncentr\u0113ties uz platformas darb\u012bbas izv\u0113rt\u0113\u0161anu un tehnisko risin\u0101jumu pilnveido\u0161anu.<\/p>\n<p>Uzskat\u0101m, ka \u0161\u012b pauze ir atbild\u012bg\u0101kais risin\u0101jums, lai ilgtermi\u0146\u0101 nodro\u0161in\u0101tu kvalitat\u012bvu pakalpojumu.&#8221;<\/p>\n","protected":false},"excerpt":{"rendered":"&#8220;\u0160odien taksometru platforma &#8220;Ruut&#8221; pazi\u0146oja par &#8220;tehnisku&#8221; darb\u012bbas p\u0101rtrauk\u0161anu. Pateic\u0101s klientiem par uztic\u012bbu, nor\u0101d\u012bja uz \u201ctehniskiem iemesliem\u201d \u2013&hellip;\n","protected":false},"author":2,"featured_media":83164,"comment_status":"","ping_status":"","sticky":false,"template":"","format":"standard","meta":{"footnotes":""},"categories":[12],"tags":[23,77,28,29,32,33,22,30,31,35,39,38,36,37,34,40,20,26,27,21034,24,25,21],"class_list":{"0":"post-83163","1":"post","2":"type-post","3":"status-publish","4":"format-standard","5":"has-post-thumbnail","7":"category-latvija","8":"tag-aktualitates","9":"tag-bizness","10":"tag-breaking-news","11":"tag-breakingnews","12":"tag-featured-news","13":"tag-featurednews","14":"tag-headlines","15":"tag-latest-news","16":"tag-latestnews","17":"tag-latvia","18":"tag-latvian","19":"tag-latviesu","20":"tag-latviesu-valoda","21":"tag-latviesuvaloda","22":"tag-latvija","23":"tag-lv","24":"tag-news","25":"tag-popularakas-zinas","26":"tag-popularakaszinas","27":"tag-taksometri","28":"tag-top-stories","29":"tag-topstories","30":"tag-zinas"},"share_on_mastodon":{"url":"https:\/\/pubeurope.com\/@lv\/115763781646055109","error":""},"_links":{"self":[{"href":"https:\/\/www.europesays.com\/lv\/wp-json\/wp\/v2\/posts\/83163","targetHints":{"allow":["GET"]}}],"collection":[{"href":"https:\/\/www.europesays.com\/lv\/wp-json\/wp\/v2\/posts"}],"about":[{"href":"https:\/\/www.europesays.com\/lv\/wp-json\/wp\/v2\/types\/post"}],"author":[{"embeddable":true,"href":"https:\/\/www.europesays.com\/lv\/wp-json\/wp\/v2\/users\/2"}],"replies":[{"embeddable":true,"href":"https:\/\/www.europesays.com\/lv\/wp-json\/wp\/v2\/comments?post=83163"}],"version-history":[{"count":0,"href":"https:\/\/www.europesays.com\/lv\/wp-json\/wp\/v2\/posts\/83163\/revisions"}],"wp:featuredmedia":[{"embeddable":true,"href":"https:\/\/www.europesays.com\/lv\/wp-json\/wp\/v2\/media\/83164"}],"wp:attachment":[{"href":"https:\/\/www.europesays.com\/lv\/wp-json\/wp\/v2\/media?parent=83163"}],"wp:term":[{"taxonomy":"category","embeddable":true,"href":"https:\/\/www.europesays.com\/lv\/wp-json\/wp\/v2\/categories?post=83163"},{"taxonomy":"post_tag","embeddable":true,"href":"https:\/\/www.europesays.com\/lv\/wp-json\/wp\/v2\/tags?post=83163"}],"curies":[{"name":"wp","href":"https:\/\/api.w.org\/{rel}","templated":true}]}}