{"id":83195,"date":"2025-12-22T15:20:07","date_gmt":"2025-12-22T15:20:07","guid":{"rendered":"https:\/\/www.europesays.com\/lv\/83195\/"},"modified":"2025-12-22T15:20:07","modified_gmt":"2025-12-22T15:20:07","slug":"valdiba-apstiprina-teritoriju-un-nekustamo-ipasumu-sarakstu-austrumu-robezas-turpmakai-stiprinasanai-raksts","status":"publish","type":"post","link":"https:\/\/www.europesays.com\/lv\/83195\/","title":{"rendered":"Vald\u012bba apstiprina teritoriju un nekustamo \u012bpa\u0161umu sarakstu austrumu robe\u017eas turpm\u0101kai stiprin\u0101\u0161anai \/ Raksts"},"content":{"rendered":"<p>Vald\u012bba pirmdien konceptu\u0101li apstiprin\u0101ja pretmobilit\u0101tes infrastrukt\u016bras izveides pirm\u0101s k\u0101rtas \u012bsteno\u0161anai nepiecie\u0161am\u0101s teritorijas un ar t\u0101m saist\u012bto nekustamo \u012bpa\u0161umu sarakstu un grafiskos materi\u0101lus. Nekustamo \u012bpa\u0161umu \u012bpa\u0161niekus, kuru \u012bpa\u0161umus atsavin\u0101s, jau \u0161ogad s\u0101ks inform\u0113t individu\u0101li, inform\u0113ja Aizsardz\u012bbas ministrija.<\/p>\n<p>                S\u0101ks inform\u0113t zemes un objektu \u012bpa\u0161niekus<\/p>\n<p>&#8220;Pretmobilit\u0101tes infrastrukt\u016bras izveide virz\u0101s uz priek\u0161u, un tas ir b\u016btisks solis, lai nodro\u0161in\u0101tu m\u016bsu valsts aizsardz\u012bbas sp\u0113ju notur\u012bbu un operat\u012bvu gatav\u012bbu. M\u0113s turpin\u0101sim cie\u0161i sadarboties ar zemes \u012bpa\u0161niekiem, nodro\u0161inot taisn\u012bgu atl\u012bdz\u012bbu un godpr\u0101t\u012bgu attieksmi pret ikvienu. \u0160\u012b ir m\u016bsu valsts kop\u012bg\u0101 dro\u0161\u012bba, un m\u0113s r\u012bkojamies atbild\u012bgi, m\u0113r\u0137tiec\u012bgi un bez kav\u0113\u0161an\u0101s,&#8221; nor\u0101d\u012bjis aizsardz\u012bbas ministrs Andris Spr\u016bds (&#8220;Progres\u012bvie&#8221;).<\/p>\n<p>Vald\u012bba atbalst\u012bja ar\u012b nacion\u0101lo intere\u0161u objekta statusa noteik\u0161anu min\u0113taj\u0101m teritorij\u0101m, k\u0101 ar\u012b servit\u016bta nodibin\u0101\u0161anu uz priv\u0101tperson\u0101m piedero\u0161iem nekustamajiem \u012bpa\u0161umiem vai to da\u013c\u0101m, saska\u0146\u0101 ar Pretmobilit\u0101tes infrastrukt\u016bras izveides likumu.<\/p>\n<blockquote>\n<p>Aizsardz\u012bbas ministrija nepubliskos inform\u0101ciju prec\u012bz\u0101m teritorij\u0101m, jo t\u0101 zustu pretmobilit\u0101tes pas\u0101kumu j\u0113ga,<\/p>\n<\/blockquote>\n<p>iepriek\u0161 skaidroja ministrijas p\u0101rst\u0101ve.<\/p>\n<p>B\u016bs kompens\u0101cijas<\/p>\n<p>Par pretmobilit\u0101tes infrastrukt\u016brai nepiecie\u0161am\u0101s teritorijas atsavin\u0101\u0161anu nekustamo \u012bpa\u0161umu \u012bpa\u0161niekiem b\u016bs taisn\u012bga atl\u012bdz\u012bba. To apr\u0113\u0137in\u0101s taisn\u012bgas atl\u012bdz\u012bbas noteik\u0161anas komisija, piesaistot sertific\u0113tu nekustam\u0101 \u012bpa\u0161uma v\u0113rt\u0113t\u0101ju.<\/p>\n<p>Taisn\u012bga atl\u012bdz\u012bba sast\u0101v no nekustam\u0101 \u012bpa\u0161uma tirgus v\u0113rt\u012bbas un nekustam\u0101 \u012bpa\u0161uma \u012bpa\u0161niekam nodar\u012btajiem zaud\u0113jumiem, pauda Aizsardz\u012bbas ministrija.<\/p>\n<p>KONTEKSTS:<\/p>\n<p>Pretmobilit\u0101tes infrastrukt\u016bras izveides likums paredz \u012bpa\u0161u k\u0101rt\u012bbu Latvijas austrumu robe\u017eas stiprin\u0101\u0161anai. Likums attieksies uz operat\u012bvu pretmobilit\u0101tes pas\u0101kumu \u012bsteno\u0161anu Al\u016bksnes, Aug\u0161daugavas, Balvu, Kr\u0101slavas, Ludzas un Smiltenes novados kopum\u0101 ap 2000 hekt\u0101ru pla\u0161\u0101 teritorij\u0101. No \u0161\u012bs teritorijas aptuveni puse ir valsts un pa\u0161vald\u012bbu \u012bpa\u0161ums.<\/p>\n<p>Priv\u0101tpersonu nekustamos \u012bpa\u0161umus atsavin\u0101s sabiedr\u012bbas vajadz\u012bb\u0101m par taisn\u012bgu atl\u012bdz\u012bbu.<\/p>\n<p>Pretmobilit\u0101tes pas\u0101kumu lok\u0101 min\u0113ta prettanku gr\u0101vju izb\u016bve, \u0161\u0137\u0113r\u0161\u013cu izvieto\u0161ana, in\u017eeniertehnisko materi\u0101lu glab\u0101tuvju ier\u012bko\u0161ana un citi tehniski risin\u0101jumi iesp\u0113jama pretinieka p\u0101rvieto\u0161an\u0101s apgr\u016btin\u0101\u0161anai.<\/p>\n<p>\u00a0<\/p>\n<p>                    Valodas k\u013c\u016bda rakst\u0101?<\/p>\n<p class=\"d-none d-md-block\">Iez\u012bm\u0113jiet tekstu un spiediet Ctrl+Enter, lai nos\u016bt\u012btu labojamo teksta fragmentu redaktoram! Par faktu k\u013c\u016bd\u0101m l\u016bdzam zi\u0146ot e-past\u0101 <a href=\"https:\/\/www.lsm.lv\/cdn-cgi\/l\/email-protection\" class=\"__cf_email__\" data-cfemail=\"e0928584818b83898a81a08c938dce8c96\" rel=\"nofollow noopener\" target=\"_blank\">[email\u00a0protected]<\/a>.<\/p>\n<p class=\"d-md-none\">Iez\u012bm\u0113jiet tekstu un spiediet uz Zi\u0146ot par k\u013c\u016bdu pogas, lai nos\u016bt\u012btu labojamo teksta fragmentu redaktoram!<\/p>\n<p>\n                    Zi\u0146ot par k\u013c\u016bdu\n                <\/p>\n","protected":false},"excerpt":{"rendered":"Vald\u012bba pirmdien konceptu\u0101li apstiprin\u0101ja pretmobilit\u0101tes infrastrukt\u016bras izveides pirm\u0101s k\u0101rtas \u012bsteno\u0161anai nepiecie\u0161am\u0101s teritorijas un ar t\u0101m saist\u012bto nekustamo \u012bpa\u0161umu&hellip;\n","protected":false},"author":2,"featured_media":83196,"comment_status":"","ping_status":"","sticky":false,"template":"","format":"standard","meta":{"footnotes":""},"categories":[12],"tags":[23,28,29,32,33,22,30,31,35,39,38,36,37,34,40,20,26,27,24,25,21],"class_list":{"0":"post-83195","1":"post","2":"type-post","3":"status-publish","4":"format-standard","5":"has-post-thumbnail","7":"category-latvija","8":"tag-aktualitates","9":"tag-breaking-news","10":"tag-breakingnews","11":"tag-featured-news","12":"tag-featurednews","13":"tag-headlines","14":"tag-latest-news","15":"tag-latestnews","16":"tag-latvia","17":"tag-latvian","18":"tag-latviesu","19":"tag-latviesu-valoda","20":"tag-latviesuvaloda","21":"tag-latvija","22":"tag-lv","23":"tag-news","24":"tag-popularakas-zinas","25":"tag-popularakaszinas","26":"tag-top-stories","27":"tag-topstories","28":"tag-zinas"},"share_on_mastodon":{"url":"https:\/\/pubeurope.com\/@lv\/115763899444109381","error":""},"_links":{"self":[{"href":"https:\/\/www.europesays.com\/lv\/wp-json\/wp\/v2\/posts\/83195","targetHints":{"allow":["GET"]}}],"collection":[{"href":"https:\/\/www.europesays.com\/lv\/wp-json\/wp\/v2\/posts"}],"about":[{"href":"https:\/\/www.europesays.com\/lv\/wp-json\/wp\/v2\/types\/post"}],"author":[{"embeddable":true,"href":"https:\/\/www.europesays.com\/lv\/wp-json\/wp\/v2\/users\/2"}],"replies":[{"embeddable":true,"href":"https:\/\/www.europesays.com\/lv\/wp-json\/wp\/v2\/comments?post=83195"}],"version-history":[{"count":0,"href":"https:\/\/www.europesays.com\/lv\/wp-json\/wp\/v2\/posts\/83195\/revisions"}],"wp:featuredmedia":[{"embeddable":true,"href":"https:\/\/www.europesays.com\/lv\/wp-json\/wp\/v2\/media\/83196"}],"wp:attachment":[{"href":"https:\/\/www.europesays.com\/lv\/wp-json\/wp\/v2\/media?parent=83195"}],"wp:term":[{"taxonomy":"category","embeddable":true,"href":"https:\/\/www.europesays.com\/lv\/wp-json\/wp\/v2\/categories?post=83195"},{"taxonomy":"post_tag","embeddable":true,"href":"https:\/\/www.europesays.com\/lv\/wp-json\/wp\/v2\/tags?post=83195"}],"curies":[{"name":"wp","href":"https:\/\/api.w.org\/{rel}","templated":true}]}}